{"id":2011,"date":"2008-12-30T14:24:24","date_gmt":"2008-12-30T20:24:24","guid":{"rendered":"http:\/\/www.lashistorias.com.mx\/?p=2011"},"modified":"2010-03-05T15:59:59","modified_gmt":"2010-03-05T21:59:59","slug":"el-primer-aviso","status":"publish","type":"post","link":"https:\/\/www.lashistorias.com.mx\/index.php\/el-primer-aviso\/","title":{"rendered":"El primer aviso"},"content":{"rendered":"<p>Estoy en el camino de vuelta a casa despu\u00e9s de una encerrona de un par de semanas. Estuve escribiendo.\u00a0Pero el aviso que quiero dar no es \u00e9ste, aunque el texto en el que trabaj\u00e9 &#8211;un nuevo libro&#8211; incluye muchos de los versos <a href=\"https:\/\/www.lashistorias.com.mx\/index.php\/archivo\/este-es-el-verso\/\">propuestos aqu\u00ed<\/a> por lectores, amigos y lectores\/amigos. (Muchas gracias a todos; cuando haya m\u00e1s noticias sobre el proyecto las conocer\u00e1n en este sitio.)<\/p>\n<p>El primer aviso que quiero dar es \u00e9ste: el a\u00f1o pr\u00f3ximo &#8211;avisado y confirmado&#8211; mi primera novela, titulada <em>Los esclavos<\/em>, aparecer\u00e1 publicada por Editorial Almad\u00eda, como se puede leer <a href=\"http:\/\/www.noticias-oax.com.mx\/index.php?option=com_content&amp;task=view&amp;id=17790&amp;Itemid=1\">aqu\u00ed<\/a>. Ya se imaginar\u00e1n la sensaci\u00f3n.<\/p>\n<p>En unas horas o ma\u00f1ana a m\u00e1s tardar, los resultados del concurso de diciembre. Saludos a todos.<\/p>\n","protected":false},"excerpt":{"rendered":"<p>Una breve noticia (o dos), en lo que llegan 2009 y los resultados del concurso de diciembre.<\/p>\n","protected":false},"author":1,"featured_media":0,"comment_status":"open","ping_status":"open","sticky":false,"template":"","format":"standard","meta":{"advanced_seo_description":"","jetpack_seo_html_title":"","jetpack_seo_noindex":false,"jetpack_post_was_ever_published":false,"_jetpack_newsletter_access":"","_jetpack_dont_email_post_to_subs":false,"_jetpack_newsletter_tier_id":0,"_jetpack_memberships_contains_paywalled_content":false,"_jetpack_memberships_contains_paid_content":false,"footnotes":"","jetpack_publicize_message":"","jetpack_publicize_feature_enabled":true,"jetpack_social_post_already_shared":false,"jetpack_social_options":{"image_generator_settings":{"template":"highway","default_image_id":0,"font":"","enabled":false},"version":2}},"categories":[3],"tags":[43,570,8,2855,1055,10,2856],"class_list":["post-2011","post","type-post","status-publish","format-standard","hentry","category-lo-nuevo","tag-almadia","tag-breves","tag-internet","tag-literatura","tag-los-esclavos","tag-novela","tag-publicaciones"],"jetpack_publicize_connections":[],"jetpack_featured_media_url":"","jetpack_shortlink":"https:\/\/wp.me\/pjEhq-wr","jetpack_sharing_enabled":true,"_links":{"self":[{"href":"https:\/\/www.lashistorias.com.mx\/index.php\/wp-json\/wp\/v2\/posts\/2011","targetHints":{"allow":["GET"]}}],"collection":[{"href":"https:\/\/www.lashistorias.com.mx\/index.php\/wp-json\/wp\/v2\/posts"}],"about":[{"href":"https:\/\/www.lashistorias.com.mx\/index.php\/wp-json\/wp\/v2\/types\/post"}],"author":[{"embeddable":true,"href":"https:\/\/www.lashistorias.com.mx\/index.php\/wp-json\/wp\/v2\/users\/1"}],"replies":[{"embeddable":true,"href":"https:\/\/www.lashistorias.com.mx\/index.php\/wp-json\/wp\/v2\/comments?post=2011"}],"version-history":[{"count":5,"href":"https:\/\/www.lashistorias.com.mx\/index.php\/wp-json\/wp\/v2\/posts\/2011\/revisions"}],"predecessor-version":[{"id":5903,"href":"https:\/\/www.lashistorias.com.mx\/index.php\/wp-json\/wp\/v2\/posts\/2011\/revisions\/5903"}],"wp:attachment":[{"href":"https:\/\/www.lashistorias.com.mx\/index.php\/wp-json\/wp\/v2\/media?parent=2011"}],"wp:term":[{"taxonomy":"category","embeddable":true,"href":"https:\/\/www.lashistorias.com.mx\/index.php\/wp-json\/wp\/v2\/categories?post=2011"},{"taxonomy":"post_tag","embeddable":true,"href":"https:\/\/www.lashistorias.com.mx\/index.php\/wp-json\/wp\/v2\/tags?post=2011"}],"curies":[{"name":"wp","href":"https:\/\/api.w.org\/{rel}","templated":true}]}}