{"id":195,"date":"2007-05-15T09:32:13","date_gmt":"2007-05-15T14:32:13","guid":{"rendered":"http:\/\/www.lashistorias.com.mx\/blog\/?p=213"},"modified":"2007-05-15T09:32:13","modified_gmt":"2007-05-15T14:32:13","slug":"homenaje-a-alejandro-cessar-rendon","status":"publish","type":"post","link":"https:\/\/www.lashistorias.com.mx\/index.php\/homenaje-a-alejandro-cessar-rendon\/","title":{"rendered":"Homenaje a Alejandro C\u00e9ssar Rend\u00f3n"},"content":{"rendered":"<p>Contin\u00fao trabajando en <em>Caza de Letras<\/em>, pero vendr\u00e9 aqu\u00ed con un poco m\u00e1s de frecuencia de la prevista. Aprovecho para dejar este mensaje:<\/p>\n<p>El pr\u00f3ximo martes 22 de mayo de 2007, a las 10:00 a.m., se depositar\u00e1 la urna con las cenizas del maestro Alejandro C\u00e9ssar Rend\u00f3n &#8211;quien fue fundador de la Escuela de Escritores de la Sociedad General de Escritores de M\u00e9xico (SOGEM) y maestro de muchas generaciones de autores mexicanos&#8211; en la Agencia Funeraria Gayosso de la calle de Sullivan, en la ciudad de M\u00e9xico.<br \/>\n<!--more-->&nbsp;&nbsp;&nbsp;&nbsp;&nbsp;&nbsp;Ese mismo d\u00eda, a las 19:00 p.m., en el sal\u00f3n donde que sol\u00eda impartir clase el maestro Rend\u00f3n en la Escuela de Escritores (Eleuterio M\u00e9ndez 11, Coyoac\u00e1n), se develar\u00e1 una placa con su nombre.<br \/>\n&nbsp;&nbsp;&nbsp;&nbsp;&nbsp;&nbsp;Acto seguido, en el mismo edificio, se le rendir\u00e1 un homenaje en el Foro Rodolfo Usigli, con la presencia de V\u00edctor Hugo Rasc\u00f3n Banda, Presidente de SOGEM, y de los maestros H\u00e9ctor Anaya, Ram\u00f3n Ob\u00f3n y Eduardo Casar.<br \/>\n&nbsp;&nbsp;&nbsp;&nbsp;&nbsp;&nbsp;Los invito a difundir la presente informaci\u00f3n a todos aquellos alumnos y ex alumnos de la Escuela de Escritores de SOGEM que conozcan. Y si ustedes son tambi\u00e9n alumnos o exalumnos, o conocieron parte de la obra del maestro Rend\u00f3n, los invito a asistir.<\/p>\n","protected":false},"excerpt":{"rendered":"<p>Contin\u00fao trabajando en Caza de Letras, pero vendr\u00e9 aqu\u00ed con un poco m\u00e1s de frecuencia de la prevista. Aprovecho para dejar este mensaje: El pr\u00f3ximo martes 22 de mayo de 2007, a las 10:00 a.m., se depositar\u00e1 la urna con las cenizas del maestro Alejandro C\u00e9ssar Rend\u00f3n &#8211;quien fue fundador de la Escuela de Escritores&#8230;<\/p>\n","protected":false},"author":1,"featured_media":0,"comment_status":"open","ping_status":"open","sticky":false,"template":"","format":"standard","meta":{"advanced_seo_description":"","jetpack_seo_html_title":"","jetpack_seo_noindex":false,"jetpack_post_was_ever_published":false,"_jetpack_newsletter_access":"","_jetpack_dont_email_post_to_subs":false,"_jetpack_newsletter_tier_id":0,"_jetpack_memberships_contains_paywalled_content":false,"_jetpack_memberships_contains_paid_content":false,"footnotes":"","jetpack_publicize_message":"","jetpack_publicize_feature_enabled":true,"jetpack_social_post_already_shared":false,"jetpack_social_options":{"image_generator_settings":{"template":"highway","default_image_id":0,"font":"","enabled":false},"version":2}},"categories":[14],"tags":[2857],"class_list":["post-195","post","type-post","status-publish","format-standard","hentry","category-sin-clasificar","tag-sin-clasificar"],"jetpack_publicize_connections":[],"jetpack_featured_media_url":"","jetpack_shortlink":"https:\/\/wp.me\/pjEhq-39","jetpack_sharing_enabled":true,"_links":{"self":[{"href":"https:\/\/www.lashistorias.com.mx\/index.php\/wp-json\/wp\/v2\/posts\/195","targetHints":{"allow":["GET"]}}],"collection":[{"href":"https:\/\/www.lashistorias.com.mx\/index.php\/wp-json\/wp\/v2\/posts"}],"about":[{"href":"https:\/\/www.lashistorias.com.mx\/index.php\/wp-json\/wp\/v2\/types\/post"}],"author":[{"embeddable":true,"href":"https:\/\/www.lashistorias.com.mx\/index.php\/wp-json\/wp\/v2\/users\/1"}],"replies":[{"embeddable":true,"href":"https:\/\/www.lashistorias.com.mx\/index.php\/wp-json\/wp\/v2\/comments?post=195"}],"version-history":[{"count":0,"href":"https:\/\/www.lashistorias.com.mx\/index.php\/wp-json\/wp\/v2\/posts\/195\/revisions"}],"wp:attachment":[{"href":"https:\/\/www.lashistorias.com.mx\/index.php\/wp-json\/wp\/v2\/media?parent=195"}],"wp:term":[{"taxonomy":"category","embeddable":true,"href":"https:\/\/www.lashistorias.com.mx\/index.php\/wp-json\/wp\/v2\/categories?post=195"},{"taxonomy":"post_tag","embeddable":true,"href":"https:\/\/www.lashistorias.com.mx\/index.php\/wp-json\/wp\/v2\/tags?post=195"}],"curies":[{"name":"wp","href":"https:\/\/api.w.org\/{rel}","templated":true}]}}