{"id":1945,"date":"2008-12-05T10:27:26","date_gmt":"2008-12-05T16:27:26","guid":{"rendered":"http:\/\/www.lashistorias.com.mx\/?p=1945"},"modified":"2010-03-05T15:48:56","modified_gmt":"2010-03-05T21:48:56","slug":"vampiros-en-la-tele","status":"publish","type":"post","link":"https:\/\/www.lashistorias.com.mx\/index.php\/vampiros-en-la-tele\/","title":{"rendered":"Vampiros en la tele"},"content":{"rendered":"<p>El lunes 8, a las 11:00, el programa <em>Nada a Medias<\/em> de <a href=\"http:\/\/www.cadenatres.com.mx\/programacion\">Cadena Tres<\/a> (Canal 28 de M\u00e9xico) se dedicar\u00e1 en parte al mito del vampiro, a prop\u00f3sito de la pel\u00edcula <em>Crep\u00fasculo<\/em> y los libros de Stephanie Meyer. He sido invitado a hablar del asunto y hay tela de donde cortar, como se dec\u00eda antes; si les interesa, ojal\u00e1 se animen a ver el programa.<\/p>\n","protected":false},"excerpt":{"rendered":"<p>Una nueva invitaci\u00f3n: si les interesan el mito del vampiro, las novelas de Stephanie Meyer o la pel\u00edcula <em>Crep\u00fasculo<\/em>, sintonicen Cadena Tres (canal 28) el lunes 8 a las 11:00. M\u00e1s detalles en la nota.<\/p>\n","protected":false},"author":1,"featured_media":0,"comment_status":"open","ping_status":"open","sticky":false,"template":"","format":"standard","meta":{"advanced_seo_description":"","jetpack_seo_html_title":"","jetpack_seo_noindex":false,"jetpack_post_was_ever_published":false,"_jetpack_newsletter_access":"","_jetpack_dont_email_post_to_subs":false,"_jetpack_newsletter_tier_id":0,"_jetpack_memberships_contains_paywalled_content":false,"_jetpack_memberships_contains_paid_content":false,"footnotes":"","jetpack_publicize_message":"","jetpack_publicize_feature_enabled":true,"jetpack_social_post_already_shared":false,"jetpack_social_options":{"image_generator_settings":{"template":"highway","default_image_id":0,"font":"","enabled":false},"version":2}},"categories":[3],"tags":[570,1043,25,2855,1036,1041,1042],"class_list":["post-1945","post","type-post","status-publish","format-standard","hentry","category-lo-nuevo","tag-breves","tag-crepusculo","tag-escritores","tag-literatura","tag-stephanie-meyer","tag-television","tag-vampiros"],"jetpack_publicize_connections":[],"jetpack_featured_media_url":"","jetpack_shortlink":"https:\/\/wp.me\/pjEhq-vn","jetpack_sharing_enabled":true,"_links":{"self":[{"href":"https:\/\/www.lashistorias.com.mx\/index.php\/wp-json\/wp\/v2\/posts\/1945","targetHints":{"allow":["GET"]}}],"collection":[{"href":"https:\/\/www.lashistorias.com.mx\/index.php\/wp-json\/wp\/v2\/posts"}],"about":[{"href":"https:\/\/www.lashistorias.com.mx\/index.php\/wp-json\/wp\/v2\/types\/post"}],"author":[{"embeddable":true,"href":"https:\/\/www.lashistorias.com.mx\/index.php\/wp-json\/wp\/v2\/users\/1"}],"replies":[{"embeddable":true,"href":"https:\/\/www.lashistorias.com.mx\/index.php\/wp-json\/wp\/v2\/comments?post=1945"}],"version-history":[{"count":7,"href":"https:\/\/www.lashistorias.com.mx\/index.php\/wp-json\/wp\/v2\/posts\/1945\/revisions"}],"predecessor-version":[{"id":5740,"href":"https:\/\/www.lashistorias.com.mx\/index.php\/wp-json\/wp\/v2\/posts\/1945\/revisions\/5740"}],"wp:attachment":[{"href":"https:\/\/www.lashistorias.com.mx\/index.php\/wp-json\/wp\/v2\/media?parent=1945"}],"wp:term":[{"taxonomy":"category","embeddable":true,"href":"https:\/\/www.lashistorias.com.mx\/index.php\/wp-json\/wp\/v2\/categories?post=1945"},{"taxonomy":"post_tag","embeddable":true,"href":"https:\/\/www.lashistorias.com.mx\/index.php\/wp-json\/wp\/v2\/tags?post=1945"}],"curies":[{"name":"wp","href":"https:\/\/api.w.org\/{rel}","templated":true}]}}