{"id":1940,"date":"2008-12-03T09:09:14","date_gmt":"2008-12-03T15:09:14","guid":{"rendered":"http:\/\/www.lashistorias.com.mx\/?p=1940"},"modified":"2010-03-05T15:42:52","modified_gmt":"2010-03-05T21:42:52","slug":"cuentos-bajo-el-agua-y-poemas-funerarios","status":"publish","type":"post","link":"https:\/\/www.lashistorias.com.mx\/index.php\/cuentos-bajo-el-agua-y-poemas-funerarios\/","title":{"rendered":"Cuentos bajo el agua y poemas funerarios"},"content":{"rendered":"<p>Por un azar extra\u00f1o, hoy y ma\u00f1ana me toca compartir mesa de presentaci\u00f3n con <a href=\"http:\/\/axxon.com.ar\/rev\/153\/c-153cuento1.htm\">Ricardo Bernal<\/a>. Me alegra que ambos libros, a pesar de ser muy diferentes, tengan que ver con temas que nos interesan y sean de una hechura excelente.<\/p>\n<p>Dejo las invitaciones: hoy a las 19:00 horas, en la sala Adamo Boari del Palacio de Bellas Artes (Ju\u00e1rez y Eje Central, en el Centro Hist\u00f3rico), presentaremos <em>Todo esto sucede bajo el agua<\/em> de Rodolfo J. M., ganador del Premio Nacional de Cuento Joven Julio Torri. Ma\u00f1ana jueves, tambi\u00e9n a las 19:00 horas, estaremos en la Casa del Poeta (\u00c1lvaro Obreg\u00f3n 73, colonia Roma), presentando el poemario <em>Funeraria<\/em> de Carlos Manuel Cruz Meza.<\/p>\n<p>Fuera de una presentaci\u00f3n m\u00e1s, de la que avisar\u00e9 m\u00e1s adelante, \u00e9stas ser\u00e1n las \u00faltimas del a\u00f1o. A ver si nos vemos por all\u00e1.<\/p>\n","protected":false},"excerpt":{"rendered":"<p>Invitaciones a la presentaci\u00f3n del libro de cuentos <em>Todo esto sucede bajo el agua<\/em> de Rodolfo J. M. y a la del libro de poemas <em>Funeraria<\/em> de Carlos Cruz Meza. Hoy mi\u00e9rcoles y ma\u00f1ana jueves. M\u00e1s detalles en el texto de la nota.<\/p>\n","protected":false},"author":1,"featured_media":0,"comment_status":"open","ping_status":"open","sticky":false,"template":"","format":"standard","meta":{"advanced_seo_description":"","jetpack_seo_html_title":"","jetpack_seo_noindex":false,"jetpack_post_was_ever_published":false,"_jetpack_newsletter_access":"","_jetpack_dont_email_post_to_subs":false,"_jetpack_newsletter_tier_id":0,"_jetpack_memberships_contains_paywalled_content":false,"_jetpack_memberships_contains_paid_content":false,"footnotes":"","jetpack_publicize_message":"","jetpack_publicize_feature_enabled":true,"jetpack_social_post_already_shared":false,"jetpack_social_options":{"image_generator_settings":{"template":"highway","default_image_id":0,"font":"","enabled":false},"version":2}},"categories":[3],"tags":[78,570,616,1040,22,2855,440,12,476,765],"class_list":["post-1940","post","type-post","status-publish","format-standard","hentry","category-lo-nuevo","tag-bellas-artes","tag-breves","tag-carlos-manuel-cruz-meza","tag-casa-del-poeta","tag-cuento","tag-literatura","tag-poesia","tag-presentaciones","tag-ricardo-bernal","tag-rodolfo-j-m"],"jetpack_publicize_connections":[],"jetpack_featured_media_url":"","jetpack_shortlink":"https:\/\/wp.me\/pjEhq-vi","jetpack_sharing_enabled":true,"_links":{"self":[{"href":"https:\/\/www.lashistorias.com.mx\/index.php\/wp-json\/wp\/v2\/posts\/1940","targetHints":{"allow":["GET"]}}],"collection":[{"href":"https:\/\/www.lashistorias.com.mx\/index.php\/wp-json\/wp\/v2\/posts"}],"about":[{"href":"https:\/\/www.lashistorias.com.mx\/index.php\/wp-json\/wp\/v2\/types\/post"}],"author":[{"embeddable":true,"href":"https:\/\/www.lashistorias.com.mx\/index.php\/wp-json\/wp\/v2\/users\/1"}],"replies":[{"embeddable":true,"href":"https:\/\/www.lashistorias.com.mx\/index.php\/wp-json\/wp\/v2\/comments?post=1940"}],"version-history":[{"count":3,"href":"https:\/\/www.lashistorias.com.mx\/index.php\/wp-json\/wp\/v2\/posts\/1940\/revisions"}],"predecessor-version":[{"id":5582,"href":"https:\/\/www.lashistorias.com.mx\/index.php\/wp-json\/wp\/v2\/posts\/1940\/revisions\/5582"}],"wp:attachment":[{"href":"https:\/\/www.lashistorias.com.mx\/index.php\/wp-json\/wp\/v2\/media?parent=1940"}],"wp:term":[{"taxonomy":"category","embeddable":true,"href":"https:\/\/www.lashistorias.com.mx\/index.php\/wp-json\/wp\/v2\/categories?post=1940"},{"taxonomy":"post_tag","embeddable":true,"href":"https:\/\/www.lashistorias.com.mx\/index.php\/wp-json\/wp\/v2\/tags?post=1940"}],"curies":[{"name":"wp","href":"https:\/\/api.w.org\/{rel}","templated":true}]}}