{"id":17214,"date":"2025-12-16T21:26:41","date_gmt":"2025-12-17T03:26:41","guid":{"rendered":"https:\/\/www.lashistorias.com.mx\/?p=17214"},"modified":"2025-12-24T10:57:17","modified_gmt":"2025-12-24T16:57:17","slug":"concurso-aniversario-las-historias-resultado-cuentos-ganadores","status":"publish","type":"post","link":"https:\/\/www.lashistorias.com.mx\/index.php\/concurso-aniversario-las-historias-resultado-cuentos-ganadores\/","title":{"rendered":"Resultados del concurso del 20\u00ba aniversario de Las Historias"},"content":{"rendered":"<p>\u00a1Ya est\u00e1n aqu\u00ed el texto ganador y los 10 finalistas del concurso especial de Las Historias!<br \/>\n&nbsp;&nbsp;&nbsp;&nbsp;&nbsp;&nbsp;Para este certamen especial por el 20\u00ba aniversario del sitio, se recibi\u00f3 un total de 143 trabajos. El jurado calificador, integrado por Karen Chacek, Atenea Cruz y Dalina Flores, decidi\u00f3 por unanimidad declarar ganador al cuento <strong><a href=\"https:\/\/www.lashistorias.com.mx\/index.php\/la-rana-cuento-tania-rivera-ganador-concurso-las-historias\/\">\u201cLa rana\u201d de Tania Viridiana Hern\u00e1ndez Rivera<\/a><\/strong>. Las integrantes del jurado destacaron \u00absu agilidad, el juego de sus tiempos, su empleo de la metaficci\u00f3n y su tono ir\u00f3nico. Es un texto bien estructurado que ostenta un fino humor y referencias intertextuales que le dan varias capas de sentido, haci\u00e9ndolo disfrutable y adem\u00e1s complejo, merecedor de varias relecturas. Sus referencias al proceso creativo de su protagonista resultar\u00e1n conmovedoras y cercanas para casi cualquier persona interesada en la escritura. Muchos lectores asiduos de Las Historias, y muchos escritores en general, enfrentan dificultades similares a las de su protagonista. El cuento juega, en fin, con la proyecci\u00f3n y las ilusiones de las personas que tienen, a pesar de todos los obst\u00e1culos, la pasi\u00f3n y el oficio de la escritura.\u00bb<br \/>\n&nbsp;&nbsp;&nbsp;&nbsp;&nbsp;&nbsp;La ganadora recibir\u00e1 como premio un paquete de libros por cortes\u00eda de Ediciones ERA, Editorial Oc\u00e9ano y Loqueleo, m\u00e1s algunos extras.<\/p>\n<p><a ref=\"magnificPopup\" href=\"https:\/\/www.lashistorias.com.mx\/wp-content\/uploads\/2025\/12\/ResConcurso25.jpg\"><img loading=\"lazy\" decoding=\"async\" data-attachment-id=\"17215\" data-permalink=\"https:\/\/www.lashistorias.com.mx\/index.php\/concurso-aniversario-las-historias-resultado-cuentos-ganadores\/resconcurso25\/\" data-orig-file=\"https:\/\/www.lashistorias.com.mx\/wp-content\/uploads\/2025\/12\/ResConcurso25.jpg\" data-orig-size=\"1200,800\" data-comments-opened=\"1\" data-image-meta=\"{&quot;aperture&quot;:&quot;0&quot;,&quot;credit&quot;:&quot;&quot;,&quot;camera&quot;:&quot;&quot;,&quot;caption&quot;:&quot;&quot;,&quot;created_timestamp&quot;:&quot;0&quot;,&quot;copyright&quot;:&quot;&quot;,&quot;focal_length&quot;:&quot;0&quot;,&quot;iso&quot;:&quot;0&quot;,&quot;shutter_speed&quot;:&quot;0&quot;,&quot;title&quot;:&quot;&quot;,&quot;orientation&quot;:&quot;1&quot;}\" data-image-title=\"Resultados del concurso 25 de Las Historias\" data-image-description=\"\" data-image-caption=\"\" data-large-file=\"https:\/\/www.lashistorias.com.mx\/wp-content\/uploads\/2025\/12\/ResConcurso25-1024x683.jpg\" src=\"https:\/\/www.lashistorias.com.mx\/wp-content\/uploads\/2025\/12\/ResConcurso25.jpg\" alt=\"\" width=\"1200\" height=\"800\" class=\"aligncenter size-full wp-image-17215\" srcset=\"https:\/\/www.lashistorias.com.mx\/wp-content\/uploads\/2025\/12\/ResConcurso25.jpg 1200w, https:\/\/www.lashistorias.com.mx\/wp-content\/uploads\/2025\/12\/ResConcurso25-300x200.jpg 300w, https:\/\/www.lashistorias.com.mx\/wp-content\/uploads\/2025\/12\/ResConcurso25-1024x683.jpg 1024w, https:\/\/www.lashistorias.com.mx\/wp-content\/uploads\/2025\/12\/ResConcurso25-600x400.jpg 600w, https:\/\/www.lashistorias.com.mx\/wp-content\/uploads\/2025\/12\/ResConcurso25-800x533.jpg 800w\" sizes=\"auto, (max-width: 1200px) 100vw, 1200px\" \/><\/a><\/p>\n<p>El jurado dio tambi\u00e9n una menci\u00f3n especial a <strong><a href=\"https:\/\/www.lashistorias.com.mx\/index.php\/el-combate-del-siglo-cuento-victor-hugo-patino\/\">\u201cEl combate del siglo\u201d de V\u00edctor Hugo Pati\u00f1o Gir\u00f3n<\/a><\/strong>, \u00abque destaca\u00bb, seg\u00fan dijeron, \u00abpor capturar la ingenuidad y la imaginaci\u00f3n que le dan vida a lo que no la tiene en el juego infantil. Al hacerlo, el cuento crea una met\u00e1fora interesante que se aplica a muchos otros aspectos de la existencia humana. Aunque la imagen m\u00e1s inmediata es la del fin de la infancia, el cuento habla tambi\u00e9n de los cierres, las despedidas, los cambios inevitables. La met\u00e1fora da un sentido muy amplio a la interpretaci\u00f3n y trata al mismo tiempo la tristeza del cambio y su inevitabilidad.\u00bb<br \/>\n&nbsp;&nbsp;&nbsp;&nbsp;&nbsp;&nbsp;Los otros cuentos finalistas fueron:<\/p>\n<ul>\n<li><strong><a href=\"https:\/\/www.lashistorias.com.mx\/index.php\/el-bosque-cuento-jorge-cavazos-caballo-negro\/\">\u00abEl bosque\u00bb<\/a><\/strong> de Jorge Cavazos<\/li>\n<li><a href=\"https:\/\/www.lashistorias.com.mx\/index.php\/oyente-cuento-maria-gorodentseva\/\"><strong>\u00abEl Oyente\u00bb<\/strong><\/a> de Maria Gorodentseva<\/li>\n<li><strong><a href=\"https:\/\/www.lashistorias.com.mx\/index.php\/alivio-rafael-sanchez-cuento\/\">\u00abAlivio\u00bb<\/a><\/strong> de Rafael S\u00e1nchez<\/li>\n<li><strong><a href=\"https:\/\/www.lashistorias.com.mx\/index.php\/llama-una-vela-cuento-guillermo-ramirez-garcia\/\">\u00abLa llama de una vela\u00bb<\/a><\/strong> de Guillermo Ram\u00edrez Garc\u00eda<\/li>\n<li><strong><a href=\"https:\/\/www.lashistorias.com.mx\/index.php\/madejas-tinta-flavia-carreon-cuento\/\">\u00abMadejas de tinta\u00bb<\/a><\/strong> de Flavia Carre\u00f3n<\/li>\n<li><strong><a href=\"https:\/\/www.lashistorias.com.mx\/index.php\/visitantes-cuento-maria-elena-ventura\/\">\u00abLos visitantes\u00bb<\/a><\/strong> de Mar\u00eda Elena Ventura<\/li>\n<li><strong><a href=\"https:\/\/www.lashistorias.com.mx\/index.php\/dos-asesinos-ricardo-garcia-mendoza-cuento\/\">\u00abDos asesinos\u00bb<\/a><\/strong> de Ricardo Garc\u00eda Mendoza<\/li>\n<li><strong><a href=\"https:\/\/www.lashistorias.com.mx\/index.php\/familia-letras-cuento-paola-tena\/\">\u00abFamilia de letras\u00bb<\/a><\/strong> de Paola Tena<\/li>\n<li><strong><a href=\"https:\/\/www.lashistorias.com.mx\/index.php\/ser-y-cuento-enrique-angel-gonzalez-cuevas\/\">\u00abSer y cuento\u00bb<\/a><\/strong> de Enrique \u00c1ngel Gonz\u00e1lez Cuevas<\/li>\n<\/ul>\n<p>&nbsp;&nbsp;&nbsp;&nbsp;&nbsp;&nbsp;Todos los cuentos est\u00e1n ya publicados en el sitio y pueden leerse siguiendo los enlaces de arriba.<br \/>\n&nbsp;&nbsp;&nbsp;&nbsp;&nbsp;&nbsp;Muchas felicidades a las autoras y autores seleccionados; muchas gracias a quienes participaron, a nuestro jurado y nuestros patrocinadores, y \u00a1muchas felicidades a todo el mundo!<\/p>\n","protected":false},"excerpt":{"rendered":"<p>Aqu\u00ed est\u00e1n el cuento ganador y los 10 finalistas de nuestro concurso para 2025.<\/p>\n","protected":false},"author":1,"featured_media":17215,"comment_status":"open","ping_status":"open","sticky":false,"template":"","format":"standard","meta":{"advanced_seo_description":"","jetpack_seo_html_title":"","jetpack_seo_noindex":false,"jetpack_post_was_ever_published":false,"_jetpack_newsletter_access":"","_jetpack_dont_email_post_to_subs":false,"_jetpack_newsletter_tier_id":0,"_jetpack_memberships_contains_paywalled_content":false,"_jetpack_memberships_contains_paid_content":false,"footnotes":"","jetpack_publicize_message":"Resultados del concurso del 20\u00ba aniversario de Las Historias","jetpack_publicize_feature_enabled":true,"jetpack_social_post_already_shared":true,"jetpack_social_options":{"image_generator_settings":{"template":"highway","default_image_id":0,"font":"","enabled":false},"version":2}},"categories":[1520],"tags":[3476,3437,3509,22,3510,1643,3513,2043,2855,3214,3511,3512],"class_list":["post-17214","post","type-post","status-publish","format-standard","has-post-thumbnail","hentry","category-cuaderno","tag-20-aniversario-de-las-historias","tag-atenea-cruz","tag-concurso-de-aniversario-de-las-historias","tag-cuento","tag-dalina-flores","tag-ediciones-era","tag-editorial-oceano","tag-karen-chacek","tag-literatura","tag-loqueleo","tag-tania-viridiana-hernandez-rivera","tag-victor-hugo-patino-giron"],"jetpack_publicize_connections":[],"jetpack_featured_media_url":"https:\/\/www.lashistorias.com.mx\/wp-content\/uploads\/2025\/12\/ResConcurso25.jpg","jetpack_shortlink":"https:\/\/wp.me\/pjEhq-4tE","jetpack_sharing_enabled":true,"_links":{"self":[{"href":"https:\/\/www.lashistorias.com.mx\/index.php\/wp-json\/wp\/v2\/posts\/17214","targetHints":{"allow":["GET"]}}],"collection":[{"href":"https:\/\/www.lashistorias.com.mx\/index.php\/wp-json\/wp\/v2\/posts"}],"about":[{"href":"https:\/\/www.lashistorias.com.mx\/index.php\/wp-json\/wp\/v2\/types\/post"}],"author":[{"embeddable":true,"href":"https:\/\/www.lashistorias.com.mx\/index.php\/wp-json\/wp\/v2\/users\/1"}],"replies":[{"embeddable":true,"href":"https:\/\/www.lashistorias.com.mx\/index.php\/wp-json\/wp\/v2\/comments?post=17214"}],"version-history":[{"count":10,"href":"https:\/\/www.lashistorias.com.mx\/index.php\/wp-json\/wp\/v2\/posts\/17214\/revisions"}],"predecessor-version":[{"id":17277,"href":"https:\/\/www.lashistorias.com.mx\/index.php\/wp-json\/wp\/v2\/posts\/17214\/revisions\/17277"}],"wp:featuredmedia":[{"embeddable":true,"href":"https:\/\/www.lashistorias.com.mx\/index.php\/wp-json\/wp\/v2\/media\/17215"}],"wp:attachment":[{"href":"https:\/\/www.lashistorias.com.mx\/index.php\/wp-json\/wp\/v2\/media?parent=17214"}],"wp:term":[{"taxonomy":"category","embeddable":true,"href":"https:\/\/www.lashistorias.com.mx\/index.php\/wp-json\/wp\/v2\/categories?post=17214"},{"taxonomy":"post_tag","embeddable":true,"href":"https:\/\/www.lashistorias.com.mx\/index.php\/wp-json\/wp\/v2\/tags?post=17214"}],"curies":[{"name":"wp","href":"https:\/\/api.w.org\/{rel}","templated":true}]}}