{"id":16900,"date":"2025-08-21T22:55:51","date_gmt":"2025-08-22T04:55:51","guid":{"rendered":"https:\/\/www.lashistorias.com.mx\/?p=16900"},"modified":"2025-08-21T23:00:58","modified_gmt":"2025-08-22T05:00:58","slug":"dumbo-annie-saumont-cuento","status":"publish","type":"post","link":"https:\/\/www.lashistorias.com.mx\/index.php\/dumbo-annie-saumont-cuento\/","title":{"rendered":"Dumbo"},"content":{"rendered":"<p>Este es un cuento de <a href=\"https:\/\/en.wikipedia.org\/wiki\/Annie_Saumont\">Annie Saumont<\/a> (1927-2017), una de las maestras de la especialidad en Francia y, en palabras de <a href=\"https:\/\/www.milenio.com\/cultura\/annie-saumont-la-gran-artifice-de-la-nouvelle\">Enrique Serna<\/a>, \u201cLa m\u00e1s grande escritora de cuento corto no solo de Francia sino del mundo entero\u201d. Traductora adem\u00e1s de narradora, se le consider\u00f3 especialmente una maestra de la <em>nouvelle<\/em>, esa especie de g\u00e9nero h\u00edbrido entre el cuento y la novela tradicionales (la traducci\u00f3n m\u00e1s cercana en castellano ser\u00eda \u201cnovela corta\u201d). Gan\u00f3 el premio Goncourt por una colecci\u00f3n de sus <em>nouvelles<\/em> (<em>Quelquefois dans les c\u00e9r\u00e9monies<\/em>, 1981) y los premios de cuento SGDL 1989 y Renaissance 1993.<br \/>\n&nbsp;&nbsp;&nbsp;&nbsp;&nbsp;&nbsp;\u201cDumbo\u201d (que por supuesto no tiene nada que ver con el personaje de Disney) es una historia simple y a la vez tremenda acerca de migraci\u00f3n y racismo, contada desde el punto de vista de un ni\u00f1o. El texto en castellano busca sugerir los modos de hablar de \u00e9ste y de su v\u00edctima.<br \/>\n&nbsp;&nbsp;&nbsp;&nbsp;&nbsp;&nbsp; Tengo pendiente el cr\u00e9dito de la traducci\u00f3n. Una nota sobre el texto: LED son las siglas en franc\u00e9s del Liceo de Ense\u00f1anza Profesional. Se trata de centros educativos de nivel preparatoria que ofrecen una formaci\u00f3n r\u00e1pida para oficios manuales. Gracias por la transcripci\u00f3n a Mar\u00eda Luisa Gallegos.<\/p>\n<figure id=\"attachment_16901\" aria-describedby=\"caption-attachment-16901\" style=\"width: 1440px\" class=\"wp-caption aligncenter\"><a ref=\"magnificPopup\" href=\"https:\/\/www.lashistorias.com.mx\/wp-content\/uploads\/2025\/08\/Saumont.avif\"><img loading=\"lazy\" decoding=\"async\" data-attachment-id=\"16901\" data-permalink=\"https:\/\/www.lashistorias.com.mx\/index.php\/dumbo-annie-saumont-cuento\/saumont\/\" data-orig-file=\"https:\/\/www.lashistorias.com.mx\/wp-content\/uploads\/2025\/08\/Saumont.avif\" data-orig-size=\"1440,960\" data-comments-opened=\"1\" data-image-meta=\"{&quot;aperture&quot;:&quot;0&quot;,&quot;credit&quot;:&quot;&quot;,&quot;camera&quot;:&quot;&quot;,&quot;caption&quot;:&quot;&quot;,&quot;created_timestamp&quot;:&quot;0&quot;,&quot;copyright&quot;:&quot;&quot;,&quot;focal_length&quot;:&quot;0&quot;,&quot;iso&quot;:&quot;0&quot;,&quot;shutter_speed&quot;:&quot;0&quot;,&quot;title&quot;:&quot;&quot;,&quot;orientation&quot;:&quot;0&quot;}\" data-image-title=\"Annie Saumont\" data-image-description=\"\" data-image-caption=\"&lt;p&gt;Annie Saumont (&lt;a href=&quot;https:\/\/www.lemonde.fr\/disparitions\/article\/2017\/01\/31\/mort-de-l-ecrivaine-annie-saumont_5072348_3382.html&quot;&gt;fuente&lt;\/a&gt;)&lt;\/p&gt;\n\" data-large-file=\"https:\/\/www.lashistorias.com.mx\/wp-content\/uploads\/2025\/08\/Saumont.avif\" src=\"https:\/\/www.lashistorias.com.mx\/wp-content\/uploads\/2025\/08\/Saumont.avif\" alt=\"Annie Saumont\" width=\"1440\" height=\"960\" class=\"size-full wp-image-16901\" \/><\/a><figcaption id=\"caption-attachment-16901\" class=\"wp-caption-text\">Annie Saumont (<a href=\"https:\/\/www.lemonde.fr\/disparitions\/article\/2017\/01\/31\/mort-de-l-ecrivaine-annie-saumont_5072348_3382.html\">fuente<\/a>)<\/figcaption><\/figure>\n<p><strong>DUMBO<br \/>\nAnnie Saumont<\/strong><br \/>\nHac\u00eda como mil a\u00f1os que ya ni me acordaba d\u2019el. Y tuvo \u2013qu\u00e9 mala pata\u2013 que venirme su recuerdo a la cabeza justo cuando estaba presentando mi examen escrito para sacar el certificado. De repostero. Franc\u00e9s y matem\u00e1ticas, si no ten\u00edas el promedio, te eliminaban. Los profesores del LED1 s\u2019imaginaban que la iba a hacer sin broncas.<br \/>\n&nbsp;&nbsp;&nbsp;&nbsp;&nbsp;&nbsp; S\u00f3lo que en el sal\u00f3n de ex\u00e1menes el que nos cuidaba que hast\u2019eso era buena onda me dijo as\u00ed como sin querer la cosa, No pongas esa cara de tortura.<br \/>\n&nbsp;&nbsp;&nbsp;&nbsp;&nbsp;&nbsp;Entonces, \u00a1chin!, que me acuerdo.<br \/>\n&nbsp;&nbsp;&nbsp;&nbsp;&nbsp;&nbsp; Tuve un chorro de faltas de ortograf\u00eda y tron\u00e9 aritm\u00e9tica.<br \/>\n&nbsp;&nbsp;&nbsp;&nbsp;&nbsp;&nbsp;As\u00ed que \u2018ora me dedico a almacenar mercanc\u00eda. Y adem\u00e1s con contrato eventual, como le dicen.<br \/>\n&nbsp;&nbsp;&nbsp;&nbsp;&nbsp;&nbsp;En vez de ser aprendiz de repostero. De amasar pastas batir huevos a punto de turr\u00f3n espesar cremas. Acomodarles adornos de az\u00facar rosa a los pasteles.<br \/>\n&nbsp;&nbsp;&nbsp;&nbsp;&nbsp;&nbsp;Por la palabra.<br \/>\n&nbsp;&nbsp;&nbsp;&nbsp;&nbsp;&nbsp;Y por \u00e9l. Dumbo.<br \/>\n&nbsp;&nbsp;&nbsp;&nbsp;&nbsp;&nbsp;Aunque bueno, no es culpa suya. Aquello sucedi\u00f3 cuando \u00e9ramos chicos. Un d\u00eda que la escuela estaba cerrada. El d\u00eda de la huelga de los maestros y los profes. Me hab\u00eda reunido en el estacionamiento con mis cuates de la unidad. Juntos siempre nos la pas\u00e1bamos bien. Y Dumbo siempre nos andaba siguiendo, quer\u00eda ser parte de la banda. El ven\u00eda del B4, un lugar donde viv\u00eda gente con la que casi no nos junt\u00e1bamos.<br \/>\n&nbsp;&nbsp;&nbsp;&nbsp;&nbsp;&nbsp;Nuestras mam\u00e1s hab\u00edan dicho, Jueguen a juegos tranquilos. Siempre dec\u00edan eso. O tan s\u00f3lo: Est\u00e9nse en paz. Sin muchas esperanzas de que les hici\u00e9ramos caso.<br \/>\n&nbsp;&nbsp;&nbsp;&nbsp;&nbsp;&nbsp;Aquel d\u00eda tambi\u00e9n estaba una ni\u00f1a que nom\u00e1s no se nos quitaba de encima. Por eso como que yo y mis cuates ya no sab\u00edamos muy bien en qu\u00e9 rolarla. A ella nos hubiera gustado apantallarla<br \/>\n&nbsp;&nbsp;&nbsp;&nbsp;&nbsp;&nbsp;Y al mismo tiempo nos intimidaba. As\u00ed que tom\u00f3 el mando. Hicimos lo que dijo. Qu\u00e9 \u00edbamos a jugar a encontrar palabras. Y empez\u00f3 con el mochil\u00f3n. Una babosada. La t\u00edpica babosada de ni\u00f1as.<br \/>\n&nbsp;&nbsp;&nbsp;&nbsp;&nbsp;&nbsp;<em>Mire mire don Sim\u00f3n<\/em><br \/>\n&nbsp;&nbsp;&nbsp;&nbsp;&nbsp;&nbsp;<em>\u00bfQu\u00e9 meto en mi mochil\u00f3n?<\/em><br \/>\n&nbsp;&nbsp;&nbsp;&nbsp;&nbsp;&nbsp;El chiste del juego es que r\u00e1pido y por turnos cada quien debe encontrar palabras que terminen en \u00f3n.<br \/>\n&nbsp;&nbsp;&nbsp;&nbsp;&nbsp;&nbsp;Un mel\u00f3n con jab\u00f3n el bot\u00f3n un tac\u00f3n un rat\u00f3n el polvor\u00f3n<br \/>\n&nbsp;&nbsp;&nbsp;&nbsp;&nbsp;&nbsp;    A Dumbo tuvimos que explicarle lo que era un mochil\u00f3n. Aunque en su tierra que es \u00c4frica dicen que hay millones de bolsas costales mochilas. Pero Dumbo no entend\u00eda lo que dec\u00edamos m\u00e1s que a medias porque en su casa su mam\u00e1 hablaba con sus palabras de all\u00e1.<br \/>\n&nbsp;&nbsp;&nbsp;&nbsp;&nbsp;&nbsp;    La primera vez s\u00ed le sali\u00f3. Dumbo dijo, Un bomb\u00f3n. D\u00e1ndose \u00ednfulas, muy orgulloso de que hab\u00eda agarrado la onda.<br \/>\n&nbsp;&nbsp;&nbsp;&nbsp;&nbsp;&nbsp;    La segunda vez empez\u00f3 a necear. Un bal\u00f3n de acuerdo, pero un avi\u00f3n. Dec\u00eda que no iba a caber. Un avi\u00f3n. En un mochil\u00f3n. Y tampoco un cami\u00f3n, ni un vag\u00f3n. En serio.<br \/>\n&nbsp;&nbsp;&nbsp;&nbsp;&nbsp;&nbsp;La ni\u00f1a se desesperaba, Oye \u00bfqu&#8217;est\u00e1s tarado o qu\u00e9? La palabra es lo \u00fanico que se le mete.<br \/>\n&nbsp;&nbsp;&nbsp;&nbsp;&nbsp;&nbsp;Luego segu\u00eda<br \/>\n&nbsp;&nbsp;&nbsp;&nbsp;&nbsp;&nbsp;<em>Diga diga don Ferm\u00edn<\/em><br \/>\n&nbsp;&nbsp;&nbsp;&nbsp;&nbsp;&nbsp;<em>\u00bfCon qu\u00e9 llen\u00f3 el petaqu\u00edn?<\/em><br \/>\n&nbsp;&nbsp;&nbsp;&nbsp;&nbsp;&nbsp;Un pat\u00edn tu balanc\u00edn, aunque no quepa, Dumbo. El coj\u00edn con aserr\u00edn. El un tu mi (palabras en \u00edn). Dumbo nos machacaba con sus eso qu\u00e9 \u00e8 eso qu\u00e9 \u00e8. Ta no le contest\u00e1bamos. Y luego uno dijo mi pajar\u00edn. Pa`echar relajo.<br \/>\n&nbsp;&nbsp;&nbsp;&nbsp;&nbsp;&nbsp;<em>Y luego as\u00ed<\/em><br \/>\n&nbsp;&nbsp;&nbsp;&nbsp;&nbsp;&nbsp;<em>Oiga oiga do\u00f1a Pura<\/em><br \/>\n&nbsp;&nbsp;&nbsp;&nbsp;&nbsp;&nbsp;<em>\u00bfQu\u00e9 tap\u00f3 con la envoltura?<\/em><br \/>\n&nbsp;&nbsp;&nbsp;&nbsp;&nbsp;&nbsp;La fritura la locura la gordura mi hermosura una costura qu\u00e9 revoltura<br \/>\n&nbsp;&nbsp;&nbsp;&nbsp;&nbsp;&nbsp;El Dumbo segu\u00eda haci\u00e9ndonos enojar con sus eso qu\u00e9 e&#8217;.<br \/>\n&nbsp;&nbsp;&nbsp;&nbsp;&nbsp;&nbsp;Dec\u00edamos, aguas Dumbo, no es cens\u00faa. La censura.<br \/>\n&nbsp;&nbsp;&nbsp;&nbsp;&nbsp;&nbsp;    La figura la cerradura la escritura una criatura la tortura. Dec\u00edamos, Dumbo aguas, no la tot\u00faa. La tortura.<br \/>\n&nbsp;&nbsp;&nbsp;&nbsp;&nbsp;&nbsp;    Dumbo se burl\u00f3. Dijo, Eso yo s\u00ed s\u00e9 qu\u00e9 e\u2019. Dijo all\u00e1 en su tierra donde hab\u00eda guerra todo el tiempo, cuando todav\u00eda era casi un beb\u00e9 la prima que lo cuidaba mientras su mam\u00e1 de \u00e9l se hab\u00eda ido muy lejos para tratar de ver a su pap\u00e1 qu\u00e9 estaba en la c\u00e1rcel le hab\u00eda dicho un d\u00eda que su pap\u00e1 ya no iba a regresar. Que se hab\u00eda muerto de tortura.<br \/>\n&nbsp;&nbsp;&nbsp;&nbsp;&nbsp;&nbsp;    O\u00edmos su palabrer\u00edo. Luego dijimos, Ya p\u00e1rale \u00bfno? El Dumbo andaba presumiendo y eso nos hartaba. Gritamos, pues mi pap\u00e1. Inventamos. Pues mi pap\u00e1 se rompi\u00f3 una pierna persiguiendo a unos vagos pues a mi pap\u00e1 por poquito lo atropellan por ayudar a una viejita a cruzar la calle pues a mi pap\u00e1 le dio gripe por salvar un gato que se hab\u00eda ca\u00eddo al agua. Y Dumbo siempre replicaba, S\u00ed pero. Es que no es lo mismo. Es que no es como mi pap\u00e1 que.<br \/>\n&nbsp;&nbsp;&nbsp;&nbsp;&nbsp;&nbsp;    Al final ya est\u00e1bamos hasta el gorro. Dijimos, Burundanga ya no est\u00e9s fregando. T\u00fa y tu jodida tortura.<br \/>\n&nbsp;&nbsp;&nbsp;&nbsp;&nbsp;&nbsp;    Y luego uno que dice, En primera si alguien te tort\u00faa eso no prueba que eres valiente. Porque no lo puedes evitar.<br \/>\n&nbsp;&nbsp;&nbsp;&nbsp;&nbsp;&nbsp;    El Dumbo protest\u00f3. Su pap\u00e1 lo habr\u00eda podido evitar. Precisamente si no hubiera sido tan valiente. Todos los trancazos que le daban eran para hacerlo hablar.<br \/>\n&nbsp;&nbsp;&nbsp;&nbsp;&nbsp;&nbsp;    Y no hab\u00eda hablado.<br \/>\n&nbsp;&nbsp;&nbsp;&nbsp;&nbsp;&nbsp;    Burundanga Muchilanga \u2014no sab\u00edamos qu\u00e9 decir y entonces nos burl\u00e1bamos. El Dumbo que nos pega un grito, Y ya no les voy a hablar.<br \/>\n&nbsp;&nbsp;&nbsp;&nbsp;&nbsp;&nbsp;    Fue la ni\u00f1a la que primero dijo, medio molesta, \u00d2ra ver\u00e1z chiquito, con unas cuantas cosquillas y confiesas lo que sea. Te lo apuesto. Hasta cosas que son puras invenciones.<br \/>\n&nbsp;&nbsp;&nbsp;&nbsp;&nbsp;&nbsp;Hasta que por ejemplo que mataste a la maestra para com\u00e9rtela y ahora ya cerraron la escuela.<br \/>\n&nbsp;&nbsp;&nbsp;&nbsp;&nbsp;&nbsp;    El Dumbo dijo, No no voy a hablar.<br \/>\n&nbsp;&nbsp;&nbsp;&nbsp;&nbsp;&nbsp;    Nos daba risa. Respondimos que a veces una patada en las nalgas hace cambiar de opini\u00f3n.<br \/>\n&nbsp;&nbsp;&nbsp;&nbsp;&nbsp;&nbsp;    No voy a confesar. Volvi\u00f3 a decir.<br \/>\n&nbsp;&nbsp;&nbsp;&nbsp;&nbsp;&nbsp;    Nos enojamos un poco. Le presumimos, \u00bfY si te obligamos? Dijimos y si te y si te. Dumbo repet\u00eda, No no voy a hablar.<br \/>\n&nbsp;&nbsp;&nbsp;&nbsp;&nbsp;&nbsp;Cuando de verdad ya estuvimos hasta el copete de verlo que todo le val\u00eda, que lo rodeamos y lo ten\u00edamos bien encerradito, primero se puso a chiflar como si nada. Fui yo el que lo agarr\u00f3 de su pelo rizado, me sorprendi\u00f3 lo ten\u00eda suavecito, tan suavecito que por poco le aconsejo, Vete a tu casa, pinche escuincle. Yo ten\u00eda ocho a\u00f1os y a lo mejor \u00e9l tambi\u00e9n pero \u00e9l como qu\u2019estaba chaparrito.<br \/>\n&nbsp;&nbsp;&nbsp;&nbsp;&nbsp;&nbsp;Con que le hubiera dicho eso \u2013vete a tu casa\u2013 ahorita no estar\u00eda yo moviendo cajas con estos cuates de mantenimiento. Que vienen de \u00c1frica ellos tambi\u00e9n.<br \/>\n&nbsp;&nbsp;&nbsp;&nbsp;&nbsp;&nbsp;    No dije nada.<br \/>\n&nbsp;&nbsp;&nbsp;&nbsp;&nbsp;&nbsp;    Dumbo tampoco dijo nada cuando le amarramos las manos, un chorro de vueltas con un lazo bien grueso, y luego le atamos los pies con una bufanda anudada muy fuerte. Nos pusimos a meterle pa\u00f1uelos en la boca, mascull\u00f3 algo. Le quitamos los pa\u00f1uelos un momento para darle una \u00faltima oportunidad, Entonces qu\u00e9 \u00bfvas a hablar? \u00bfconfiesas, g\u00fcey?<br \/>\n&nbsp;&nbsp;&nbsp;&nbsp;&nbsp;&nbsp;    \u2018taba chillando. Volvi\u00f3 a repetir, No voy a hablar.<br \/>\n&nbsp;&nbsp;&nbsp;&nbsp;&nbsp;&nbsp;    Pus s\u00ed, \u00bfc\u00f3mo iba a hablar con todos esos kleenex entre los dientes?<br \/>\n&nbsp;&nbsp;&nbsp;&nbsp;&nbsp;&nbsp;Ya no me acuerdo qui\u00e9n empez\u00f3. La madriza. Yo no. Pero cuando ya dos o tres iban encarrerados le entr\u00e9.<br \/>\n&nbsp;&nbsp;&nbsp;&nbsp;&nbsp;&nbsp;    La ni\u00f1a pellizcaba retorc\u00eda, Nosotros golpe\u00e1bamos.<br \/>\n&nbsp;&nbsp;&nbsp;&nbsp;&nbsp;&nbsp;    Y dec\u00edamos, Eso quer\u00edas \u00bfverdad? Tu tortura. Ya est\u00e1s contento \u00bfno? Ya te sali\u00f3 sangre.<br \/>\n&nbsp;&nbsp;&nbsp;&nbsp;&nbsp;&nbsp;Y qu\u2019el m\u00e1s grande \u2013ocho a\u00f1os y medio\u2013 decide, Ahora hacen falta cerillos. Peg\u00f3 la carrera para ir a buscar. Y r\u00e1pido estaba de vuelta tambi\u00e9n con un encendedor. Dijo, Mi mam\u00e1 estaba planchando ni se fij\u00f3 pero por poquito.<br \/>\n&nbsp;&nbsp;&nbsp;&nbsp;&nbsp;&nbsp;Tan por poquito que su mam\u00e1 se apareci\u00f3 justo cuando al pinche Dumbo le hab\u00edan quitado los papos y ya le iban a calentar las patrullas.<br \/>\n&nbsp;&nbsp;&nbsp;&nbsp;&nbsp;&nbsp;    La se\u00f1ora peg\u00f3 un grito.<br \/>\n&nbsp;&nbsp;&nbsp;&nbsp;&nbsp;&nbsp;    Fue un grito enorme. Hasta se nos subieron. Al cuate de los cerillos se le cay\u00f3 la caja. Su mam\u00e1 por fin pregunt\u00f3, con una voz que ya casi ni se o\u00eda, \u00bfPero qu\u00e9 est\u00e1n haciendo?<br \/>\n&nbsp;&nbsp;&nbsp;&nbsp;&nbsp;&nbsp;    Pus qu\u00e9 no ve, estamos jugando. Contest\u00e9.<br \/>\n&nbsp;&nbsp;&nbsp;&nbsp;&nbsp;&nbsp;    Despu\u00e9s, los mayores dijeron que no \u00e9ramos m\u00e1s que chamacos, que no nos d\u00e1bamos cuenta. Que era culpa de la \u00e9poca. Tantas atrocidades en el mundo. Tantas desgracias tantos muertos. Y Dumbo no\u2019staba muerto. Nom\u00e1s bastante magullado.<br \/>\n&nbsp;&nbsp;&nbsp;&nbsp;&nbsp;&nbsp;    Nunca supe qu\u00e9 fue de \u00e9l. Desde entonces, la gente de las unidades ha ido de aqu\u00ed para all\u00e1. A lo mejor se regres\u00f3 a su tierra. All\u00e1. Con los de su familia. Que hablaban bien pero bien chistoso.<br \/>\n&nbsp;&nbsp;&nbsp;&nbsp;&nbsp;&nbsp;    Y yo despu\u00e9s -mil a\u00f1os despu\u00e9s, el a\u00f1o pasado- tron\u00e9 mi examen. Por la palabra. Que sac\u00f3 as\u00ed nom\u00e1s el cuidador aquel qu\u2019era buena gente. Una palabra que se oye seguido, que se lee en los peri\u00f3dicos, que dicen en la tele. Por lo general ni le pongo atenci\u00f3n.<\/p>\n","protected":false},"excerpt":{"rendered":"<p>La crueldad de la infancia y el racismo se encuentran en esta narraci\u00f3n de Annie Saumont (1927-2017), maestra francesa del relato corto.<\/p>\n","protected":false},"author":1,"featured_media":16901,"comment_status":"open","ping_status":"open","sticky":false,"template":"","format":"standard","meta":{"advanced_seo_description":"","jetpack_seo_html_title":"","jetpack_seo_noindex":false,"jetpack_post_was_ever_published":false,"_jetpack_newsletter_access":"","_jetpack_dont_email_post_to_subs":false,"_jetpack_newsletter_tier_id":0,"_jetpack_memberships_contains_paywalled_content":false,"_jetpack_memberships_contains_paid_content":false,"footnotes":"","jetpack_publicize_message":"#LasHistorias sigue celebrando su aniversario, y lo hace esta noche con un nuevo #cuento, breve y tremendo, de la gran narradora francesa Annie Saumont (1927-2017).","jetpack_publicize_feature_enabled":true,"jetpack_social_post_already_shared":true,"jetpack_social_options":{"image_generator_settings":{"template":"highway","default_image_id":0,"font":"","enabled":false},"version":2}},"categories":[4],"tags":[3487,22,3488,2343,185,866,2855,467],"class_list":["post-16900","post","type-post","status-publish","format-standard","has-post-thumbnail","hentry","category-el-cuento","tag-annie-saumont","tag-cuento","tag-dumbo","tag-el-cuento-del-mes","tag-escritoras","tag-escritores-en-lengua-francesa","tag-literatura","tag-realismo"],"jetpack_publicize_connections":[],"jetpack_featured_media_url":"https:\/\/www.lashistorias.com.mx\/wp-content\/uploads\/2025\/08\/Saumont.avif","jetpack_shortlink":"https:\/\/wp.me\/pjEhq-4oA","jetpack_sharing_enabled":true,"_links":{"self":[{"href":"https:\/\/www.lashistorias.com.mx\/index.php\/wp-json\/wp\/v2\/posts\/16900","targetHints":{"allow":["GET"]}}],"collection":[{"href":"https:\/\/www.lashistorias.com.mx\/index.php\/wp-json\/wp\/v2\/posts"}],"about":[{"href":"https:\/\/www.lashistorias.com.mx\/index.php\/wp-json\/wp\/v2\/types\/post"}],"author":[{"embeddable":true,"href":"https:\/\/www.lashistorias.com.mx\/index.php\/wp-json\/wp\/v2\/users\/1"}],"replies":[{"embeddable":true,"href":"https:\/\/www.lashistorias.com.mx\/index.php\/wp-json\/wp\/v2\/comments?post=16900"}],"version-history":[{"count":3,"href":"https:\/\/www.lashistorias.com.mx\/index.php\/wp-json\/wp\/v2\/posts\/16900\/revisions"}],"predecessor-version":[{"id":16904,"href":"https:\/\/www.lashistorias.com.mx\/index.php\/wp-json\/wp\/v2\/posts\/16900\/revisions\/16904"}],"wp:featuredmedia":[{"embeddable":true,"href":"https:\/\/www.lashistorias.com.mx\/index.php\/wp-json\/wp\/v2\/media\/16901"}],"wp:attachment":[{"href":"https:\/\/www.lashistorias.com.mx\/index.php\/wp-json\/wp\/v2\/media?parent=16900"}],"wp:term":[{"taxonomy":"category","embeddable":true,"href":"https:\/\/www.lashistorias.com.mx\/index.php\/wp-json\/wp\/v2\/categories?post=16900"},{"taxonomy":"post_tag","embeddable":true,"href":"https:\/\/www.lashistorias.com.mx\/index.php\/wp-json\/wp\/v2\/tags?post=16900"}],"curies":[{"name":"wp","href":"https:\/\/api.w.org\/{rel}","templated":true}]}}