{"id":16886,"date":"2025-07-19T19:44:55","date_gmt":"2025-07-20T01:44:55","guid":{"rendered":"https:\/\/www.lashistorias.com.mx\/?p=16886"},"modified":"2025-07-19T19:44:55","modified_gmt":"2025-07-20T01:44:55","slug":"canon","status":"publish","type":"post","link":"https:\/\/www.lashistorias.com.mx\/index.php\/canon\/","title":{"rendered":"Canon"},"content":{"rendered":"<p>Alonso N\u00fa\u00f1ez Utrilla (1990) es un joven escritor mexicano. Licenciado en Lengua y Literaturas Hisp\u00e1nicas por la Facultad de Filosof\u00eda y Letras de la UNAM, ha colaborado en publicaciones como <em>Penumbria<\/em>, <em>Punto en L\u00ednea<\/em>, <em>Marabunta<\/em>, <em>Punto de Partida<\/em> y <em>Primera P\u00e1gina<\/em>. En 2015 public\u00f3 el libro de cuentos <em>Terapia de shock<\/em> (Ediciones y Punto) y entre 2018 y2023 colabor\u00f3 en el proyecto de la aplicaci\u00f3n de narrativa corta Ipstori. Actualmente estudia en la Escuela de Japon\u00e9s de la Asociaci\u00f3n M\u00e9xico Japonesa. Dice ser \u00abun fiel creyente de la importancia y el poder de las historias, de lo que se dice y lo que no, adem\u00e1s de un loco de los gatos\u00bb. La breve estampa de horror que es \u00abCanon\u00bb apareci\u00f3 en <em>El fabricante de males<\/em> (2025), su libro m\u00e1s reciente.<\/p>\n<figure id=\"attachment_16887\" aria-describedby=\"caption-attachment-16887\" style=\"width: 859px\" class=\"wp-caption aligncenter\"><a ref=\"magnificPopup\" href=\"https:\/\/www.lashistorias.com.mx\/wp-content\/uploads\/2025\/07\/AlonsoNunezU.jpg\"><img loading=\"lazy\" decoding=\"async\" data-attachment-id=\"16887\" data-permalink=\"https:\/\/www.lashistorias.com.mx\/index.php\/canon\/alonsonunezu\/\" data-orig-file=\"https:\/\/www.lashistorias.com.mx\/wp-content\/uploads\/2025\/07\/AlonsoNunezU.jpg\" data-orig-size=\"859,859\" data-comments-opened=\"1\" data-image-meta=\"{&quot;aperture&quot;:&quot;0&quot;,&quot;credit&quot;:&quot;&quot;,&quot;camera&quot;:&quot;&quot;,&quot;caption&quot;:&quot;&quot;,&quot;created_timestamp&quot;:&quot;0&quot;,&quot;copyright&quot;:&quot;&quot;,&quot;focal_length&quot;:&quot;0&quot;,&quot;iso&quot;:&quot;0&quot;,&quot;shutter_speed&quot;:&quot;0&quot;,&quot;title&quot;:&quot;&quot;,&quot;orientation&quot;:&quot;0&quot;}\" data-image-title=\"\" data-image-description=\"\" data-image-caption=\"&lt;p&gt;Alonso N\u00fa\u00f1ez Utrilla&lt;\/p&gt;\n\" data-large-file=\"https:\/\/www.lashistorias.com.mx\/wp-content\/uploads\/2025\/07\/AlonsoNunezU.jpg\" src=\"https:\/\/www.lashistorias.com.mx\/wp-content\/uploads\/2025\/07\/AlonsoNunezU.jpg\" alt=\"\" width=\"859\" height=\"859\" class=\"size-full wp-image-16887\" srcset=\"https:\/\/www.lashistorias.com.mx\/wp-content\/uploads\/2025\/07\/AlonsoNunezU.jpg 859w, https:\/\/www.lashistorias.com.mx\/wp-content\/uploads\/2025\/07\/AlonsoNunezU-300x300.jpg 300w, https:\/\/www.lashistorias.com.mx\/wp-content\/uploads\/2025\/07\/AlonsoNunezU-150x150.jpg 150w, https:\/\/www.lashistorias.com.mx\/wp-content\/uploads\/2025\/07\/AlonsoNunezU-400x400.jpg 400w\" sizes=\"auto, (max-width: 859px) 100vw, 859px\" \/><\/a><figcaption id=\"caption-attachment-16887\" class=\"wp-caption-text\">Alonso N\u00fa\u00f1ez Utrilla<\/figcaption><\/figure>\n<p><strong>CANON<br \/>\nAlonso N\u00fa\u00f1ez Utrilla<\/strong><\/p>\n<p>\u00ab\u00bfTe gustar\u00eda vivir en la casa del espejo, gatito? Me pregunto si te dar\u00edan leche all\u00ed; pero a lo mejor la leche del espejo no es buena para beber&#8230;\u00bb<br \/>\nLewis Carroll, <em>A trav\u00e9s del espejo y lo que Alicia encontr\u00f3 all\u00ed<\/em><\/p>\n<p>Debo admitirlo, no ha sido f\u00e1cil. Siempre has tenido la man\u00eda de complicar las cosas, Johan. En cambio, yo prefiero lo simple. No me mires as\u00ed, sabes que no miento. Si fueras m\u00e1s como yo no tendr\u00edamos que haber llegado a este punto. Y lo peor es que casi te sales con la tuya. Si no te hubiera visto ese d\u00eda saliendo de aquella tienda qui\u00e9n sabe qu\u00e9 hubiera pasado. No importa qu\u00e9 tienda era, eso no es lo importante, Johan. \u00bfSab\u00edas que yo ten\u00eda boletos para irme al d\u00eda siguiente?, no cabe duda que es el destino. Y sin embargo\u2026 Pero no estoy enojado contigo, te perdono. As\u00ed es como deber\u00eda ser el mundo \u00bfno?, la gente deber\u00eda perdonarse sin importar qu\u00e9; y yo te he perdonado tantas cosas\u2026 Perd\u00f3name que no me calle, pero es que estoy muy feliz y muy emocionado por tenerte aqu\u00ed. S\u00ed, s\u00ed, en un momento te quito eso de la boca. Mira nada m\u00e1s c\u00f3mo est\u00e1s, apenas y te puedo reconocer. \u00bfT\u00fa me reconoces a m\u00ed?, es broma, ya s\u00e9 que s\u00ed, pero es que nada m\u00e1s mira tu rostro, con lo guapo que eras. \u00bfTe doli\u00f3?, supongo que s\u00ed pero, por otro lado, siempre has tenido una gran tolerancia para el dolor, igual que yo, y vaya que lo has de saber bien, con lo que me has lastimado. Pero te perdono. Como lo de tu nariz, \u00bfte acuerdas de cuando te la rompiste y qued\u00f3 toda chueca?, desde entonces haces ese ruido cada que sacas aire por ah\u00ed, igual que yo. Pero, si no mal recuerdo, lo primero fue ese rasp\u00f3n \u00bfno?, te dej\u00f3 esta cicatriz en la frente y desde entonces no pudiste parar. No hagas eso, ya te dije que en un momento te desato. Pobre Johan, \u00bfno ves que lo hago por tu bien, por tu salud y la m\u00eda?, est\u00e1s enfermo, Johan, muy enfermo. Al principio me cre\u00ed tus excusas, eso ha de haberte hecho muy feliz, supongo. Pero entonces te atrap\u00e9 con el cuchillo y tu brazo sangrando. No fue f\u00e1cil arrebat\u00e1rtelo, Johan, siempre has sido muy fuerte. Pero yo tambi\u00e9n lo soy. Aun as\u00ed me doli\u00f3, mi brazo no dejaba de sangrar. Pero te perdono. Lo volviste a hacer unas cuantas veces m\u00e1s antes de que, al parecer, yo te convenciera de que cejaras en tu empe\u00f1o. Fueron a\u00f1os felices, Johan, \u00bfte acuerdas? Las pr\u00e1cticas de nataci\u00f3n, las noches desvel\u00e1ndonos viendo pel\u00edculas, las citas. \u00bfPor qu\u00e9 decidiste terminar con todo eso, Johan?, es que no lo entiendo. Cuando dijiste que te ir\u00edas a vivir a otra parte\u2026, me rompiste el coraz\u00f3n. Lo intent\u00e9, realmente trat\u00e9 de seguir adelante pero fue insoportable. Cre\u00ed que enloquecer\u00eda. No me mires as\u00ed, no creas que no s\u00e9 lo que esa mirada significa. Si hay un loco aqu\u00ed \u00e9se eres t\u00fa. Una cosa es te\u00f1irse el cabello, broncearse, los lentes falsos, est\u00e1 bien, no me molesta, pero \u00a1quitarse dientes, amputarse una mano!, est\u00e1s mal, Johan, muy mal. \u00bfPor qu\u00e9 lo haces? Yo s\u00e9 por qu\u00e9, quieres ser diferente, quieres ser \u00fanico. No lo entiendes, Johan, Dios te hizo un favor, las personas pasan su vida entera busc\u00e1ndose a s\u00ed mismas y para eso siguen e imitan a otros, queriendo ser como ellos, buscando a su alma gemela cuando t\u00fa, nada m\u00e1s ni nada menos que t\u00fa me ten\u00edas a m\u00ed. Y sin embargo\u2026 Pero te perdono, Johan. Te perdon\u00e9 lo de tus dientes, lo de tu mano, lo de tus costillas, lo de tu nariz y muchas cosas m\u00e1s; te perdono que te volvieras a ir una y otra y otra vez cada que yo lograba dar contigo. Y ahora tambi\u00e9n te perdono lo de tu rostro, tu pobre rostro. Debi\u00f3 dolerte, \u00bfno es as\u00ed?, \u00bfcon qu\u00e9 fue, una plancha?, no importa, ya me lo dir\u00e1s, necesitar\u00e9 todos los detalles, no queremos que salga mal, debo hacerlo exactamente igual que como t\u00fa lo hiciste, y me doler\u00e1, como siempre, pero no me importa, porque s\u00e9 que est\u00e1s conmigo, a m\u00ed lado, como debe ser y como siempre ha sido desde que aqu\u00e9l cigoto se dividi\u00f3 en el vientre de mam\u00e1.<\/p>\n","protected":false},"excerpt":{"rendered":"<p>Una breve estampa de horror, escrita por el mexicano Alonso N\u00fa\u00f1ez Utrilla (1990).<\/p>\n","protected":false},"author":1,"featured_media":16887,"comment_status":"open","ping_status":"open","sticky":false,"template":"","format":"standard","meta":{"advanced_seo_description":"","jetpack_seo_html_title":"","jetpack_seo_noindex":false,"jetpack_post_was_ever_published":false,"_jetpack_newsletter_access":"","_jetpack_dont_email_post_to_subs":false,"_jetpack_newsletter_tier_id":0,"_jetpack_memberships_contains_paywalled_content":false,"_jetpack_memberships_contains_paid_content":false,"footnotes":"","jetpack_publicize_message":"\"Canon\", un #cuento del mexicano Alonso N\u00fa\u00f1ez Utrilla, en #LasHistorias.","jetpack_publicize_feature_enabled":true,"jetpack_social_post_already_shared":true,"jetpack_social_options":{"image_generator_settings":{"template":"highway","default_image_id":0,"font":"","enabled":false},"version":2}},"categories":[4],"tags":[3486,22,2343,25,198,2855,2291,359,360],"class_list":["post-16886","post","type-post","status-publish","format-standard","has-post-thumbnail","hentry","category-el-cuento","tag-alonso-nunez-utrilla","tag-cuento","tag-el-cuento-del-mes","tag-escritores","tag-escritores-mexicanos","tag-literatura","tag-literatura-de-imaginacion","tag-literatura-de-terror","tag-literatura-fantastica"],"jetpack_publicize_connections":[],"jetpack_featured_media_url":"https:\/\/www.lashistorias.com.mx\/wp-content\/uploads\/2025\/07\/AlonsoNunezU.jpg","jetpack_shortlink":"https:\/\/wp.me\/sjEhq-canon","jetpack_sharing_enabled":true,"_links":{"self":[{"href":"https:\/\/www.lashistorias.com.mx\/index.php\/wp-json\/wp\/v2\/posts\/16886","targetHints":{"allow":["GET"]}}],"collection":[{"href":"https:\/\/www.lashistorias.com.mx\/index.php\/wp-json\/wp\/v2\/posts"}],"about":[{"href":"https:\/\/www.lashistorias.com.mx\/index.php\/wp-json\/wp\/v2\/types\/post"}],"author":[{"embeddable":true,"href":"https:\/\/www.lashistorias.com.mx\/index.php\/wp-json\/wp\/v2\/users\/1"}],"replies":[{"embeddable":true,"href":"https:\/\/www.lashistorias.com.mx\/index.php\/wp-json\/wp\/v2\/comments?post=16886"}],"version-history":[{"count":3,"href":"https:\/\/www.lashistorias.com.mx\/index.php\/wp-json\/wp\/v2\/posts\/16886\/revisions"}],"predecessor-version":[{"id":16890,"href":"https:\/\/www.lashistorias.com.mx\/index.php\/wp-json\/wp\/v2\/posts\/16886\/revisions\/16890"}],"wp:featuredmedia":[{"embeddable":true,"href":"https:\/\/www.lashistorias.com.mx\/index.php\/wp-json\/wp\/v2\/media\/16887"}],"wp:attachment":[{"href":"https:\/\/www.lashistorias.com.mx\/index.php\/wp-json\/wp\/v2\/media?parent=16886"}],"wp:term":[{"taxonomy":"category","embeddable":true,"href":"https:\/\/www.lashistorias.com.mx\/index.php\/wp-json\/wp\/v2\/categories?post=16886"},{"taxonomy":"post_tag","embeddable":true,"href":"https:\/\/www.lashistorias.com.mx\/index.php\/wp-json\/wp\/v2\/tags?post=16886"}],"curies":[{"name":"wp","href":"https:\/\/api.w.org\/{rel}","templated":true}]}}