{"id":15998,"date":"2023-04-17T12:30:01","date_gmt":"2023-04-17T18:30:01","guid":{"rendered":"https:\/\/www.lashistorias.com.mx\/?p=15998"},"modified":"2023-04-17T12:30:01","modified_gmt":"2023-04-17T18:30:01","slug":"cordon-colorado","status":"publish","type":"post","link":"https:\/\/www.lashistorias.com.mx\/index.php\/cordon-colorado\/","title":{"rendered":"Cord\u00f3n colorado"},"content":{"rendered":"<p>Esta muestra de minificciones proviene del libro <em>Cord\u00f3n colorado<\/em> (2020), de la escritora Paola Tena (M\u00e9xico, 1980): una serie de narraciones brev\u00edsimas con gran variedad de tonos y argumentos. Pediatra e ilustradora adem\u00e1s de narradora, ella imparte talleres de escritura creativa y elaboraci\u00f3n de fanzines, y ha publicado en antolog\u00edas y revistas dedicadas a la minificci\u00f3n. Entre sus otros libros est\u00e1n las colecciones de minificci\u00f3n <em>Las peque\u00f1as cosas<\/em> (2017), <em>Cuentos inc\u00f3modos<\/em> (2019), <em>MiniBestiario<\/em> (2020), <em>Versi\u00f3n no autorizada<\/em> (2021), <em>Kit de emergencia<\/em> (2022) y <em>Fumadores<\/em> (2023), y el libro de cuentos <em>Rosa mexicano<\/em> (2020).<\/p>\n<p><a ref=\"magnificPopup\" href=\"https:\/\/www.lashistorias.com.mx\/wp-content\/uploads\/2023\/04\/PaolaTena.png\"><img loading=\"lazy\" decoding=\"async\" data-attachment-id=\"15999\" data-permalink=\"https:\/\/www.lashistorias.com.mx\/index.php\/cordon-colorado\/paolatena\/\" data-orig-file=\"https:\/\/www.lashistorias.com.mx\/wp-content\/uploads\/2023\/04\/PaolaTena.png\" data-orig-size=\"972,1304\" data-comments-opened=\"1\" data-image-meta=\"{&quot;aperture&quot;:&quot;0&quot;,&quot;credit&quot;:&quot;&quot;,&quot;camera&quot;:&quot;&quot;,&quot;caption&quot;:&quot;&quot;,&quot;created_timestamp&quot;:&quot;0&quot;,&quot;copyright&quot;:&quot;&quot;,&quot;focal_length&quot;:&quot;0&quot;,&quot;iso&quot;:&quot;0&quot;,&quot;shutter_speed&quot;:&quot;0&quot;,&quot;title&quot;:&quot;&quot;,&quot;orientation&quot;:&quot;0&quot;}\" data-image-title=\"Paola Tena\" data-image-description=\"\" data-image-caption=\"\" data-large-file=\"https:\/\/www.lashistorias.com.mx\/wp-content\/uploads\/2023\/04\/PaolaTena-763x1024.png\" src=\"https:\/\/www.lashistorias.com.mx\/wp-content\/uploads\/2023\/04\/PaolaTena-763x1024.png\" alt=\"Paola Tena\" width=\"763\" height=\"1024\" class=\"aligncenter size-large wp-image-15999\" srcset=\"https:\/\/www.lashistorias.com.mx\/wp-content\/uploads\/2023\/04\/PaolaTena-763x1024.png 763w, https:\/\/www.lashistorias.com.mx\/wp-content\/uploads\/2023\/04\/PaolaTena-224x300.png 224w, https:\/\/www.lashistorias.com.mx\/wp-content\/uploads\/2023\/04\/PaolaTena.png 972w\" sizes=\"auto, (max-width: 763px) 100vw, 763px\" \/><\/a><\/p>\n<p><strong>CORD\u00d3N COLORADO<br \/>\n(selecci\u00f3n)<br \/>\nPaola Tena<\/strong><\/p>\n<p><strong>Tierra removida<\/strong><br \/>\nPase si quiere esperarlo, pero no s\u00e9 a qu\u00e9 horas vuelve. Si\u00e9ntese, estoy haciendo caf\u00e9. Aunque qui\u00e9n sabe si \u00e9l podr\u00e1 ayudarle, seguro vendr\u00e1 borracho. En eso se parece a mi primer marido, \u00bfsabe usted?, el que se mataba trabajando todo el d\u00eda y luego se iba a beber en cuanto bajaba el sol, como queriendo compensar. Hoy estuvo cavando toda la ma\u00f1ana en el jard\u00edn, quer\u00eda plantar un \u00e1rbol, me dijo. Pero el alcohol le ha afectado la cabeza. Se pone violento, se imagina cosas. Que la sopa est\u00e1 muy fr\u00eda o muy caliente, pero siempre tiene la misma temperatura, se lo aseguro. Mi primer marido era igual. Muy salada la sopa, muy sosa la sopa. \u00bfY qu\u00e9 puede hacer una para defenderse, qu\u00e9 puede contestar cuando no la dejan ni hablar?<br \/>\n&nbsp;&nbsp;&nbsp;&nbsp;&nbsp;&nbsp;\u00bfQuiere un trozo de pan? Lo hice yo misma. Alc\u00e1nceme el cuchillo, haga favor. S\u00ed, ese sobre la mesa. Como le dije antes, no s\u00e9 a qu\u00e9 hora vuelve. Todos los hombres son iguales. Mi primer marido me dijo una noche que no se tardaba y desde entonces ya no est\u00e1. Pero no lo lament\u00e9. No era bueno, \u00bfsabe usted? Ah, pero estoy divagando. Mi esposo no ha estado bien, piensa cosas que no son. Por ejemplo hoy, que cuando estaba cavando me dijo que hab\u00eda desenterrado unos huesos largos, como de animal grande. Se le sal\u00edan los ojos de la cara de puro miedo. \u00bfSe va usted tan pronto? No pise la tierra reci\u00e9n removida, por favor. Hoy tengo que plantar un \u00e1rbol.<\/p>\n<p><strong>Tamaduste<\/strong><br \/>\n\u00bfTe acuerdas, Marisa, que cuando \u00e9ramos ni\u00f1os baj\u00e1bamos a escondidas a Tamaduste para lanzarnos al agua fr\u00eda? Del fondo del mar recog\u00edas piedras lisas que no ten\u00edas d\u00f3nde guardar, y me las hac\u00edas meter en el calzoncillo rojo que usaba para nadar porque no ten\u00eda traje de ba\u00f1o. Volv\u00edamos escurriendo agua salada y las piedras hac\u00edan <em>rac rac rac<\/em> cuando se me mov\u00edan dentro. T\u00fa te re\u00edas sin parar. \u00bfY ese d\u00eda que casi me ahogu\u00e9? Pensaste que estaba fingiendo para asustarte, pero cuando empec\u00e9 a manotear angustiado te lanzaste al agua y me diste respiraci\u00f3n boca a boca como hab\u00edas visto en <em>Guardianes de la bah\u00eda<\/em>, y casi te ahogas t\u00fa tambi\u00e9n por el esfuerzo. Luego te fuiste a la universidad y yo me qued\u00e9 en el pueblo, trabajando, en el taller de mi padre. Y mira c\u00f3mo es la vida, hoy volv\u00ed a verte despu\u00e9s de a\u00f1os, pero sin reconocerte del todo y cuando te dije \u00abhola\u00bb t\u00fa no recordabas ni siquiera mi nombre. Nunca te confes\u00e9 que aquel d\u00eda, hace a\u00f1os, fing\u00ed lo desmayado otro rato para sentirte la boca un poco m\u00e1s. Hay veces, Marisa, en que creo que s\u00ed nos morimos ese d\u00eda y desde entonces andamos difuntos por la vida sin darnos cuenta, y los \u00fanicos que siguen vivos son ese par de ni\u00f1os lanz\u00e1ndose al agua fr\u00eda de Tamaduste, cogidos de la mano.<\/p>\n<p><strong>Aleteo de una mariposa<\/strong><br \/>\nA la t\u00eda Ana le dio por estornudar todos los d\u00edas a las cinco de la tarde. Al principio, sus estornudos eran cuando mucho estridentes, lo justo para despertar a la abuela y asustar a Sans\u00f3n, nuestro gato. Luego fueron subiendo en intensidad, como una vez que sacudieron el aire del sal\u00f3n y el retrato de boda de mis padres cay\u00f3 al suelo. Otro d\u00eda cimbraron los muros con tal magnitud que la casa entera se llen\u00f3 de grietas. Pero una tarde la t\u00eda Ana estornud\u00f3 quedito y nosotros, que ya tem\u00edamos lo peor a las cinco de cada d\u00eda, nos miramos perplejos y aliviados hasta que entr\u00f3 el vecino: \u00ab\u00bfYa se enteraron del sismo en Jap\u00f3n?\u00bb<\/p>\n<p><strong>Bel\u00e9n<\/strong><br \/>\nCuando nos desviamos de la ruta espacial fijada siguiendo un cometa, un desperfecto en el mando central hizo caer una de las naves cerca del meridiano de un planeta inexplorado; afortunadamente, nuestro cosmonauta fue rescatado por dos nativos. Sin embargo, todo lo que sucedi\u00f3 despu\u00e9s a\u00fan no sabemos c\u00f3mo interpretarlo.<\/p>\n<p><strong>Se alquila habitaci\u00f3n<\/strong><br \/>\nEn el 1B habita un viejo chapado a la antigua que disfruta arrastrando cadenas toda la noche, cosa que desquicia, y con raz\u00f3n, a la vecina del 1A, que se colg\u00f3 de una viga a causa del mal de amores y deambula por el sal\u00f3n con el rostro viol\u00e1ceo. La del 2B era una actriz de teatro, o eso creemos, porque se asoma a la ventana con cara de pena y le pregunta a los escasos transe\u00fantes en el m\u00e1s rancio ingl\u00e9s brit\u00e1nico si han visto a sus pupilos, justo como la institutriz de James. El del 2A es un fulano alem\u00e1n de mucho cuidado, que ha destrozado todo lo que ha podido; lo apodamos Poltergeist y nos asusta incluso a nosotros, imag\u00ednese. Nos queda libre el s\u00f3tano pero no por mucho, as\u00ed que dec\u00eddase pronto y coja por fin ese rev\u00f3lver, que la vida no dura para siempre.<\/p>\n<p><strong>Semillas de lim\u00f3n<\/strong><br \/>\nJamas cre\u00ed que lo que dec\u00eda mi abuela fuera cierto, eso de que a quien se traga las semillas de lim\u00f3n le brota un limonero en la barriga. Nos re\u00edamos, pero ella no se enfadaba porque siempre nos ha querido. Prueba de ello es que cada ma\u00f1ana sale sin falta al jard\u00edn para regarnos las ra\u00edces.<\/p>\n","protected":false},"excerpt":{"rendered":"<p>Una muestra de minificciones de la escritora mexicana Paola Tena (1980).<\/p>\n","protected":false},"author":1,"featured_media":15999,"comment_status":"open","ping_status":"open","sticky":false,"template":"","format":"standard","meta":{"advanced_seo_description":"","jetpack_seo_html_title":"","jetpack_seo_noindex":false,"jetpack_post_was_ever_published":false,"_jetpack_newsletter_access":"","_jetpack_dont_email_post_to_subs":false,"_jetpack_newsletter_tier_id":0,"_jetpack_memberships_contains_paywalled_content":false,"_jetpack_memberships_contains_paid_content":false,"footnotes":"","jetpack_publicize_message":"Cord\u00f3n colorado","jetpack_publicize_feature_enabled":true,"jetpack_social_post_already_shared":true,"jetpack_social_options":{"image_generator_settings":{"template":"highway","default_image_id":0,"font":"","enabled":false},"version":2}},"categories":[4],"tags":[3426,22,2343,185,198,2855,2549,397,3425,521],"class_list":["post-15998","post","type-post","status-publish","format-standard","has-post-thumbnail","hentry","category-el-cuento","tag-cordon-colorado","tag-cuento","tag-el-cuento-del-mes","tag-escritoras","tag-escritores-mexicanos","tag-literatura","tag-microrrelato","tag-minificcion","tag-paola-tena","tag-textos-que-no-estaban-en-la-red"],"jetpack_publicize_connections":[],"jetpack_featured_media_url":"https:\/\/www.lashistorias.com.mx\/wp-content\/uploads\/2023\/04\/PaolaTena.png","jetpack_shortlink":"https:\/\/wp.me\/pjEhq-4a2","jetpack_sharing_enabled":true,"_links":{"self":[{"href":"https:\/\/www.lashistorias.com.mx\/index.php\/wp-json\/wp\/v2\/posts\/15998","targetHints":{"allow":["GET"]}}],"collection":[{"href":"https:\/\/www.lashistorias.com.mx\/index.php\/wp-json\/wp\/v2\/posts"}],"about":[{"href":"https:\/\/www.lashistorias.com.mx\/index.php\/wp-json\/wp\/v2\/types\/post"}],"author":[{"embeddable":true,"href":"https:\/\/www.lashistorias.com.mx\/index.php\/wp-json\/wp\/v2\/users\/1"}],"replies":[{"embeddable":true,"href":"https:\/\/www.lashistorias.com.mx\/index.php\/wp-json\/wp\/v2\/comments?post=15998"}],"version-history":[{"count":10,"href":"https:\/\/www.lashistorias.com.mx\/index.php\/wp-json\/wp\/v2\/posts\/15998\/revisions"}],"predecessor-version":[{"id":16009,"href":"https:\/\/www.lashistorias.com.mx\/index.php\/wp-json\/wp\/v2\/posts\/15998\/revisions\/16009"}],"wp:featuredmedia":[{"embeddable":true,"href":"https:\/\/www.lashistorias.com.mx\/index.php\/wp-json\/wp\/v2\/media\/15999"}],"wp:attachment":[{"href":"https:\/\/www.lashistorias.com.mx\/index.php\/wp-json\/wp\/v2\/media?parent=15998"}],"wp:term":[{"taxonomy":"category","embeddable":true,"href":"https:\/\/www.lashistorias.com.mx\/index.php\/wp-json\/wp\/v2\/categories?post=15998"},{"taxonomy":"post_tag","embeddable":true,"href":"https:\/\/www.lashistorias.com.mx\/index.php\/wp-json\/wp\/v2\/tags?post=15998"}],"curies":[{"name":"wp","href":"https:\/\/api.w.org\/{rel}","templated":true}]}}