{"id":15601,"date":"2021-07-23T17:57:02","date_gmt":"2021-07-23T22:57:02","guid":{"rendered":"http:\/\/www.lashistorias.com.mx\/?p=15601"},"modified":"2021-07-23T17:57:02","modified_gmt":"2021-07-23T22:57:02","slug":"alas-azules","status":"publish","type":"post","link":"https:\/\/www.lashistorias.com.mx\/index.php\/alas-azules\/","title":{"rendered":"Alas Azules"},"content":{"rendered":"<p>Jumko Ogata Aguilar es una joven escritora mexicana, afrojaponesa y pocha, originaria de Veracruz. Estudi\u00f3 en el Colegio de Estudios Latinoamericanos de la UNAM, escribe ficci\u00f3n, ensayo y cr\u00edtica de cine y sus temas de estudio son la <a href=\"https:\/\/discovernikkei.org\/es\/journal\/2018\/10\/25\/cartas-de-miyako\">identidad<\/a>, la racializaci\u00f3n y el racismo en M\u00e9xico. Actualmente conduce el programa <em>Yo soy negra<\/em>, acerca de <a href=\"https:\/\/www.nvinoticias.com\/nota\/164248\/aprender-escuchar-desde-la-empatia-jumko-ogata-aguilar\">afrodescendencia<\/a>, para el IMER.<br \/>\n&nbsp;&nbsp;&nbsp;&nbsp;&nbsp;&nbsp;\u00abAlas Azules\u00bb, que aqu\u00ed se publica por primera vez, se sit\u00faa en el siglo XX para relatar el desencuentro de dos generaciones, separadas por el racismo y la mutua incomprensi\u00f3n.<\/p>\n<p><a ref=\"magnificPopup\" href=\"https:\/\/www.lashistorias.com.mx\/wp-content\/uploads\/2021\/07\/JumkoOgataA-scaled.jpg\"><img loading=\"lazy\" decoding=\"async\" data-attachment-id=\"15603\" data-permalink=\"https:\/\/www.lashistorias.com.mx\/index.php\/alas-azules\/jumkoogataa\/\" data-orig-file=\"https:\/\/www.lashistorias.com.mx\/wp-content\/uploads\/2021\/07\/JumkoOgataA-scaled.jpg\" data-orig-size=\"2560,2312\" data-comments-opened=\"1\" data-image-meta=\"{&quot;aperture&quot;:&quot;10&quot;,&quot;credit&quot;:&quot;&quot;,&quot;camera&quot;:&quot;NIKON D3300&quot;,&quot;caption&quot;:&quot;&quot;,&quot;created_timestamp&quot;:&quot;1613325050&quot;,&quot;copyright&quot;:&quot;&quot;,&quot;focal_length&quot;:&quot;55&quot;,&quot;iso&quot;:&quot;200&quot;,&quot;shutter_speed&quot;:&quot;0.004&quot;,&quot;title&quot;:&quot;&quot;,&quot;orientation&quot;:&quot;1&quot;}\" data-image-title=\"Jumko Ogata\" data-image-description=\"\" data-image-caption=\"\" data-large-file=\"https:\/\/www.lashistorias.com.mx\/wp-content\/uploads\/2021\/07\/JumkoOgataA-1024x925.jpg\" src=\"https:\/\/www.lashistorias.com.mx\/wp-content\/uploads\/2021\/07\/JumkoOgataA-1024x925.jpg\" alt=\"\" width=\"1024\" height=\"925\" class=\"aligncenter size-large wp-image-15603\" srcset=\"https:\/\/www.lashistorias.com.mx\/wp-content\/uploads\/2021\/07\/JumkoOgataA-1024x925.jpg 1024w, https:\/\/www.lashistorias.com.mx\/wp-content\/uploads\/2021\/07\/JumkoOgataA-300x271.jpg 300w\" sizes=\"auto, (max-width: 1024px) 100vw, 1024px\" \/><\/a><\/p>\n<p><strong>ALAS AZULES<br \/>\nJumko Ogata<\/strong><\/p>\n<p>\u2014Don Mariano, el ni\u00f1o quiere platicar con usted. \u00bfEst\u00e1 dormido, o qu\u00e9?<br \/>\n&nbsp;&nbsp;&nbsp;&nbsp;&nbsp;&nbsp;Siento que se me enrojece la cara y miro hacia el suelo. Mi padre est\u00e1 sentado en su mecedora, con los ojos cerrados. Al escuchar la voz de mi madre la voltea a ver con mucha seriedad, pero con una luz en los ojos que nunca le he visto cuando se dirige a mis hermanos y a m\u00ed.<br \/>\n&nbsp;&nbsp;&nbsp;&nbsp;&nbsp;&nbsp;\u2014No, se\u00f1ora. Estar descansando los ojos\u2026<br \/>\n&nbsp;&nbsp;&nbsp;&nbsp;&nbsp;&nbsp;Est\u00e1 fumando un cigarro de la cajetilla que le acabo de comprar; Alas Azules son los que m\u00e1s le gustan. Me ve con detenimiento, golpeando la caja ligeramente contra el brazo de la mecedora. Vuelve a cerrar los ojos y a recargar la cabeza hacia atr\u00e1s, exhalando unas nubes de humo por la nariz.<br \/>\n&nbsp;&nbsp;&nbsp;&nbsp;&nbsp;&nbsp;\u2014\u2026Y por eso yo quiero aprender japon\u00e9s\u2026\u00bfPor qu\u00e9 no me ense\u00f1a?<br \/>\n&nbsp;&nbsp;&nbsp;&nbsp;&nbsp;&nbsp;\u2014No\u2026 ser muy dif\u00edcil, muy diferente de espa\u00f1ol\u2026 Para qu\u00e9, ser dif\u00edcil\u2026<br \/>\n&nbsp;&nbsp;&nbsp;&nbsp;&nbsp;&nbsp;Me giro hacia la cocina para ver la reacci\u00f3n de mi madre, pero ella ya est\u00e1 absorta en sus labores, muy ocupada como para verme tratar de hablar con mi padre. Me qued\u00e9 sentado un rato ah\u00ed, frente a \u00e9l, pero sigui\u00f3 fumando, impasible.<br \/>\n&nbsp;&nbsp;&nbsp;&nbsp;&nbsp;&nbsp;No lo conoc\u00ed hasta los tres a\u00f1os, porque el a\u00f1o que nac\u00ed se lo llevaron a M\u00e9xico, junto con todos los japoneses del pueblo, que porque eran de un pa\u00eds enemigo. Yo no me acuerdo, pero dice mi hermana Namiko que cuando regres\u00f3 al pueblo, mi hermana Lupe y yo, los m\u00e1s chicos, le ten\u00edamos miedo. Hasta entonces, Justo, el hermano m\u00e1s grande de la familia era quien nos hab\u00eda criado, y para nosotros \u00e9l era nuestro padre.<br \/>\n&nbsp;&nbsp;&nbsp;&nbsp;&nbsp;&nbsp;\u2014\u00a1No! \u00a1No quiero! \u00a1Se va a enojar mi pap\u00e1 bonito! \u2014nos quej\u00e1bamos mi hermana y yo cuando nos quer\u00eda abrazar mi pap\u00e1.<br \/>\n&nbsp;&nbsp;&nbsp;&nbsp;&nbsp;&nbsp;Ya de grande, quise hablar con \u00e9l, y por eso me acercaba para preguntarle cosas, inventaba cualquier excusa para sacarle algo, lo que fuera con tal de que me contara sobre su vida. Nunca nos hablaba, a ninguno de sus hijos. Era como si no existi\u00e9ramos. Aunque estuviera uno frente a \u00e9l, parec\u00eda que estaba solo, ni nos volteaba a ver. S\u00f3lo hablaba con mi madre, o con sus amigos del pueblo. En toda mi vida, yo nunca tuve una conversaci\u00f3n con mi padre\u2026, \u00bfC\u00f3mo est\u00e1s?, \u00bfQu\u00e9 est\u00e1s haciendo?\u2026, nada de eso.<br \/>\n&nbsp;&nbsp;&nbsp;&nbsp;&nbsp;&nbsp;Cuando empec\u00e9 a trabajar conoc\u00ed a varios japoneses, ingenieros que hab\u00eda mandado la compa\u00f1\u00eda para ayudarnos con los proyectos que ten\u00edamos en desarrollo. Me emocion\u00e9 mucho al conocerlos, sonriendo con mucho orgullo al presentarme, pronunciado cuidadosamente cada s\u00edlaba de mi nombre y apellido. Ellos se sorprend\u00edan mucho, al saber que yo tambi\u00e9n era japon\u00e9s y me preguntaban de d\u00f3nde ven\u00edamos y hace cu\u00e1nto hab\u00edamos llegado.<br \/>\n&nbsp;&nbsp;&nbsp;&nbsp;&nbsp;&nbsp;\u2014Pues\u2026 la verdad no s\u00e9 bien. Mi pap\u00e1 dijo que era de un lugar que se llamaba\u2026 Miako, creo. Tampoco s\u00e9 cu\u00e1ndo lleg\u00f3, pero se cas\u00f3 con mi mam\u00e1 en mil novecientos\u2026 veintitantos\u2026 as\u00ed que ya tiene rato\u2026<br \/>\n&nbsp;&nbsp;&nbsp;&nbsp;&nbsp;&nbsp;Aunque me despertaban un sentir agridulce estas conversaciones, en las que recordaba lo poco que sab\u00eda en realidad de mi pap\u00e1, tambi\u00e9n pude aprender m\u00e1s de su tierra a trav\u00e9s de estos paisanos suyos a los que conoc\u00eda. Me ense\u00f1aron algunas palabras en japon\u00e9s: hola, adi\u00f3s, gracias\u2026 Al final del d\u00eda, en mis momentos de calma antes de dormir repet\u00eda las palabras que hab\u00eda aprendido en el idioma que me hab\u00eda sido negado por mi padre hac\u00eda tantos a\u00f1os.<br \/>\n&nbsp;&nbsp;&nbsp;&nbsp;&nbsp;&nbsp;\u2014Konnichiwa\u2026 Kooonniiiiichiwa\u2026<br \/>\n&nbsp;&nbsp;&nbsp;&nbsp;&nbsp;&nbsp;Una combinaci\u00f3n de s\u00edlabas que se sent\u00eda ajena al paladar\u2026 pero no dif\u00edcil, yo creo que s\u00ed lo habr\u00eda podido aprender si \u00e9l se hubiera molestado en ense\u00f1arme.<br \/>\n&nbsp;&nbsp;&nbsp;&nbsp;&nbsp;&nbsp;\u2014Arigato\u2026A\u2026ri\u2026gaaa\u2026.toooo\u2026<br \/>\n&nbsp;&nbsp;&nbsp;&nbsp;&nbsp;&nbsp;Aunque s\u00f3lo sab\u00eda algunas palabras, las repet\u00eda una y otra vez, imaginando c\u00f3mo habr\u00eda sido hablar ese idioma tan lejano desde la infancia; poder tener una conversaci\u00f3n fluida con \u00e9l, ir a las reuniones que hac\u00edan los pocos japoneses del pueblo algunas veces al mes, en las que mis hermanas lo escucharon hablar rapid\u00edsimo en su lengua materna, comunic\u00e1ndose con una seguridad que nunca le conoci\u00f3 su familia en espa\u00f1ol.<br \/>\n&nbsp;&nbsp;&nbsp;&nbsp;&nbsp;&nbsp;\u2014Sayonara. Saaa\u2026 yoooo\u2026 naaa\u2026 raaaaa\u2026<br \/>\n&nbsp;&nbsp;&nbsp;&nbsp;&nbsp;&nbsp;Tal vez si hubiera aprendido japon\u00e9s \u00e9l habr\u00eda querido hablar conmigo, me habr\u00eda contado su vida, c\u00f3mo lleg\u00f3 ac\u00e1, qu\u00e9 sent\u00eda de tenernos a nosotros como hijos, c\u00f3mo era la familia de all\u00e1 de su tierra\u2026Tal vez si yo hablara japon\u00e9s \u00e9l nos habr\u00eda querido.<br \/>\n &nbsp;&nbsp;&nbsp;&nbsp;&nbsp;&nbsp;\u2014Konnichiwa\u2026 Kooo\u2026 niiiii\u2026 chi\u2026 waaaaa.<br \/>\n&nbsp;&nbsp;&nbsp;&nbsp;&nbsp;&nbsp;Esos momentos a solas eran de una tristeza incre\u00edble, imaginando todas las posibilidades del pasado imaginario.<br \/>\n&nbsp;&nbsp;&nbsp;&nbsp;&nbsp;&nbsp;De cualquier manera, cada que ten\u00edamos la visita de los ingenieros japoneses me alegraba mucho. Verlos y platicar con ellos, estos hombres con caras similares a la m\u00eda, compartiendo una amistad sencilla que me hac\u00eda sentir unido a esa tierra que nunca pude conocer.<br \/>\n&nbsp;&nbsp;&nbsp;&nbsp;&nbsp;&nbsp;Mi padre sigui\u00f3 fumando los \u00faltimos a\u00f1os de su vida, hasta el \u00faltimo d\u00eda. Pas\u00f3 de Alas Azules a Alas Extra\u2026 Luego le gustaron los Fiesta\u2026 Ya en sus \u00faltimas \u00e9pocas le dio por fumar Raleigh. Eran los m\u00e1s caros de la tienda, pero mis hermanos mayores no dudaban en comprarle lo que \u00e9l quisiera, con tal de complacerlo. \u00c9l nunca pareci\u00f3 darse cuenta.<\/p>\n","protected":false},"excerpt":{"rendered":"<p>En este relato de la escritora mexicana Jumko Ogata, el pasado de una familia choca con su presente en un pa\u00eds racista.<\/p>\n","protected":false},"author":1,"featured_media":15603,"comment_status":"open","ping_status":"open","sticky":false,"template":"","format":"standard","meta":{"advanced_seo_description":"","jetpack_seo_html_title":"","jetpack_seo_noindex":false,"jetpack_post_was_ever_published":false,"_jetpack_newsletter_access":"","_jetpack_dont_email_post_to_subs":false,"_jetpack_newsletter_tier_id":0,"_jetpack_memberships_contains_paywalled_content":false,"_jetpack_memberships_contains_paid_content":false,"footnotes":"","jetpack_publicize_message":"Alas Azules","jetpack_publicize_feature_enabled":true,"jetpack_social_post_already_shared":true,"jetpack_social_options":{"image_generator_settings":{"template":"highway","default_image_id":0,"font":"","enabled":false},"version":2}},"categories":[4],"tags":[3389,2343,185,198,3391,3388,2855,3390,755,467],"class_list":["post-15601","post","type-post","status-publish","format-standard","has-post-thumbnail","hentry","category-el-cuento","tag-alas-azules","tag-el-cuento-del-mes","tag-escritoras","tag-escritores-mexicanos","tag-ineditos","tag-jumko-ogata","tag-literatura","tag-racializacion","tag-racismo","tag-realismo"],"jetpack_publicize_connections":[],"jetpack_featured_media_url":"https:\/\/www.lashistorias.com.mx\/wp-content\/uploads\/2021\/07\/JumkoOgataA-scaled.jpg","jetpack_shortlink":"https:\/\/wp.me\/pjEhq-43D","jetpack_sharing_enabled":true,"_links":{"self":[{"href":"https:\/\/www.lashistorias.com.mx\/index.php\/wp-json\/wp\/v2\/posts\/15601","targetHints":{"allow":["GET"]}}],"collection":[{"href":"https:\/\/www.lashistorias.com.mx\/index.php\/wp-json\/wp\/v2\/posts"}],"about":[{"href":"https:\/\/www.lashistorias.com.mx\/index.php\/wp-json\/wp\/v2\/types\/post"}],"author":[{"embeddable":true,"href":"https:\/\/www.lashistorias.com.mx\/index.php\/wp-json\/wp\/v2\/users\/1"}],"replies":[{"embeddable":true,"href":"https:\/\/www.lashistorias.com.mx\/index.php\/wp-json\/wp\/v2\/comments?post=15601"}],"version-history":[{"count":4,"href":"https:\/\/www.lashistorias.com.mx\/index.php\/wp-json\/wp\/v2\/posts\/15601\/revisions"}],"predecessor-version":[{"id":15607,"href":"https:\/\/www.lashistorias.com.mx\/index.php\/wp-json\/wp\/v2\/posts\/15601\/revisions\/15607"}],"wp:featuredmedia":[{"embeddable":true,"href":"https:\/\/www.lashistorias.com.mx\/index.php\/wp-json\/wp\/v2\/media\/15603"}],"wp:attachment":[{"href":"https:\/\/www.lashistorias.com.mx\/index.php\/wp-json\/wp\/v2\/media?parent=15601"}],"wp:term":[{"taxonomy":"category","embeddable":true,"href":"https:\/\/www.lashistorias.com.mx\/index.php\/wp-json\/wp\/v2\/categories?post=15601"},{"taxonomy":"post_tag","embeddable":true,"href":"https:\/\/www.lashistorias.com.mx\/index.php\/wp-json\/wp\/v2\/tags?post=15601"}],"curies":[{"name":"wp","href":"https:\/\/api.w.org\/{rel}","templated":true}]}}