{"id":14904,"date":"2019-06-23T14:41:54","date_gmt":"2019-06-23T19:41:54","guid":{"rendered":"http:\/\/www.lashistorias.com.mx\/?p=14904"},"modified":"2019-06-23T14:41:54","modified_gmt":"2019-06-23T19:41:54","slug":"los-monstruos-de-nuestra-casa","status":"publish","type":"post","link":"https:\/\/www.lashistorias.com.mx\/index.php\/los-monstruos-de-nuestra-casa\/","title":{"rendered":"Los monstruos de nuestra casa"},"content":{"rendered":"<p>El mes pasado, tuve oportunidad de ver <em><a href=\"https:\/\/encasaconmismonstruos.com\/\">En casa con mis monstruos<\/a><\/em>, la exposici\u00f3n de Guillermo del Toro en el Museo de las Artes de la Universidad de Guadalajara. Poco despu\u00e9s publiqu\u00e9 algunas notas sobre ella <a href=\"https:\/\/twitter.com\/albertochimal\/status\/1134233048797442049\">en Twitter<\/a>, que recojo aqu\u00ed ahora. En especial, me interesa algo que se revela en la exposici\u00f3n: la presencia de la la imaginaci\u00f3n fant\u00e1stica mexicana.<\/p>\n<div class=\"w-gallery fit_cover wp_gallery type_grid action_popup_image ratio_1x1 count_10\" style=\"--columns:2;--items-gap:0px;\"><div class=\"w-gallery-list\"><div class=\"w-gallery-item\"><div class=\"w-gallery-item-img\"><img loading=\"lazy\" decoding=\"async\" width=\"150\" height=\"150\" src=\"https:\/\/www.lashistorias.com.mx\/wp-content\/uploads\/2019\/06\/8a123f4b-852f-487c-a7ab-9cfc0dd7b4a3-150x150.jpg\" class=\"attachment-thumbnail size-thumbnail\" alt=\"El fauno, de la exhibici\u00f3n &quot;En casa con mis monstruos&quot;\" srcset=\"https:\/\/www.lashistorias.com.mx\/wp-content\/uploads\/2019\/06\/8a123f4b-852f-487c-a7ab-9cfc0dd7b4a3-150x150.jpg 150w, https:\/\/www.lashistorias.com.mx\/wp-content\/uploads\/2019\/06\/8a123f4b-852f-487c-a7ab-9cfc0dd7b4a3-300x300.jpg 300w, https:\/\/www.lashistorias.com.mx\/wp-content\/uploads\/2019\/06\/8a123f4b-852f-487c-a7ab-9cfc0dd7b4a3.jpg 741w\" sizes=\"auto, (max-width: 150px) 100vw, 150px\" data-attachment-id=\"14906\" data-permalink=\"https:\/\/www.lashistorias.com.mx\/index.php\/los-monstruos-de-nuestra-casa\/8a123f4b-852f-487c-a7ab-9cfc0dd7b4a3\/\" data-orig-file=\"https:\/\/www.lashistorias.com.mx\/wp-content\/uploads\/2019\/06\/8a123f4b-852f-487c-a7ab-9cfc0dd7b4a3.jpg\" data-orig-size=\"741,741\" data-comments-opened=\"1\" data-image-meta=\"{&quot;aperture&quot;:&quot;0&quot;,&quot;credit&quot;:&quot;&quot;,&quot;camera&quot;:&quot;&quot;,&quot;caption&quot;:&quot;&quot;,&quot;created_timestamp&quot;:&quot;0&quot;,&quot;copyright&quot;:&quot;&quot;,&quot;focal_length&quot;:&quot;0&quot;,&quot;iso&quot;:&quot;0&quot;,&quot;shutter_speed&quot;:&quot;0&quot;,&quot;title&quot;:&quot;&quot;,&quot;orientation&quot;:&quot;0&quot;}\" data-image-title=\"El fauno, de la exhibici\u00f3n \u00abEn casa con mis monstruos\u00bb\" data-image-description=\"\" data-image-caption=\"&lt;p&gt;El fauno, de la exhibici\u00f3n \u00abEn casa con mis monstruos\u00bb&lt;\/p&gt;\n\" data-large-file=\"https:\/\/www.lashistorias.com.mx\/wp-content\/uploads\/2019\/06\/8a123f4b-852f-487c-a7ab-9cfc0dd7b4a3.jpg\" \/><\/div><a class=\"w-gallery-item-link\" aria-label=\"El fauno, de la exhibici\u00f3n &quot;En casa con mis monstruos&quot;\" href=\"https:\/\/www.lashistorias.com.mx\/wp-content\/uploads\/2019\/06\/8a123f4b-852f-487c-a7ab-9cfc0dd7b4a3.jpg\" title=\"El fauno, de la exhibici\u00f3n &quot;En casa con mis monstruos&quot;\"><\/a><\/div><div class=\"w-gallery-item\"><div class=\"w-gallery-item-img\"><img loading=\"lazy\" decoding=\"async\" width=\"150\" height=\"150\" src=\"https:\/\/www.lashistorias.com.mx\/wp-content\/uploads\/2019\/06\/2e965a3a-8169-439e-8243-649547d8c33f-150x150.jpg\" class=\"attachment-thumbnail size-thumbnail\" alt=\"Arte sacro mexicano\" srcset=\"https:\/\/www.lashistorias.com.mx\/wp-content\/uploads\/2019\/06\/2e965a3a-8169-439e-8243-649547d8c33f-150x150.jpg 150w, https:\/\/www.lashistorias.com.mx\/wp-content\/uploads\/2019\/06\/2e965a3a-8169-439e-8243-649547d8c33f-300x300.jpg 300w, https:\/\/www.lashistorias.com.mx\/wp-content\/uploads\/2019\/06\/2e965a3a-8169-439e-8243-649547d8c33f.jpg 823w\" sizes=\"auto, (max-width: 150px) 100vw, 150px\" data-attachment-id=\"14907\" data-permalink=\"https:\/\/www.lashistorias.com.mx\/index.php\/los-monstruos-de-nuestra-casa\/2e965a3a-8169-439e-8243-649547d8c33f\/\" data-orig-file=\"https:\/\/www.lashistorias.com.mx\/wp-content\/uploads\/2019\/06\/2e965a3a-8169-439e-8243-649547d8c33f.jpg\" data-orig-size=\"823,823\" data-comments-opened=\"1\" data-image-meta=\"{&quot;aperture&quot;:&quot;0&quot;,&quot;credit&quot;:&quot;&quot;,&quot;camera&quot;:&quot;&quot;,&quot;caption&quot;:&quot;&quot;,&quot;created_timestamp&quot;:&quot;0&quot;,&quot;copyright&quot;:&quot;&quot;,&quot;focal_length&quot;:&quot;0&quot;,&quot;iso&quot;:&quot;0&quot;,&quot;shutter_speed&quot;:&quot;0&quot;,&quot;title&quot;:&quot;&quot;,&quot;orientation&quot;:&quot;0&quot;}\" data-image-title=\"Arte sacro mexicano\" data-image-description=\"\" data-image-caption=\"&lt;p&gt;Arte sacro mexicano&lt;\/p&gt;\n\" data-large-file=\"https:\/\/www.lashistorias.com.mx\/wp-content\/uploads\/2019\/06\/2e965a3a-8169-439e-8243-649547d8c33f.jpg\" \/><\/div><a class=\"w-gallery-item-link\" aria-label=\"Arte sacro mexicano\" href=\"https:\/\/www.lashistorias.com.mx\/wp-content\/uploads\/2019\/06\/2e965a3a-8169-439e-8243-649547d8c33f.jpg\" title=\"Arte sacro mexicano\"><\/a><\/div><div class=\"w-gallery-item\"><div class=\"w-gallery-item-img\"><img loading=\"lazy\" decoding=\"async\" width=\"150\" height=\"150\" src=\"https:\/\/www.lashistorias.com.mx\/wp-content\/uploads\/2019\/06\/b9587f78-3778-46e9-9f03-6b2fbfc43afc-150x150.jpg\" class=\"attachment-thumbnail size-thumbnail\" alt=\"Escultura de la colecci\u00f3n de GDT\" srcset=\"https:\/\/www.lashistorias.com.mx\/wp-content\/uploads\/2019\/06\/b9587f78-3778-46e9-9f03-6b2fbfc43afc-150x150.jpg 150w, https:\/\/www.lashistorias.com.mx\/wp-content\/uploads\/2019\/06\/b9587f78-3778-46e9-9f03-6b2fbfc43afc-300x300.jpg 300w, https:\/\/www.lashistorias.com.mx\/wp-content\/uploads\/2019\/06\/b9587f78-3778-46e9-9f03-6b2fbfc43afc.jpg 899w\" sizes=\"auto, (max-width: 150px) 100vw, 150px\" data-attachment-id=\"14912\" data-permalink=\"https:\/\/www.lashistorias.com.mx\/index.php\/los-monstruos-de-nuestra-casa\/b9587f78-3778-46e9-9f03-6b2fbfc43afc\/\" data-orig-file=\"https:\/\/www.lashistorias.com.mx\/wp-content\/uploads\/2019\/06\/b9587f78-3778-46e9-9f03-6b2fbfc43afc.jpg\" data-orig-size=\"899,899\" data-comments-opened=\"1\" data-image-meta=\"{&quot;aperture&quot;:&quot;0&quot;,&quot;credit&quot;:&quot;&quot;,&quot;camera&quot;:&quot;&quot;,&quot;caption&quot;:&quot;&quot;,&quot;created_timestamp&quot;:&quot;0&quot;,&quot;copyright&quot;:&quot;&quot;,&quot;focal_length&quot;:&quot;0&quot;,&quot;iso&quot;:&quot;0&quot;,&quot;shutter_speed&quot;:&quot;0&quot;,&quot;title&quot;:&quot;&quot;,&quot;orientation&quot;:&quot;0&quot;}\" data-image-title=\"Escultura de la colecci\u00f3n de GDT\" data-image-description=\"\" data-image-caption=\"&lt;p&gt;Escultura de la colecci\u00f3n de GDT&lt;\/p&gt;\n\" data-large-file=\"https:\/\/www.lashistorias.com.mx\/wp-content\/uploads\/2019\/06\/b9587f78-3778-46e9-9f03-6b2fbfc43afc.jpg\" \/><\/div><a class=\"w-gallery-item-link\" aria-label=\"Escultura de la colecci\u00f3n de GDT\" href=\"https:\/\/www.lashistorias.com.mx\/wp-content\/uploads\/2019\/06\/b9587f78-3778-46e9-9f03-6b2fbfc43afc.jpg\" title=\"Escultura de la colecci\u00f3n de GDT\"><\/a><\/div><div class=\"w-gallery-item\"><div class=\"w-gallery-item-img\"><img loading=\"lazy\" decoding=\"async\" width=\"150\" height=\"150\" src=\"https:\/\/www.lashistorias.com.mx\/wp-content\/uploads\/2019\/06\/41d77a28-ce35-4834-847b-d8d3096a1c44-150x150.jpg\" class=\"attachment-thumbnail size-thumbnail\" alt=\"Ilustraci\u00f3n de &quot;El \u00e1nima sola&quot;\" srcset=\"https:\/\/www.lashistorias.com.mx\/wp-content\/uploads\/2019\/06\/41d77a28-ce35-4834-847b-d8d3096a1c44-150x150.jpg 150w, https:\/\/www.lashistorias.com.mx\/wp-content\/uploads\/2019\/06\/41d77a28-ce35-4834-847b-d8d3096a1c44-300x300.jpg 300w, https:\/\/www.lashistorias.com.mx\/wp-content\/uploads\/2019\/06\/41d77a28-ce35-4834-847b-d8d3096a1c44.jpg 719w\" sizes=\"auto, (max-width: 150px) 100vw, 150px\" data-attachment-id=\"14909\" data-permalink=\"https:\/\/www.lashistorias.com.mx\/index.php\/los-monstruos-de-nuestra-casa\/41d77a28-ce35-4834-847b-d8d3096a1c44\/\" data-orig-file=\"https:\/\/www.lashistorias.com.mx\/wp-content\/uploads\/2019\/06\/41d77a28-ce35-4834-847b-d8d3096a1c44.jpg\" data-orig-size=\"719,719\" data-comments-opened=\"1\" data-image-meta=\"{&quot;aperture&quot;:&quot;0&quot;,&quot;credit&quot;:&quot;&quot;,&quot;camera&quot;:&quot;&quot;,&quot;caption&quot;:&quot;&quot;,&quot;created_timestamp&quot;:&quot;0&quot;,&quot;copyright&quot;:&quot;&quot;,&quot;focal_length&quot;:&quot;0&quot;,&quot;iso&quot;:&quot;0&quot;,&quot;shutter_speed&quot;:&quot;0&quot;,&quot;title&quot;:&quot;&quot;,&quot;orientation&quot;:&quot;0&quot;}\" data-image-title=\"Ilustraci\u00f3n de \u00abEl \u00e1nima sola\u00bb\" data-image-description=\"\" data-image-caption=\"&lt;p&gt;Ilustraci\u00f3n de \u00abEl \u00e1nima sola\u00bb&lt;\/p&gt;\n\" data-large-file=\"https:\/\/www.lashistorias.com.mx\/wp-content\/uploads\/2019\/06\/41d77a28-ce35-4834-847b-d8d3096a1c44.jpg\" \/><\/div><a class=\"w-gallery-item-link\" aria-label=\"Ilustraci\u00f3n de &quot;El \u00e1nima sola&quot;\" href=\"https:\/\/www.lashistorias.com.mx\/wp-content\/uploads\/2019\/06\/41d77a28-ce35-4834-847b-d8d3096a1c44.jpg\" title=\"Ilustraci\u00f3n de &quot;El \u00e1nima sola&quot;\"><\/a><\/div><div class=\"w-gallery-item\"><div class=\"w-gallery-item-img\"><img loading=\"lazy\" decoding=\"async\" width=\"150\" height=\"150\" src=\"https:\/\/www.lashistorias.com.mx\/wp-content\/uploads\/2019\/06\/294f8188-3dc6-4e34-b83a-de8c1bd51347-150x150.jpg\" class=\"attachment-thumbnail size-thumbnail\" alt=\"Un personaje de &quot;El laberinto del fauno&quot;\" srcset=\"https:\/\/www.lashistorias.com.mx\/wp-content\/uploads\/2019\/06\/294f8188-3dc6-4e34-b83a-de8c1bd51347-150x150.jpg 150w, https:\/\/www.lashistorias.com.mx\/wp-content\/uploads\/2019\/06\/294f8188-3dc6-4e34-b83a-de8c1bd51347-300x300.jpg 300w, https:\/\/www.lashistorias.com.mx\/wp-content\/uploads\/2019\/06\/294f8188-3dc6-4e34-b83a-de8c1bd51347.jpg 899w\" sizes=\"auto, (max-width: 150px) 100vw, 150px\" data-attachment-id=\"14910\" data-permalink=\"https:\/\/www.lashistorias.com.mx\/index.php\/los-monstruos-de-nuestra-casa\/294f8188-3dc6-4e34-b83a-de8c1bd51347\/\" data-orig-file=\"https:\/\/www.lashistorias.com.mx\/wp-content\/uploads\/2019\/06\/294f8188-3dc6-4e34-b83a-de8c1bd51347.jpg\" data-orig-size=\"899,899\" data-comments-opened=\"1\" data-image-meta=\"{&quot;aperture&quot;:&quot;0&quot;,&quot;credit&quot;:&quot;&quot;,&quot;camera&quot;:&quot;&quot;,&quot;caption&quot;:&quot;&quot;,&quot;created_timestamp&quot;:&quot;0&quot;,&quot;copyright&quot;:&quot;&quot;,&quot;focal_length&quot;:&quot;0&quot;,&quot;iso&quot;:&quot;0&quot;,&quot;shutter_speed&quot;:&quot;0&quot;,&quot;title&quot;:&quot;&quot;,&quot;orientation&quot;:&quot;0&quot;}\" data-image-title=\"Un personaje de \u00abEl laberinto del fauno\u00bb\" data-image-description=\"\" data-image-caption=\"&lt;p&gt;El Hombre P\u00e1lido, personaje de \u00abEl laberinto del fauno\u00bb&lt;\/p&gt;\n\" data-large-file=\"https:\/\/www.lashistorias.com.mx\/wp-content\/uploads\/2019\/06\/294f8188-3dc6-4e34-b83a-de8c1bd51347.jpg\" \/><\/div><a class=\"w-gallery-item-link\" aria-label=\"El Hombre P\u00e1lido, personaje de &quot;El laberinto del fauno&quot;\" href=\"https:\/\/www.lashistorias.com.mx\/wp-content\/uploads\/2019\/06\/294f8188-3dc6-4e34-b83a-de8c1bd51347.jpg\" title=\"El Hombre P\u00e1lido, personaje de &quot;El laberinto del fauno&quot;\"><\/a><\/div><div class=\"w-gallery-item\"><div class=\"w-gallery-item-img\"><img loading=\"lazy\" decoding=\"async\" width=\"150\" height=\"150\" src=\"https:\/\/www.lashistorias.com.mx\/wp-content\/uploads\/2019\/06\/f29679a1-9ef0-48f4-98ad-45695fbcb12a-150x150.jpg\" class=\"attachment-thumbnail size-thumbnail\" alt=\"Ilustraci\u00f3n de una leyenda mexicana\" srcset=\"https:\/\/www.lashistorias.com.mx\/wp-content\/uploads\/2019\/06\/f29679a1-9ef0-48f4-98ad-45695fbcb12a-150x150.jpg 150w, https:\/\/www.lashistorias.com.mx\/wp-content\/uploads\/2019\/06\/f29679a1-9ef0-48f4-98ad-45695fbcb12a-300x300.jpg 300w, https:\/\/www.lashistorias.com.mx\/wp-content\/uploads\/2019\/06\/f29679a1-9ef0-48f4-98ad-45695fbcb12a.jpg 842w\" sizes=\"auto, (max-width: 150px) 100vw, 150px\" data-attachment-id=\"14914\" data-permalink=\"https:\/\/www.lashistorias.com.mx\/index.php\/los-monstruos-de-nuestra-casa\/f29679a1-9ef0-48f4-98ad-45695fbcb12a\/\" data-orig-file=\"https:\/\/www.lashistorias.com.mx\/wp-content\/uploads\/2019\/06\/f29679a1-9ef0-48f4-98ad-45695fbcb12a.jpg\" data-orig-size=\"842,842\" data-comments-opened=\"1\" data-image-meta=\"{&quot;aperture&quot;:&quot;0&quot;,&quot;credit&quot;:&quot;&quot;,&quot;camera&quot;:&quot;&quot;,&quot;caption&quot;:&quot;&quot;,&quot;created_timestamp&quot;:&quot;0&quot;,&quot;copyright&quot;:&quot;&quot;,&quot;focal_length&quot;:&quot;0&quot;,&quot;iso&quot;:&quot;0&quot;,&quot;shutter_speed&quot;:&quot;0&quot;,&quot;title&quot;:&quot;&quot;,&quot;orientation&quot;:&quot;0&quot;}\" data-image-title=\"Ilustraci\u00f3n de una leyenda mexicana\" data-image-description=\"\" data-image-caption=\"&lt;p&gt;Ilustraci\u00f3n de una leyenda mexicana&lt;\/p&gt;\n\" data-large-file=\"https:\/\/www.lashistorias.com.mx\/wp-content\/uploads\/2019\/06\/f29679a1-9ef0-48f4-98ad-45695fbcb12a.jpg\" \/><\/div><a class=\"w-gallery-item-link\" aria-label=\"Ilustraci\u00f3n de una leyenda mexicana\" href=\"https:\/\/www.lashistorias.com.mx\/wp-content\/uploads\/2019\/06\/f29679a1-9ef0-48f4-98ad-45695fbcb12a.jpg\" title=\"Ilustraci\u00f3n de una leyenda mexicana\"><\/a><\/div><div class=\"w-gallery-item\"><div class=\"w-gallery-item-img\"><img loading=\"lazy\" decoding=\"async\" width=\"150\" height=\"150\" src=\"https:\/\/www.lashistorias.com.mx\/wp-content\/uploads\/2019\/06\/5b884a59-9e0a-49cc-9955-1b355991debe-150x150.jpg\" class=\"attachment-thumbnail size-thumbnail\" alt=\"Un personaje de &quot;Hellboy&quot;\" srcset=\"https:\/\/www.lashistorias.com.mx\/wp-content\/uploads\/2019\/06\/5b884a59-9e0a-49cc-9955-1b355991debe-150x150.jpg 150w, https:\/\/www.lashistorias.com.mx\/wp-content\/uploads\/2019\/06\/5b884a59-9e0a-49cc-9955-1b355991debe-300x300.jpg 300w, https:\/\/www.lashistorias.com.mx\/wp-content\/uploads\/2019\/06\/5b884a59-9e0a-49cc-9955-1b355991debe.jpg 822w\" sizes=\"auto, (max-width: 150px) 100vw, 150px\" data-attachment-id=\"14908\" data-permalink=\"https:\/\/www.lashistorias.com.mx\/index.php\/los-monstruos-de-nuestra-casa\/5b884a59-9e0a-49cc-9955-1b355991debe\/\" data-orig-file=\"https:\/\/www.lashistorias.com.mx\/wp-content\/uploads\/2019\/06\/5b884a59-9e0a-49cc-9955-1b355991debe.jpg\" data-orig-size=\"822,822\" data-comments-opened=\"1\" data-image-meta=\"{&quot;aperture&quot;:&quot;0&quot;,&quot;credit&quot;:&quot;&quot;,&quot;camera&quot;:&quot;&quot;,&quot;caption&quot;:&quot;&quot;,&quot;created_timestamp&quot;:&quot;0&quot;,&quot;copyright&quot;:&quot;&quot;,&quot;focal_length&quot;:&quot;0&quot;,&quot;iso&quot;:&quot;0&quot;,&quot;shutter_speed&quot;:&quot;0&quot;,&quot;title&quot;:&quot;&quot;,&quot;orientation&quot;:&quot;0&quot;}\" data-image-title=\"Un personaje de \u00abHellboy\u00bb\" data-image-description=\"\" data-image-caption=\"&lt;p&gt;Un personaje de \u00abHellboy\u00bb&lt;\/p&gt;\n\" data-large-file=\"https:\/\/www.lashistorias.com.mx\/wp-content\/uploads\/2019\/06\/5b884a59-9e0a-49cc-9955-1b355991debe.jpg\" \/><\/div><a class=\"w-gallery-item-link\" aria-label=\"Un personaje de &quot;Hellboy&quot;\" href=\"https:\/\/www.lashistorias.com.mx\/wp-content\/uploads\/2019\/06\/5b884a59-9e0a-49cc-9955-1b355991debe.jpg\" title=\"Un personaje de &quot;Hellboy&quot;\"><\/a><\/div><div class=\"w-gallery-item\"><div class=\"w-gallery-item-img\"><img loading=\"lazy\" decoding=\"async\" width=\"150\" height=\"150\" src=\"https:\/\/www.lashistorias.com.mx\/wp-content\/uploads\/2019\/06\/16801a54-9963-4b2e-963d-90631d15e9cf-150x150.jpg\" class=\"attachment-thumbnail size-thumbnail\" alt=\"Caricatura pol\u00edtica mexicana\" srcset=\"https:\/\/www.lashistorias.com.mx\/wp-content\/uploads\/2019\/06\/16801a54-9963-4b2e-963d-90631d15e9cf-150x150.jpg 150w, https:\/\/www.lashistorias.com.mx\/wp-content\/uploads\/2019\/06\/16801a54-9963-4b2e-963d-90631d15e9cf-300x300.jpg 300w, https:\/\/www.lashistorias.com.mx\/wp-content\/uploads\/2019\/06\/16801a54-9963-4b2e-963d-90631d15e9cf.jpg 640w\" sizes=\"auto, (max-width: 150px) 100vw, 150px\" data-attachment-id=\"14911\" data-permalink=\"https:\/\/www.lashistorias.com.mx\/index.php\/los-monstruos-de-nuestra-casa\/16801a54-9963-4b2e-963d-90631d15e9cf\/\" data-orig-file=\"https:\/\/www.lashistorias.com.mx\/wp-content\/uploads\/2019\/06\/16801a54-9963-4b2e-963d-90631d15e9cf.jpg\" data-orig-size=\"640,640\" data-comments-opened=\"1\" data-image-meta=\"{&quot;aperture&quot;:&quot;0&quot;,&quot;credit&quot;:&quot;&quot;,&quot;camera&quot;:&quot;&quot;,&quot;caption&quot;:&quot;&quot;,&quot;created_timestamp&quot;:&quot;0&quot;,&quot;copyright&quot;:&quot;&quot;,&quot;focal_length&quot;:&quot;0&quot;,&quot;iso&quot;:&quot;0&quot;,&quot;shutter_speed&quot;:&quot;0&quot;,&quot;title&quot;:&quot;&quot;,&quot;orientation&quot;:&quot;0&quot;}\" data-image-title=\"Caricatura pol\u00edtica mexicana\" data-image-description=\"\" data-image-caption=\"&lt;p&gt;Caricatura pol\u00edtica mexicana&lt;\/p&gt;\n\" data-large-file=\"https:\/\/www.lashistorias.com.mx\/wp-content\/uploads\/2019\/06\/16801a54-9963-4b2e-963d-90631d15e9cf.jpg\" \/><\/div><a class=\"w-gallery-item-link\" aria-label=\"Caricatura pol\u00edtica mexicana\" href=\"https:\/\/www.lashistorias.com.mx\/wp-content\/uploads\/2019\/06\/16801a54-9963-4b2e-963d-90631d15e9cf.jpg\" title=\"Caricatura pol\u00edtica mexicana\"><\/a><\/div><div class=\"w-gallery-item\"><div class=\"w-gallery-item-img\"><img loading=\"lazy\" decoding=\"async\" width=\"150\" height=\"150\" src=\"https:\/\/www.lashistorias.com.mx\/wp-content\/uploads\/2019\/06\/Ruelas1-150x150.jpg\" class=\"attachment-thumbnail size-thumbnail\" alt=\"Dibujo de Julio Ruelas\" srcset=\"https:\/\/www.lashistorias.com.mx\/wp-content\/uploads\/2019\/06\/Ruelas1-150x150.jpg 150w, https:\/\/www.lashistorias.com.mx\/wp-content\/uploads\/2019\/06\/Ruelas1-300x300.jpg 300w, https:\/\/www.lashistorias.com.mx\/wp-content\/uploads\/2019\/06\/Ruelas1-1024x1024.jpg 1024w, https:\/\/www.lashistorias.com.mx\/wp-content\/uploads\/2019\/06\/Ruelas1.jpg 1373w\" sizes=\"auto, (max-width: 150px) 100vw, 150px\" data-attachment-id=\"14920\" data-permalink=\"https:\/\/www.lashistorias.com.mx\/index.php\/los-monstruos-de-nuestra-casa\/ruelas1\/\" data-orig-file=\"https:\/\/www.lashistorias.com.mx\/wp-content\/uploads\/2019\/06\/Ruelas1.jpg\" data-orig-size=\"1373,1372\" data-comments-opened=\"1\" data-image-meta=\"{&quot;aperture&quot;:&quot;0&quot;,&quot;credit&quot;:&quot;&quot;,&quot;camera&quot;:&quot;&quot;,&quot;caption&quot;:&quot;&quot;,&quot;created_timestamp&quot;:&quot;0&quot;,&quot;copyright&quot;:&quot;&quot;,&quot;focal_length&quot;:&quot;0&quot;,&quot;iso&quot;:&quot;0&quot;,&quot;shutter_speed&quot;:&quot;0&quot;,&quot;title&quot;:&quot;&quot;,&quot;orientation&quot;:&quot;1&quot;}\" data-image-title=\"Dibujo de Julio ruelas\" data-image-description=\"\" data-image-caption=\"&lt;p&gt;Dibujo de Julio Ruelas&lt;\/p&gt;\n\" data-large-file=\"https:\/\/www.lashistorias.com.mx\/wp-content\/uploads\/2019\/06\/Ruelas1-1024x1024.jpg\" \/><\/div><a class=\"w-gallery-item-link\" aria-label=\"Dibujo de Julio Ruelas\" href=\"https:\/\/www.lashistorias.com.mx\/wp-content\/uploads\/2019\/06\/Ruelas1.jpg\" title=\"Dibujo de Julio Ruelas\"><\/a><\/div><div class=\"w-gallery-item\"><div class=\"w-gallery-item-img\"><img loading=\"lazy\" decoding=\"async\" width=\"150\" height=\"150\" src=\"https:\/\/www.lashistorias.com.mx\/wp-content\/uploads\/2019\/06\/DelToro-150x150.jpg\" class=\"attachment-thumbnail size-thumbnail\" alt=\"Busto de Guillermo del Toro\" srcset=\"https:\/\/www.lashistorias.com.mx\/wp-content\/uploads\/2019\/06\/DelToro-150x150.jpg 150w, https:\/\/www.lashistorias.com.mx\/wp-content\/uploads\/2019\/06\/DelToro-300x300.jpg 300w, https:\/\/www.lashistorias.com.mx\/wp-content\/uploads\/2019\/06\/DelToro.jpg 529w\" sizes=\"auto, (max-width: 150px) 100vw, 150px\" data-attachment-id=\"14919\" data-permalink=\"https:\/\/www.lashistorias.com.mx\/index.php\/los-monstruos-de-nuestra-casa\/deltoro\/\" data-orig-file=\"https:\/\/www.lashistorias.com.mx\/wp-content\/uploads\/2019\/06\/DelToro.jpg\" data-orig-size=\"529,529\" data-comments-opened=\"1\" data-image-meta=\"{&quot;aperture&quot;:&quot;0&quot;,&quot;credit&quot;:&quot;&quot;,&quot;camera&quot;:&quot;&quot;,&quot;caption&quot;:&quot;&quot;,&quot;created_timestamp&quot;:&quot;0&quot;,&quot;copyright&quot;:&quot;&quot;,&quot;focal_length&quot;:&quot;0&quot;,&quot;iso&quot;:&quot;0&quot;,&quot;shutter_speed&quot;:&quot;0&quot;,&quot;title&quot;:&quot;&quot;,&quot;orientation&quot;:&quot;1&quot;}\" data-image-title=\"Del Toro\" data-image-description=\"\" data-image-caption=\"&lt;p&gt;Busto de Guillermo del Toro&lt;\/p&gt;\n\" data-large-file=\"https:\/\/www.lashistorias.com.mx\/wp-content\/uploads\/2019\/06\/DelToro.jpg\" \/><\/div><a class=\"w-gallery-item-link\" aria-label=\"Busto de Guillermo del Toro\" href=\"https:\/\/www.lashistorias.com.mx\/wp-content\/uploads\/2019\/06\/DelToro.jpg\" title=\"Busto de Guillermo del Toro\"><\/a><\/div><\/div><\/div>\n<p><em>En casa con mis monstruos<\/em>, por supuesto, es una maravilla. Todas las influencias del cineasta quedan al descubierto, y tambi\u00e9n la forma en que del Toro ha transformado esas influencias en su propia obra, por no hablar de su gran ojo de coleccionista. Ilustraciones, libros, dise\u00f1os de producci\u00f3n y objetos de utiler\u00eda, tanto de su obra como de muchas otras, se unen con objetos de otros archivos y colecciones locales.<\/p>\n<p>Gracias a ellas, incluso las personas con menos conocimiento de la historia de las artes puede constatar que buena parte de las influencias de del Toro son de origen extranjero: desde Poe hasta Moebius, desde Lovecraft hasta el cine de la Universal. La tradici\u00f3n proverbial de los sue\u00f1os y los monstruos de occidente, en fin, a la que del Toro ha hecho homenaje expl\u00edcito en todas sus pel\u00edculas. El origen de la criatura de <em>La forma del agua<\/em> o del aparato m\u00e1gico de <em>Cronos<\/em>, el entramado mitol\u00f3gico de los demonios de <em>Hellboy<\/em>, todo queda claro al ver la muestra.<\/p>\n<p>Pero otra parte de <em>En casa con mis monstruos<\/em> es a\u00fan m\u00e1s importante, porque est\u00e1 dedicada a poner esas influencias en contexto con las <em>mexicanas<\/em>. A comparar las obras, historias y criaturas de otros lugares con las que han existido aqu\u00ed, por lo menos, desde la Colonia. Arte sacro y caricatura pol\u00edtica; ilustraciones de leyendas y consejas, parodias, caricaturas, pesadillas, historias de horror y desconcierto desde lo m\u00e1s \u201calto\u201d hasta lo m\u00e1s \u201cbajo\u201d de la cultura nacional, todo est\u00e1 representado y queda claro que la formaci\u00f3n del cineasta, como la de la mayor parte de los habitantes del pa\u00eds, estuvo expuesta a todas esas otras formas de la imaginaci\u00f3n fant\u00e1stica.<\/p>\n<p>No es poca cosa, pues significa que la obra de Guillermo del Toro nunca ha existido en el vac\u00edo, ni siquiera en su propio pa\u00eds.<\/p>\n<p>Lo anterior importa porque aqu\u00ed en M\u00e9xico ya ha pasado al menos un siglo de discusiones (sin llegar a nada) alrededor de un tema que desde fuera podr\u00eda parecer absurdo: si la cultura mexicana es capaz o no de imaginar, si no es \u00abpor naturaleza\u00bb literal, imitativa, incapacitada para cualquier otra cosa. Algunos cr\u00edticos y colegas parecen creerlo, y muchas personas sin v\u00ednculo con el cine o la literatura tambi\u00e9n.<\/p>\n<p>Pero la verdad es que no es as\u00ed. Es s\u00f3lo que a veces nos hemos empe\u00f1ado en creernos menos capaces de lo que somos. En no admitir que nuestra vida interior est\u00e1 en nuestras artes tambi\u00e9n: a la vista. No es una cuesti\u00f3n de corrientes, subg\u00e9neros, tendencias ni mercados culturales. La imaginaci\u00f3n fant\u00e1stica mexicana aparece lo mismo en Juan Rulfo que en Sor Juana In\u00e9s de la Cruz, en Amparo D\u00e1vila que en Julio Ruelas, en Remedios Varo que en Guillermo del Toro.<\/p>\n<p>Nuestra relaci\u00f3n problem\u00e1tica, represiva con esa imaginaci\u00f3n la vuelve m\u00e1s afilada, estridente, caprichosa. Pero tambi\u00e9n la vuelve m\u00e1s necesaria, porque es una aptitud \u00fatil \u2013indispensable, incluso\u2013 para la supervivencia de una comunidad.<\/p>\n<p>Si no conocen esta imaginaci\u00f3n, pueden verla en <em>En casa con mis monstruos<\/em>, en la obra de Guillermo del Toro, o en muchas otras pel\u00edculas, textos, obras pl\u00e1sticas y audiovisuales. Son los monstruos de nuestra propia casa, son obra nuestra, y existen para nosotros.<\/p>\n<p><a ref=\"magnificPopup\" href=\"https:\/\/www.lashistorias.com.mx\/wp-content\/uploads\/2019\/06\/c96d4197-779e-4793-9712-526201cf5de6.jpg\"><img loading=\"lazy\" decoding=\"async\" data-attachment-id=\"14913\" data-permalink=\"https:\/\/www.lashistorias.com.mx\/index.php\/los-monstruos-de-nuestra-casa\/c96d4197-779e-4793-9712-526201cf5de6\/\" data-orig-file=\"https:\/\/www.lashistorias.com.mx\/wp-content\/uploads\/2019\/06\/c96d4197-779e-4793-9712-526201cf5de6.jpg\" data-orig-size=\"899,899\" data-comments-opened=\"1\" data-image-meta=\"{&quot;aperture&quot;:&quot;0&quot;,&quot;credit&quot;:&quot;&quot;,&quot;camera&quot;:&quot;&quot;,&quot;caption&quot;:&quot;&quot;,&quot;created_timestamp&quot;:&quot;0&quot;,&quot;copyright&quot;:&quot;&quot;,&quot;focal_length&quot;:&quot;0&quot;,&quot;iso&quot;:&quot;0&quot;,&quot;shutter_speed&quot;:&quot;0&quot;,&quot;title&quot;:&quot;&quot;,&quot;orientation&quot;:&quot;0&quot;}\" data-image-title=\"Ante un cuadro\" data-image-description=\"\" data-image-caption=\"\" data-large-file=\"https:\/\/www.lashistorias.com.mx\/wp-content\/uploads\/2019\/06\/c96d4197-779e-4793-9712-526201cf5de6.jpg\" class=\"size-medium wp-image-14913 aligncenter\" src=\"https:\/\/www.lashistorias.com.mx\/wp-content\/uploads\/2019\/06\/c96d4197-779e-4793-9712-526201cf5de6-300x300.jpg\" alt=\"Ante un cuadro\" width=\"300\" height=\"300\" srcset=\"https:\/\/www.lashistorias.com.mx\/wp-content\/uploads\/2019\/06\/c96d4197-779e-4793-9712-526201cf5de6-300x300.jpg 300w, https:\/\/www.lashistorias.com.mx\/wp-content\/uploads\/2019\/06\/c96d4197-779e-4793-9712-526201cf5de6-150x150.jpg 150w, https:\/\/www.lashistorias.com.mx\/wp-content\/uploads\/2019\/06\/c96d4197-779e-4793-9712-526201cf5de6.jpg 899w\" sizes=\"auto, (max-width: 300px) 100vw, 300px\" \/><\/a><\/p>\n","protected":false},"excerpt":{"rendered":"<p>La imaginaci\u00f3n fant\u00e1stica mexicana, revelada en la exposici\u00f3n \u00abEn casa con mis monstruos\u00bb del cineasta Guillermo del Toro.<\/p>\n","protected":false},"author":1,"featured_media":14906,"comment_status":"open","ping_status":"open","sticky":false,"template":"","format":"standard","meta":{"advanced_seo_description":"","jetpack_seo_html_title":"","jetpack_seo_noindex":false,"jetpack_post_was_ever_published":false,"_jetpack_newsletter_access":"","_jetpack_dont_email_post_to_subs":false,"_jetpack_newsletter_tier_id":0,"_jetpack_memberships_contains_paywalled_content":false,"_jetpack_memberships_contains_paid_content":false,"footnotes":"","jetpack_publicize_message":"","jetpack_publicize_feature_enabled":true,"jetpack_social_post_already_shared":true,"jetpack_social_options":{"image_generator_settings":{"template":"highway","default_image_id":0,"font":"","enabled":false},"version":2}},"categories":[1520],"tags":[2860,3117,3290,3293,3287,2272,3294,2892,3292,2291,360,11],"class_list":["post-14904","post","type-post","status-publish","format-standard","has-post-thumbnail","hentry","category-cuaderno","tag-cine","tag-cine-fantastico","tag-cronos","tag-en-casa-con-mis-monstruos","tag-exposiciones","tag-guillermo-del-toro","tag-hellboy","tag-imaginacion-fantastica","tag-la-forma-del-agua","tag-literatura-de-imaginacion","tag-literatura-fantastica","tag-opiniones"],"jetpack_publicize_connections":[],"jetpack_featured_media_url":"https:\/\/www.lashistorias.com.mx\/wp-content\/uploads\/2019\/06\/8a123f4b-852f-487c-a7ab-9cfc0dd7b4a3.jpg","jetpack_shortlink":"https:\/\/wp.me\/pjEhq-3So","jetpack_sharing_enabled":true,"_links":{"self":[{"href":"https:\/\/www.lashistorias.com.mx\/index.php\/wp-json\/wp\/v2\/posts\/14904","targetHints":{"allow":["GET"]}}],"collection":[{"href":"https:\/\/www.lashistorias.com.mx\/index.php\/wp-json\/wp\/v2\/posts"}],"about":[{"href":"https:\/\/www.lashistorias.com.mx\/index.php\/wp-json\/wp\/v2\/types\/post"}],"author":[{"embeddable":true,"href":"https:\/\/www.lashistorias.com.mx\/index.php\/wp-json\/wp\/v2\/users\/1"}],"replies":[{"embeddable":true,"href":"https:\/\/www.lashistorias.com.mx\/index.php\/wp-json\/wp\/v2\/comments?post=14904"}],"version-history":[{"count":6,"href":"https:\/\/www.lashistorias.com.mx\/index.php\/wp-json\/wp\/v2\/posts\/14904\/revisions"}],"predecessor-version":[{"id":14921,"href":"https:\/\/www.lashistorias.com.mx\/index.php\/wp-json\/wp\/v2\/posts\/14904\/revisions\/14921"}],"wp:featuredmedia":[{"embeddable":true,"href":"https:\/\/www.lashistorias.com.mx\/index.php\/wp-json\/wp\/v2\/media\/14906"}],"wp:attachment":[{"href":"https:\/\/www.lashistorias.com.mx\/index.php\/wp-json\/wp\/v2\/media?parent=14904"}],"wp:term":[{"taxonomy":"category","embeddable":true,"href":"https:\/\/www.lashistorias.com.mx\/index.php\/wp-json\/wp\/v2\/categories?post=14904"},{"taxonomy":"post_tag","embeddable":true,"href":"https:\/\/www.lashistorias.com.mx\/index.php\/wp-json\/wp\/v2\/tags?post=14904"}],"curies":[{"name":"wp","href":"https:\/\/api.w.org\/{rel}","templated":true}]}}