{"id":14532,"date":"2018-07-03T09:20:42","date_gmt":"2018-07-03T14:20:42","guid":{"rendered":"http:\/\/www.lashistorias.com.mx\/?p=14532"},"modified":"2018-07-02T22:02:17","modified_gmt":"2018-07-03T03:02:17","slug":"concurso-136","status":"publish","type":"post","link":"https:\/\/www.lashistorias.com.mx\/index.php\/concurso-136\/","title":{"rendered":"Concurso #136"},"content":{"rendered":"<p>Luego de una pausa obligada, Las Historias convoca a su concurso #136 de minificci\u00f3n o microrrelato. Las personas interesadas en participar pueden comenzar observando esta imagen:<\/p>\n<p><a ref=\"magnificPopup\" href=\"https:\/\/www.lashistorias.com.mx\/wp-content\/uploads\/2018\/07\/Casa.jpeg\"><img loading=\"lazy\" decoding=\"async\" data-attachment-id=\"14533\" data-permalink=\"https:\/\/www.lashistorias.com.mx\/index.php\/concurso-136\/casa\/\" data-orig-file=\"https:\/\/www.lashistorias.com.mx\/wp-content\/uploads\/2018\/07\/Casa.jpeg\" data-orig-size=\"1160,653\" data-comments-opened=\"1\" data-image-meta=\"{&quot;aperture&quot;:&quot;0&quot;,&quot;credit&quot;:&quot;&quot;,&quot;camera&quot;:&quot;&quot;,&quot;caption&quot;:&quot;&quot;,&quot;created_timestamp&quot;:&quot;0&quot;,&quot;copyright&quot;:&quot;&quot;,&quot;focal_length&quot;:&quot;0&quot;,&quot;iso&quot;:&quot;0&quot;,&quot;shutter_speed&quot;:&quot;0&quot;,&quot;title&quot;:&quot;&quot;,&quot;orientation&quot;:&quot;0&quot;}\" data-image-title=\"Concurso #136\" data-image-description=\"\" data-image-caption=\"\" data-large-file=\"https:\/\/www.lashistorias.com.mx\/wp-content\/uploads\/2018\/07\/Casa-1024x576.jpeg\" src=\"https:\/\/www.lashistorias.com.mx\/wp-content\/uploads\/2018\/07\/Casa-1024x576.jpeg\" alt=\"\" width=\"1024\" height=\"576\" class=\"aligncenter size-large wp-image-14533\" srcset=\"https:\/\/www.lashistorias.com.mx\/wp-content\/uploads\/2018\/07\/Casa-1024x576.jpeg 1024w, https:\/\/www.lashistorias.com.mx\/wp-content\/uploads\/2018\/07\/Casa-300x169.jpeg 300w, https:\/\/www.lashistorias.com.mx\/wp-content\/uploads\/2018\/07\/Casa.jpeg 1160w\" sizes=\"auto, (max-width: 1024px) 100vw, 1024px\" \/><\/a><\/p>\n<p>Instrucciones:<\/p>\n<p>1) Suponer que esta imagen representa un instante de una historia.<\/p>\n<p>2) Imaginar cu\u00e1l es esa historia: qu\u00e9 est\u00e1 pasando all\u00ed, por qu\u00e9, qui\u00e9nes est\u00e1n presentes (o no), qu\u00e9 est\u00e1n haciendo. <strong>No se trata de explicar la imagen, ni de escribirle un pie de foto, sino de tomarla como punto de partida para imaginar una historia propia.<\/strong><\/p>\n<p>3) Escribir la historia, en forma de cuento brev\u00edsimo (minificci\u00f3n, microrrelato; el nombre es lo de menos), en los comentarios de esta misma nota. Aunque no hay una regla estricta sobre la extensi\u00f3n de la minificci\u00f3n, se recomienda que los textos no rebasen las 200 palabras.<\/p>\n<p>Quienes ganen el concurso recibir\u00e1n un trofeo virtual y ser\u00e1n seleccionados considerando la opini\u00f3n de quienes decidan opinar.<\/p>\n<p>La fecha l\u00edmite para participar es el <strong>28 de julio de 2018<\/strong>. La invitaci\u00f3n queda abierta.<\/p>\n","protected":false},"excerpt":{"rendered":"<p>Luego de una pausa, vuelve a abrirse el concurso de minificci\u00f3n de este sitio.<\/p>\n","protected":false},"author":1,"featured_media":14533,"comment_status":"open","ping_status":"open","sticky":false,"template":"","format":"standard","meta":{"advanced_seo_description":"","jetpack_seo_html_title":"","jetpack_seo_noindex":false,"jetpack_post_was_ever_published":false,"_jetpack_newsletter_access":"","_jetpack_dont_email_post_to_subs":false,"_jetpack_newsletter_tier_id":0,"_jetpack_memberships_contains_paywalled_content":false,"_jetpack_memberships_contains_paid_content":false,"footnotes":"","jetpack_publicize_message":"Concurso #136","jetpack_publicize_feature_enabled":true,"jetpack_social_post_already_shared":true,"jetpack_social_options":{"image_generator_settings":{"template":"highway","default_image_id":0,"font":"","enabled":false},"version":2}},"categories":[557],"tags":[2865,2549,397],"class_list":["post-14532","post","type-post","status-publish","format-standard","has-post-thumbnail","hentry","category-concurso","tag-concurso","tag-microrrelato","tag-minificcion"],"jetpack_publicize_connections":[],"jetpack_featured_media_url":"https:\/\/www.lashistorias.com.mx\/wp-content\/uploads\/2018\/07\/Casa.jpeg","jetpack_shortlink":"https:\/\/wp.me\/pjEhq-3Mo","jetpack_sharing_enabled":true,"_links":{"self":[{"href":"https:\/\/www.lashistorias.com.mx\/index.php\/wp-json\/wp\/v2\/posts\/14532","targetHints":{"allow":["GET"]}}],"collection":[{"href":"https:\/\/www.lashistorias.com.mx\/index.php\/wp-json\/wp\/v2\/posts"}],"about":[{"href":"https:\/\/www.lashistorias.com.mx\/index.php\/wp-json\/wp\/v2\/types\/post"}],"author":[{"embeddable":true,"href":"https:\/\/www.lashistorias.com.mx\/index.php\/wp-json\/wp\/v2\/users\/1"}],"replies":[{"embeddable":true,"href":"https:\/\/www.lashistorias.com.mx\/index.php\/wp-json\/wp\/v2\/comments?post=14532"}],"version-history":[{"count":2,"href":"https:\/\/www.lashistorias.com.mx\/index.php\/wp-json\/wp\/v2\/posts\/14532\/revisions"}],"predecessor-version":[{"id":14535,"href":"https:\/\/www.lashistorias.com.mx\/index.php\/wp-json\/wp\/v2\/posts\/14532\/revisions\/14535"}],"wp:featuredmedia":[{"embeddable":true,"href":"https:\/\/www.lashistorias.com.mx\/index.php\/wp-json\/wp\/v2\/media\/14533"}],"wp:attachment":[{"href":"https:\/\/www.lashistorias.com.mx\/index.php\/wp-json\/wp\/v2\/media?parent=14532"}],"wp:term":[{"taxonomy":"category","embeddable":true,"href":"https:\/\/www.lashistorias.com.mx\/index.php\/wp-json\/wp\/v2\/categories?post=14532"},{"taxonomy":"post_tag","embeddable":true,"href":"https:\/\/www.lashistorias.com.mx\/index.php\/wp-json\/wp\/v2\/tags?post=14532"}],"curies":[{"name":"wp","href":"https:\/\/api.w.org\/{rel}","templated":true}]}}