{"id":14169,"date":"2017-12-31T15:06:28","date_gmt":"2017-12-31T21:06:28","guid":{"rendered":"http:\/\/www.lashistorias.com.mx\/?p=14169"},"modified":"2017-12-31T15:07:14","modified_gmt":"2017-12-31T21:07:14","slug":"ultimos-cortes-de-2017","status":"publish","type":"post","link":"https:\/\/www.lashistorias.com.mx\/index.php\/ultimos-cortes-de-2017\/","title":{"rendered":"\u00daltimos cortes de 2017"},"content":{"rendered":"<p>Notas surtidas para redondear este a\u00f1o, que fue nefasto de muchas maneras pero que tuvo \u2013al menos para m\u00ed\u2013 un poco m\u00e1s de vida que 2016.<\/p>\n<p style=\"text-align: center;\">*<\/p>\n<p>Me enter\u00e9 tarde de un par de mensajes donde se me ped\u00eda hacer mi lista de los mejores libros del a\u00f1o. Es un ejercicio inc\u00f3modo: por un lado es muy halagador, porque da a pensar que la opini\u00f3n de uno tiene valor, y por el otro obliga a dudar. \u00bfC\u00f3mo se puede pretender \u2013saber siquiera\u2013 que real e indudablemente se ha le\u00eddo \u00ablo mejor\u00bb? Es un problema que tienen hasta los cr\u00edticos m\u00e1s reputados, y yo ni siquiera soy cr\u00edtico.<\/p>\n<p>Una tercera invitaci\u00f3n,&nbsp; que s\u00ed pude aceptar, fue para&nbsp;<a href=\"https:\/\/cultura.nexos.com.mx\/?p=14453\">esta encuesta de la revista <i>Nexos<\/i><\/a>, en la que los libros ganadores lo fueron por mayor\u00eda de votos, as\u00ed que mis preferencias no se ven (y probablemente as\u00ed sea mejor). S\u00ed puedo decir, por otro lado, que los libros que propuse fueron escritos exclusivamente por mujeres. No fue dif\u00edcil hacer la selecci\u00f3n. <em>Hab\u00eda mucha neblina o humo o no s\u00e9 qu\u00e9<\/em> de Cristina Rivera Garza; <em>Temporada de huracanes<\/em> de Fernanda Melchor; <em>Orfeo<\/em> de Martha Riva Palacio Ob\u00f3n y bastantes m\u00e1s libros estupendos, y aparecidos en 2017, estaban en la lista. (Casi con seguridad habr\u00eda estado tambi\u00e9n un libro que apareci\u00f3 en 2017 pero no he conseguido todav\u00eda: <em>The Mountain With Teeth: historias de piedra<\/em> de Alejandra G\u00e1mez.)<\/p>\n<p>Desde luego, lectoras, activistas y escritoras no necesitan que ning\u00fan hombre se sume a <a href=\"https:\/\/www.facebook.com\/librosb4tipos\/\">las muchas iniciativas<\/a> que ellas mismas est\u00e1n haciendo ya para reclamar m\u00e1s visibilidad y justicia para las mujeres en un mundo con enorme desigualdad y, concretamente, en un pa\u00eds en el que miles de mujeres son muertas cada a\u00f1o sin que sus asesinos sean castigados. Pero no s\u00f3lo es necesario contribuir a compensar la desigualdad, y hacerlo no disminuye el m\u00e9rito de los libros no escritos por mujeres: adem\u00e1s, en mi caso el acto es (por supuesto) ajeno a cualquier identificaci\u00f3n tribal, y en el futuro que viene nos van a hacer mucha falta muchos actos as\u00ed: m\u00e1s formas de encontrar puntos de contacto con otros seres humanos que no est\u00e9n ya en nuestras burbujas informativas. Los medios no estar\u00e1n de nuestra parte.&nbsp;<\/p>\n<p style=\"text-align: center;\">*<\/p>\n<p>Hablando de medios, hace un a\u00f1o termin\u00e9 las publicaciones de 2016 con un art\u00edculo en Medium, que titul\u00e9 <a href=\"https:\/\/medium.com\/espanol\/el-a%C3%B1o-nefasto-a040690f5258\">\u00abEl a\u00f1o nefasto\u00bb<\/a>. Fue la \u00faltima vez que me asom\u00e9 a aquella plataforma: durante 2017 (pienso) se ha vuelto mucho m\u00e1s visible la forma en que nuestra publicaci\u00f3n incesante en redes sociales es trabajo no remunerado que hacemos para ellas. No s\u00e9 si har\u00e9 m\u00e1s al respecto, pero entretanto este sitio seguir\u00e1 abierto al menos un a\u00f1o m\u00e1s. Tambi\u00e9n he agregado&nbsp;<a href=\"https:\/\/www.lashistorias.com.mx\/index.php\/textos\/\">textos nuevos<\/a>&nbsp;para leer en l\u00ednea, y habr\u00e1 algunos m\u00e1s en las semanas por venir.&nbsp;<\/p>\n<p style=\"text-align: center;\">*<\/p>\n<p>En la FIL Guadalajara de este a\u00f1o,&nbsp; me toc\u00f3 escribir una columna diaria para el suplemento <em>FILIAS<\/em>, del diario <em>Milenio<\/em>. Hac\u00eda mucho que no ten\u00eda un encargo as\u00ed, que contribuy\u00f3 al agotamiento general que suele producir la Feria pero que agradezco a Jos\u00e9 Luis Mart\u00ednez. La columna se llam\u00f3 \u00abEl buscador\u00bb; como me gustan los libros raros, recomiendo uno o m\u00e1s en cada entrega adem\u00e1s de comentar aspectos de la Feria. Aqu\u00ed est\u00e1 la lista de las entregas:<\/p>\n<ol>\n<li><a href=\"http:\/\/m.milenio.com\/cultura\/emmanuel_carrere-alberto_chimal-premio_fil-el_adversario_0_1073892712.html\">\u00abElogio del adversario\u00bb<\/a>, sobre Emmanuel Carr\u00e8re, ganador del Premio FIL 2017.<\/li>\n<li><a href=\"http:\/\/m.milenio.com\/filias\/alberto_chimal-fil_2017_guadalajara-el_buscador-juan_perro-santiago_auseron-canciones_0_1074492720.html\">\u00abAlias Juan Perro\u00bb<\/a>, sobre el poeta y cantautor espa\u00f1ol Santiago Auser\u00f3n.&nbsp;<\/li>\n<li><a href=\"http:\/\/m.milenio.com\/filias\/literatura_juvenil-jk_rowling-libros_ninos-alberto_chimal-fil2017_guadalajara_0_1075092621.html\">\u00ab\u00bfQu\u00e9 est\u00e1 pasando con la literatura infantil y juvenil en M\u00e9xico?\u00bb<\/a>, con \u00e9nfasis en el caso de Martha Riva Palacio y <i>Orfeo.<\/i>&nbsp;<\/li>\n<li><a href=\"http:\/\/m.milenio.com\/filias\/editoriales_independientes-indie-alberto_chimal_0_1075692531.html\">\u00ab\u00bfQu\u00e9 significa ser una editorial <i>indie<\/i>?\u00bb<\/a><\/li>\n<li><a href=\"http:\/\/m.milenio.com\/filias\/juan_rulfo_homenaje-fil_2017_guadalajara-de_todos_modos_juan_te_llamas-alberto_chimal_0_1076292506.html\">\u00abDe todos modos Juan te llamas\u00bb<\/a>, sobre la obra y la persistencia de Juan Rulfo.&nbsp;<\/li>\n<li>\u00abEncuentro Internacional de Cuentistas\u00bb (que vino en dos partes:<a href=\"http:\/\/m.milenio.com\/filias\/cuento-encuentro_cuentistas-alberto_chimal-columna_0_1076292780.html\"> la primera<\/a>&nbsp;y&nbsp;<a href=\"http:\/\/m.milenio.com\/filias\/cuentos-alberto_chimal-encuentro_cuentistas-fil_2017_guadalajara_0_1077492341.html\">la segunda<\/a>), acerca del Encuentro y tambi\u00e9n de la persistencia del cuento, que es una forma de escritura antigua a la que dan por muerta con frecuencia pero no se muere.<\/li>\n<li><a href=\"http:\/\/m.milenio.com\/filias\/alberto_chimal-fil_2017_guadalajara-libros-feria-promocion_lectura_0_1077492502.html\">\u00abElogio de la Feria\u00bb<\/a>, acerca del valor que tiene, pese a lo que crean algunas personas, algo tan humilde como un espacio f\u00edsico lleno de libros.&nbsp;<\/li>\n<\/ol>\n<p style=\"text-align: center;\">*<\/p>\n<p>Siempre deseo, al final del a\u00f1o, que el que viene sea mejor de lo que esperamos. Es una despedida laica y de buenas intenciones. Los a\u00f1os recientes \u2013o eso parece desde mi perspectiva, con no poca influencia de redes y medios masivos\u2013 nos han quedado muy mal, y el que viene ser\u00e1 particularmente duro en M\u00e9xico. De cualquier forma, espero que podamos encontrarnos en su otro extremo, igual que ahora, y esperar nuevamente una sorpresa en el futuro.&nbsp;<\/p>\n<p style=\"text-align: center;\">*<\/p>\n<p style=\"text-align: center;\"><a ref=\"magnificPopup\" href=\"https:\/\/www.lashistorias.com.mx\/wp-content\/uploads\/2017\/12\/img-20171230-wa00037848918832494163820.jpg\"><img loading=\"lazy\" decoding=\"async\" data-attachment-id=\"14341\" data-permalink=\"https:\/\/www.lashistorias.com.mx\/index.php\/ultimos-cortes-de-2017\/img-20171230-wa00037848918832494163820-jpg\/\" data-orig-file=\"https:\/\/www.lashistorias.com.mx\/wp-content\/uploads\/2017\/12\/img-20171230-wa00037848918832494163820.jpg\" data-orig-size=\"1280,960\" data-comments-opened=\"1\" data-image-meta=\"{&quot;aperture&quot;:&quot;0&quot;,&quot;credit&quot;:&quot;&quot;,&quot;camera&quot;:&quot;&quot;,&quot;caption&quot;:&quot;&quot;,&quot;created_timestamp&quot;:&quot;0&quot;,&quot;copyright&quot;:&quot;&quot;,&quot;focal_length&quot;:&quot;0&quot;,&quot;iso&quot;:&quot;0&quot;,&quot;shutter_speed&quot;:&quot;0&quot;,&quot;title&quot;:&quot;&quot;,&quot;orientation&quot;:&quot;0&quot;}\" data-image-title=\"img-20171230-wa00037848918832494163820.jpg\" data-image-description=\"\" data-image-caption=\"\" data-large-file=\"https:\/\/www.lashistorias.com.mx\/wp-content\/uploads\/2017\/12\/img-20171230-wa00037848918832494163820-1024x768.jpg\" src=\"https:\/\/www.lashistorias.com.mx\/wp-content\/uploads\/2017\/12\/img-20171230-wa00037848918832494163820.jpg\" alt=\"\" class=\"wp-image-14341 alignnone size-full\" width=\"1280\" height=\"960\" srcset=\"https:\/\/www.lashistorias.com.mx\/wp-content\/uploads\/2017\/12\/img-20171230-wa00037848918832494163820.jpg 1280w, https:\/\/www.lashistorias.com.mx\/wp-content\/uploads\/2017\/12\/img-20171230-wa00037848918832494163820-300x225.jpg 300w, https:\/\/www.lashistorias.com.mx\/wp-content\/uploads\/2017\/12\/img-20171230-wa00037848918832494163820-1024x768.jpg 1024w\" sizes=\"auto, (max-width: 1280px) 100vw, 1280px\" \/><\/a><\/p>\n<p style=\"text-align: center;\">*<\/p>\n<p>Esta m\u00fasica nos puede acompa\u00f1ar en el paso de un a\u00f1o al siguiente, o en cualquiera de los d\u00edas a\u00fan por venir. Es una versi\u00f3n en vivo, y muy bella, del <i>Canto Ostinato<\/i> de Simeon Ten Holt, grabada en Holanda. \u00a1Feliz 2018!<\/p>\n<p><iframe loading=\"lazy\" src=\"https:\/\/www.youtube.com\/embed\/JDCsOL2vBJc\" width=\"560\" height=\"315\" frameborder=\"0\" allowfullscreen=\"allowfullscreen\"><\/iframe><\/p>\n","protected":false},"excerpt":{"rendered":"<p>Anotaciones para el fin de 2017: enlaces, opiniones, listas y m\u00fasica.<\/p>\n","protected":false},"author":1,"featured_media":14340,"comment_status":"open","ping_status":"open","sticky":false,"template":"","format":"standard","meta":{"advanced_seo_description":"","jetpack_seo_html_title":"","jetpack_seo_noindex":false,"jetpack_post_was_ever_published":false,"_jetpack_newsletter_access":"","_jetpack_dont_email_post_to_subs":false,"_jetpack_newsletter_tier_id":0,"_jetpack_memberships_contains_paywalled_content":false,"_jetpack_memberships_contains_paid_content":false,"footnotes":"","jetpack_publicize_message":"Recortes de 2017","jetpack_publicize_feature_enabled":true,"jetpack_social_post_already_shared":true,"jetpack_social_options":{"image_generator_settings":{"template":"highway","default_image_id":0,"font":"","enabled":false},"version":2}},"categories":[1520],"tags":[3188,3218,3231,3216,1293,2866,204,205,2069,3227,3230,3229,353,2884,3228,2863,443,3217],"class_list":["post-14169","post","type-post","status-publish","format-standard","has-post-thumbnail","hentry","category-cuaderno","tag-alejandra-gamez","tag-apuntes","tag-articulos","tag-canto-ostinato","tag-cristina-rivera-garza","tag-cuaderno","tag-escritura-y-politica","tag-escritura-y-vida","tag-feminismo","tag-fernanda-melchor","tag-filias","tag-jose-luis-martinez","tag-lecturas","tag-lij","tag-martha-riva-palacio","tag-musica","tag-politica","tag-simeon-ten-holt"],"jetpack_publicize_connections":[],"jetpack_featured_media_url":"https:\/\/www.lashistorias.com.mx\/wp-content\/uploads\/2017\/12\/IMG-20171230-WA0003.jpg","jetpack_shortlink":"https:\/\/wp.me\/pjEhq-3Gx","jetpack_sharing_enabled":true,"_links":{"self":[{"href":"https:\/\/www.lashistorias.com.mx\/index.php\/wp-json\/wp\/v2\/posts\/14169","targetHints":{"allow":["GET"]}}],"collection":[{"href":"https:\/\/www.lashistorias.com.mx\/index.php\/wp-json\/wp\/v2\/posts"}],"about":[{"href":"https:\/\/www.lashistorias.com.mx\/index.php\/wp-json\/wp\/v2\/types\/post"}],"author":[{"embeddable":true,"href":"https:\/\/www.lashistorias.com.mx\/index.php\/wp-json\/wp\/v2\/users\/1"}],"replies":[{"embeddable":true,"href":"https:\/\/www.lashistorias.com.mx\/index.php\/wp-json\/wp\/v2\/comments?post=14169"}],"version-history":[{"count":29,"href":"https:\/\/www.lashistorias.com.mx\/index.php\/wp-json\/wp\/v2\/posts\/14169\/revisions"}],"predecessor-version":[{"id":14342,"href":"https:\/\/www.lashistorias.com.mx\/index.php\/wp-json\/wp\/v2\/posts\/14169\/revisions\/14342"}],"wp:featuredmedia":[{"embeddable":true,"href":"https:\/\/www.lashistorias.com.mx\/index.php\/wp-json\/wp\/v2\/media\/14340"}],"wp:attachment":[{"href":"https:\/\/www.lashistorias.com.mx\/index.php\/wp-json\/wp\/v2\/media?parent=14169"}],"wp:term":[{"taxonomy":"category","embeddable":true,"href":"https:\/\/www.lashistorias.com.mx\/index.php\/wp-json\/wp\/v2\/categories?post=14169"},{"taxonomy":"post_tag","embeddable":true,"href":"https:\/\/www.lashistorias.com.mx\/index.php\/wp-json\/wp\/v2\/tags?post=14169"}],"curies":[{"name":"wp","href":"https:\/\/api.w.org\/{rel}","templated":true}]}}