{"id":13962,"date":"2017-07-31T09:30:14","date_gmt":"2017-07-31T14:30:14","guid":{"rendered":"http:\/\/www.lashistorias.com.mx\/?p=13962"},"modified":"2017-08-01T06:02:11","modified_gmt":"2017-08-01T11:02:11","slug":"convocatoria-a-participar-en-limaficcion-escritura2017","status":"publish","type":"post","link":"https:\/\/www.lashistorias.com.mx\/index.php\/convocatoria-a-participar-en-limaficcion-escritura2017\/","title":{"rendered":"#Escritura2017: convocatoria a participar en #LimaFicci\u00f3n"},"content":{"rendered":"<p>Este viernes 4 de agosto, a las 6:00 pm (hora de Lima y de la ciudad de M\u00e9xico), me tocar\u00e1 conducir #LimaFicci\u00f3n, un juego de escritura digital, desde la <a href=\"http:\/\/www.fillima.com.pe\/preguntas-frecuentes\/\">Feria Internacional del Libro de Lima<\/a>, Per\u00fa. Cualquier persona con acceso a Internet y una cuenta de Twitter puede participar. Esta es una invitaci\u00f3n a que vayan al evento en vivo (si est\u00e1n por la ciudad de Lima) o participen desde cualquier otro lugar.<\/p>\n<p>\u00bfC\u00f3mo hacerlo? De este modo:<\/p>\n<ol>\n<li>Al comenzar el evento, se pedir\u00e1 los asistentes una palabra o tema que sea la consigna de escritura.<\/li>\n<li>Los asistentes en vivo o por internet quedar\u00e1n invitados a publicar textos breves a partir del tema elegido en Twitter, marc\u00e1ndolos con la etiqueta (o <em>hashtag<\/em>) #LimaFicci\u00f3n. Aquellos que participen en vivo y no tengan aparatos m\u00f3viles podr\u00e1n usar l\u00e1piz y papel, y los pondremos en l\u00ednea en el momento.<\/li>\n<\/ol>\n<p>Usaremos la etiqueta para&nbsp;hacer b\u00fasquedas continuas de textos que participen en el juego y proyectarlos en pantallas. De entre los textos presentados en vivo se elegir\u00e1n ganadores, que podr\u00e1n recibir premios, y se har\u00e1 una antolog\u00eda digital con los mejores entre todos los textos presentados.<\/p>\n<p style=\"text-align: center;\">* * *<\/p>\n<p>Estos juegos de creaci\u00f3n en l\u00ednea pueden dar resultados muy interesantes. Aqu\u00ed se puede ver lo que sucedi\u00f3 durante tres de ellos:&nbsp;<a href=\"https:\/\/storify.com\/albertochimal\/amalgamas-2015\">#Amalgamas<\/a>, <a href=\"https:\/\/storify.com\/albertochimal\/retocuento-mexicali-30-3-2014\">#RetoCuento<\/a> y <a href=\"https:\/\/storify.com\/albertochimal\/fridaficcion\">#FridaFicci\u00f3n<\/a>, realizados en a\u00f1os recientes. <a href=\"http:\/\/horizontal.mx\/varias-escrituras-horizontales\/\">Este es un ensayo<\/a> donde escribo algo m\u00e1s del asunto, y de las muchas formas de escritura horizontal, comunitaria que pueden crearse en l\u00ednea. Y <a href=\"http:\/\/revistacritica.com\/contenidos-impresos\/ensayo-literario\/tolstoi-descubre-las-cualidades-de-la-minificcion\">este texto es una defensa<\/a> de la minificci\u00f3n en general. No es que la necesite mucho&#8230;<\/p>\n<p>Ojal\u00e1 se animen a participar con nosotros. Gracias a Jade Garc\u00eda de la FIL Lima por su apoyo. \u00a1Ah! Y este martes primero de agosto, a las 9:30 pm (de nuevo, hora de Lima o de la Ciudad de M\u00e9xico), <a href=\"http:\/\/www.raxxie.com\">Raquel Castro<\/a> y yo transmitiremos un programa sobre minificci\u00f3n en <a href=\"http:\/\/www.youtube.com\/AlbertoyRaquelMX\">nuestro canal de YouTube<\/a>.<\/p>\n<figure style=\"width: 511px\" class=\"wp-caption aligncenter\"><a ref=\"magnificPopup\" href=\"https:\/\/www.lashistorias.com.mx\/wp-content\/uploads\/2017\/07\/images-4-02.jpeg\"><img loading=\"lazy\" decoding=\"async\" data-attachment-id=\"13961\" data-permalink=\"https:\/\/www.lashistorias.com.mx\/index.php\/convocatoria-a-participar-en-limaficcion-escritura2017\/images-4-02-jpeg\/\" data-orig-file=\"https:\/\/www.lashistorias.com.mx\/wp-content\/uploads\/2017\/07\/images-4-02.jpeg\" data-orig-size=\"511,288\" data-comments-opened=\"1\" data-image-meta=\"{&quot;aperture&quot;:&quot;0&quot;,&quot;credit&quot;:&quot;&quot;,&quot;camera&quot;:&quot;&quot;,&quot;caption&quot;:&quot;&quot;,&quot;created_timestamp&quot;:&quot;0&quot;,&quot;copyright&quot;:&quot;&quot;,&quot;focal_length&quot;:&quot;0&quot;,&quot;iso&quot;:&quot;0&quot;,&quot;shutter_speed&quot;:&quot;0&quot;,&quot;title&quot;:&quot;&quot;,&quot;orientation&quot;:&quot;1&quot;}\" data-image-title=\"#LimaFicci\u00f3n\" data-image-description=\"\" data-image-caption=\"\" data-large-file=\"https:\/\/www.lashistorias.com.mx\/wp-content\/uploads\/2017\/07\/images-4-02.jpeg\" class=\"size-full wp-image-13961\" title=\"#LimaFicci\u00f3n \" src=\"https:\/\/www.lashistorias.com.mx\/wp-content\/uploads\/2017\/07\/images-4-02.jpeg\" alt=\"\" width=\"511\" height=\"288\" srcset=\"https:\/\/www.lashistorias.com.mx\/wp-content\/uploads\/2017\/07\/images-4-02.jpeg 511w, https:\/\/www.lashistorias.com.mx\/wp-content\/uploads\/2017\/07\/images-4-02-300x169.jpeg 300w\" sizes=\"auto, (max-width: 511px) 100vw, 511px\" \/><\/a><figcaption class=\"wp-caption-text\">La invitaci\u00f3n est\u00e1 abierta. \ud83d\ude42<\/figcaption><\/figure>\n<p><a ref=\"magnificPopup\" href=\"https:\/\/www.lashistorias.com.mx\/wp-content\/uploads\/2017\/07\/LimaFiccion.jpg\"><img loading=\"lazy\" decoding=\"async\" data-attachment-id=\"13976\" data-permalink=\"https:\/\/www.lashistorias.com.mx\/index.php\/convocatoria-a-participar-en-limaficcion-escritura2017\/limaficcion\/\" data-orig-file=\"https:\/\/www.lashistorias.com.mx\/wp-content\/uploads\/2017\/07\/LimaFiccion.jpg\" data-orig-size=\"1280,721\" data-comments-opened=\"1\" data-image-meta=\"{&quot;aperture&quot;:&quot;0&quot;,&quot;credit&quot;:&quot;&quot;,&quot;camera&quot;:&quot;&quot;,&quot;caption&quot;:&quot;&quot;,&quot;created_timestamp&quot;:&quot;0&quot;,&quot;copyright&quot;:&quot;&quot;,&quot;focal_length&quot;:&quot;0&quot;,&quot;iso&quot;:&quot;0&quot;,&quot;shutter_speed&quot;:&quot;0&quot;,&quot;title&quot;:&quot;&quot;,&quot;orientation&quot;:&quot;1&quot;}\" data-image-title=\"LimaFiccion\" data-image-description=\"\" data-image-caption=\"\" data-large-file=\"https:\/\/www.lashistorias.com.mx\/wp-content\/uploads\/2017\/07\/LimaFiccion-1024x577.jpg\" class=\"aligncenter size-large wp-image-13976\" src=\"https:\/\/www.lashistorias.com.mx\/wp-content\/uploads\/2017\/07\/LimaFiccion-1024x577.jpg\" alt=\"\" width=\"1024\" height=\"577\" srcset=\"https:\/\/www.lashistorias.com.mx\/wp-content\/uploads\/2017\/07\/LimaFiccion-1024x577.jpg 1024w, https:\/\/www.lashistorias.com.mx\/wp-content\/uploads\/2017\/07\/LimaFiccion-300x169.jpg 300w, https:\/\/www.lashistorias.com.mx\/wp-content\/uploads\/2017\/07\/LimaFiccion.jpg 1280w\" sizes=\"auto, (max-width: 1024px) 100vw, 1024px\" \/><\/a><\/p>\n","protected":false},"excerpt":{"rendered":"<p>Este 4 de agosto, un juego de escritura en l\u00ednea desde la Feria Internacional del Libro de Lima.<\/p>\n","protected":false},"author":1,"featured_media":13961,"comment_status":"open","ping_status":"open","sticky":false,"template":"","format":"standard","meta":{"advanced_seo_description":"","jetpack_seo_html_title":"","jetpack_seo_noindex":false,"jetpack_post_was_ever_published":false,"_jetpack_newsletter_access":"","_jetpack_dont_email_post_to_subs":false,"_jetpack_newsletter_tier_id":0,"_jetpack_memberships_contains_paywalled_content":false,"_jetpack_memberships_contains_paid_content":false,"footnotes":"","jetpack_publicize_message":"Invito: este viernes, en vivo y por internet, el juego de escritura en l\u00ednea #LimaFicci\u00f3n.","jetpack_publicize_feature_enabled":true,"jetpack_social_post_already_shared":true,"jetpack_social_options":{"image_generator_settings":{"template":"highway","default_image_id":0,"font":"","enabled":false},"version":2}},"categories":[15],"tags":[3079,3168,21,3080,202,1300,2364,2647,2549,397,3181,795],"class_list":["post-13962","post","type-post","status-publish","format-standard","has-post-thumbnail","hentry","category-taller-literario","tag-escritura2017","tag-limaficcion","tag-convocatorias","tag-ejercicios-de-escritura","tag-escritura","tag-escritura-creativa","tag-escritura-digital","tag-feria-internacional-del-libro-de-lima","tag-microrrelato","tag-minificcion","tag-minificciones","tag-twitter"],"jetpack_publicize_connections":[],"jetpack_featured_media_url":"https:\/\/www.lashistorias.com.mx\/wp-content\/uploads\/2017\/07\/images-4-02.jpeg","jetpack_shortlink":"https:\/\/wp.me\/pjEhq-3Dc","jetpack_sharing_enabled":true,"_links":{"self":[{"href":"https:\/\/www.lashistorias.com.mx\/index.php\/wp-json\/wp\/v2\/posts\/13962","targetHints":{"allow":["GET"]}}],"collection":[{"href":"https:\/\/www.lashistorias.com.mx\/index.php\/wp-json\/wp\/v2\/posts"}],"about":[{"href":"https:\/\/www.lashistorias.com.mx\/index.php\/wp-json\/wp\/v2\/types\/post"}],"author":[{"embeddable":true,"href":"https:\/\/www.lashistorias.com.mx\/index.php\/wp-json\/wp\/v2\/users\/1"}],"replies":[{"embeddable":true,"href":"https:\/\/www.lashistorias.com.mx\/index.php\/wp-json\/wp\/v2\/comments?post=13962"}],"version-history":[{"count":14,"href":"https:\/\/www.lashistorias.com.mx\/index.php\/wp-json\/wp\/v2\/posts\/13962\/revisions"}],"predecessor-version":[{"id":13978,"href":"https:\/\/www.lashistorias.com.mx\/index.php\/wp-json\/wp\/v2\/posts\/13962\/revisions\/13978"}],"wp:featuredmedia":[{"embeddable":true,"href":"https:\/\/www.lashistorias.com.mx\/index.php\/wp-json\/wp\/v2\/media\/13961"}],"wp:attachment":[{"href":"https:\/\/www.lashistorias.com.mx\/index.php\/wp-json\/wp\/v2\/media?parent=13962"}],"wp:term":[{"taxonomy":"category","embeddable":true,"href":"https:\/\/www.lashistorias.com.mx\/index.php\/wp-json\/wp\/v2\/categories?post=13962"},{"taxonomy":"post_tag","embeddable":true,"href":"https:\/\/www.lashistorias.com.mx\/index.php\/wp-json\/wp\/v2\/tags?post=13962"}],"curies":[{"name":"wp","href":"https:\/\/api.w.org\/{rel}","templated":true}]}}