{"id":13910,"date":"2017-07-24T09:10:17","date_gmt":"2017-07-24T14:10:17","guid":{"rendered":"http:\/\/www.lashistorias.com.mx\/?p=13910"},"modified":"2017-08-03T06:46:34","modified_gmt":"2017-08-03T11:46:34","slug":"invitacion-limaficcion-y-mucho-mas-en-la-feria-del-libro-de-lima","status":"publish","type":"post","link":"https:\/\/www.lashistorias.com.mx\/index.php\/invitacion-limaficcion-y-mucho-mas-en-la-feria-del-libro-de-lima\/","title":{"rendered":"Invitaci\u00f3n: #LimaFicci\u00f3n y mucho m\u00e1s en la Feria del Libro de Lima"},"content":{"rendered":"<p>Pues bien, aqu\u00ed va la invitaci\u00f3n: muy pronto estar\u00e9 en la Feria Internacional del Libro de Lima \u2013dedicada a M\u00e9xico a este a\u00f1o\u2013 en varias actividades. Si est\u00e1n por all\u00e1, me encantar\u00eda verles. Y si difunden esta informaci\u00f3n se los agradecer\u00e9 mucho.<\/p>\n[Y si les interesa participar en #LimaFicci\u00f3n, un juego colectivo de escritura en l\u00ednea&#8230;, sigan leyendo.] \ud83d\ude09<\/p>\n<p>He aqu\u00ed por d\u00f3nde andar\u00e9:<\/p>\n<p><strong>JUEVES 3 DE AGOSTO<\/strong><\/p>\n<ul>\n<li>20:00 \/ Presentaci\u00f3n de la revista <em>Libros &amp; Artes<\/em>, cuyo n\u00famero m\u00e1s reciente, doble, est\u00e1 dedicado a Juan Rulfo. El evento ser\u00e1 en el auditorio Clorinda Matto de Turner.<\/li>\n<\/ul>\n<p><strong>VIERNES 4 DE AGOSTO<\/strong><\/p>\n<ul>\n<li>15:00 \/ Conversatorio: \u00abMinificci\u00f3n: la novela mutante\u00bb, dentro de las <a href=\"https:\/\/www.facebook.com\/jornadas.peruanas.de.minificcion\/?fref=mentions\">Jornadas Peruanas de Minificci\u00f3n<\/a> en el auditorio Ciro Alegr\u00eda. Carlos Sald\u00edvar y yo hablaremos acerca de los cuentos brev\u00edsimos que, enlazados unos con otros, pueden convertirse en historias m\u00e1s largas y complejas.<\/li>\n<li>18:00 \/ #LimaFicci\u00f3n, un juego de escritura colectiva por Twitter. Ser\u00e1 en vivo, en el auditorio Jorge Eduardo Eielson, pero podr\u00e1 participar cualquier persona, desde donde est\u00e9, usando el hashtag. Todos escribiremos microtextos usando pies creativos que seleccionaremos en el momento. Creo que se puede poner divertido&#8230; Una convocatoria detallada <a href=\"https:\/\/www.lashistorias.com.mx\/index.php\/archivo\/convocatoria-a-participar-en-limaficcion-escritura2017\/\">est\u00e1 aqu\u00ed<\/a>.<\/li>\n<\/ul>\n<p>Un video sobre #LimaFicci\u00f3n y minificci\u00f3n en general:<\/p>\n<p>&nbsp;<br \/>\n<iframe loading=\"lazy\" width=\"560\" height=\"315\" src=\"https:\/\/www.youtube.com\/embed\/lra5a5p8LPM?rel=0\" frameborder=\"0\" allowfullscreen><\/iframe><br \/>\n&nbsp;<\/p>\n<ul>\n<li>20:00 \/ Firma de libros en el Pabell\u00f3n de M\u00e9xico. Si gustan, la editorial <a href=\"http:\/\/paginasdeespuma.com\/catalogo\/los-atacantes\/\">P\u00e1ginas de Espuma<\/a>, <a href=\"http:\/\/www.jornada.unam.mx\/ultimas\/2017\/07\/17\/2018cartas-para-lluvia2019-trata-temas-de-amistad-la-tolerancia-y-bullying\">Uranito M\u00e9xico<\/a> y el <a href=\"https:\/\/www.fondodeculturaeconomica.com\/DetalleEd.aspx?ctit=100782D\">Fondo de<\/a> <a href=\"https:\/\/www.fondodeculturaeconomica.com\/DetalleEd.aspx?ctit=013408L\">Cultura Econ\u00f3mica<\/a>, entre otras, tendr\u00e1n libros m\u00edos, que podr\u00e1n conseguirse f\u00e1cilmente, por ejemplo, en el stand 37, de <a href=\"https:\/\/www.facebook.com\/iberolibreriasoficial\/?fref=mentions\">Ibero Librer\u00edas<\/a>.<\/li>\n<\/ul>\n<p><strong>S\u00c1BADO 5 DE AGOSTO<\/strong><\/p>\n<ul>\n<li>18:00 \/ Conversatorio sobre los 100 a\u00f1os de Juan Rulfo, con Cristina Rivera Garza y Julio Ortega, en el auditorio C\u00e9sar Vallejo. (\u00bfQu\u00e9 m\u00e1s decir de aquel enorm\u00edsimo autor mexicano? Ent\u00e9rense yendo a la charla, y participando, c\u00f3mo no&#8230;)<\/li>\n<li>20:00 \/ Conversatorio: \u00abLas formas del horror\u00bb, en el que Daniel Salvo, Jos\u00e9 G\u00fcich Rodr\u00edguez y yo hablaremos de c\u00f3mo nos asustan las muchas formas de la literatura de imaginaci\u00f3n. (Y c\u00f3mo, adem\u00e1s, nos invitan a contemplar la realidad de otro modo, para asustarnos un tanto m\u00e1s.) Esto ser\u00e1 dentro del <a href=\"https:\/\/www.facebook.com\/events\/1745482559082828\/?acontext=%7B%22source%22%3A108%2C%22action_history%22%3A%22[%7B%5C%22surface%5C%22%3A%5C%22post_page%5C%22%2C%5C%22mechanism%5C%22%3A%5C%22surface%5C%22%2C%5C%22extra_data%5C%22%3A[]%7D]%22%2C%22has_source%22%3Atrue%7D&amp;source=108&amp;action_history=[%7B%22surface%22%3A%22post_page%22%2C%22mechanism%22%3A%22surface%22%2C%22extra_data%22%3A[]%7D]&amp;has_source=1&amp;fref=mentions\">Caf\u00e9 Cultural El Dominical &#8211; FIL Lima 2017<\/a>, en el auditorio Jorge Eduardo Eielson.<\/li>\n<\/ul>\n<p>Todo esto ser\u00e1 en las instalaciones de la Feria del Libro, que est\u00e1n el Parque de los Pr\u00f3ceres de la Independencia, en Jes\u00fas Mar\u00eda, ubicado en la cuadra 17 de la Av. Salaverry, en la ciudad de Lima.<\/p>\n<p>M\u00e1s detalles en el <a href=\"http:\/\/www.fillima.com.pe\/preguntas-frecuentes\/\">sitio de la Feria<\/a>.<\/p>\n<p>Y all\u00e1 nos encontramos.<\/p>\n<p>Muchas gracias a Jade Garc\u00eda y todos en la C\u00e1mara Peruana del Libro, Paola Moran y toda la organizaci\u00f3n de la delegaci\u00f3n mexicana, Alessandra Miyagi Fukushima, Julio Cesar Zavala Vega, Beto Benza, Rony Vasquez Guevara y Juan Casamayor. \u00a1Qu\u00e9 gusto ser\u00e1 volver a Lima!<\/p>\n<figure id=\"attachment_13911\" aria-describedby=\"caption-attachment-13911\" style=\"width: 767px\" class=\"wp-caption aligncenter\"><a ref=\"magnificPopup\" href=\"https:\/\/www.lashistorias.com.mx\/wp-content\/uploads\/2017\/07\/20156002_1893395340923520_2178790041486246676_n.jpg\"><img loading=\"lazy\" decoding=\"async\" data-attachment-id=\"13911\" data-permalink=\"https:\/\/www.lashistorias.com.mx\/index.php\/invitacion-limaficcion-y-mucho-mas-en-la-feria-del-libro-de-lima\/20156002_1893395340923520_2178790041486246676_n\/\" data-orig-file=\"https:\/\/www.lashistorias.com.mx\/wp-content\/uploads\/2017\/07\/20156002_1893395340923520_2178790041486246676_n.jpg\" data-orig-size=\"767,474\" data-comments-opened=\"1\" data-image-meta=\"{&quot;aperture&quot;:&quot;0&quot;,&quot;credit&quot;:&quot;DISE\\u00d1ADOR&quot;,&quot;camera&quot;:&quot;&quot;,&quot;caption&quot;:&quot;&quot;,&quot;created_timestamp&quot;:&quot;0&quot;,&quot;copyright&quot;:&quot;&quot;,&quot;focal_length&quot;:&quot;0&quot;,&quot;iso&quot;:&quot;0&quot;,&quot;shutter_speed&quot;:&quot;0&quot;,&quot;title&quot;:&quot;&quot;,&quot;orientation&quot;:&quot;0&quot;}\" data-image-title=\"AC en la Feria del Libro de Lima\" data-image-description=\"\" data-image-caption=\"\" data-large-file=\"https:\/\/www.lashistorias.com.mx\/wp-content\/uploads\/2017\/07\/20156002_1893395340923520_2178790041486246676_n.jpg\" class=\"wp-image-13911 size-full\" src=\"https:\/\/www.lashistorias.com.mx\/wp-content\/uploads\/2017\/07\/20156002_1893395340923520_2178790041486246676_n.jpg\" alt=\"\" width=\"767\" height=\"474\" srcset=\"https:\/\/www.lashistorias.com.mx\/wp-content\/uploads\/2017\/07\/20156002_1893395340923520_2178790041486246676_n.jpg 767w, https:\/\/www.lashistorias.com.mx\/wp-content\/uploads\/2017\/07\/20156002_1893395340923520_2178790041486246676_n-300x185.jpg 300w\" sizes=\"auto, (max-width: 767px) 100vw, 767px\" \/><\/a><figcaption id=\"caption-attachment-13911\" class=\"wp-caption-text\">Un cartel promocional de la Feria Internacional del Libro de Lima<\/figcaption><\/figure>\n<p>&nbsp;<\/p>\n<div class=\"w-gallery fit_cover wp_gallery type_grid action_popup_image ratio_1x1 count_4\" style=\"--columns:2;--items-gap:0px;\"><div class=\"w-gallery-list\"><div class=\"w-gallery-item\"><div class=\"w-gallery-item-img\"><img loading=\"lazy\" decoding=\"async\" width=\"150\" height=\"150\" src=\"https:\/\/www.lashistorias.com.mx\/wp-content\/uploads\/2017\/07\/Libros-y-Artes-150x150.jpg\" class=\"attachment-thumbnail size-thumbnail\" alt=\"\" data-attachment-id=\"13918\" data-permalink=\"https:\/\/www.lashistorias.com.mx\/index.php\/invitacion-limaficcion-y-mucho-mas-en-la-feria-del-libro-de-lima\/libros-y-artes\/\" data-orig-file=\"https:\/\/www.lashistorias.com.mx\/wp-content\/uploads\/2017\/07\/Libros-y-Artes.jpg\" data-orig-size=\"1153,1574\" data-comments-opened=\"1\" data-image-meta=\"{&quot;aperture&quot;:&quot;0&quot;,&quot;credit&quot;:&quot;&quot;,&quot;camera&quot;:&quot;&quot;,&quot;caption&quot;:&quot;&quot;,&quot;created_timestamp&quot;:&quot;0&quot;,&quot;copyright&quot;:&quot;&quot;,&quot;focal_length&quot;:&quot;0&quot;,&quot;iso&quot;:&quot;0&quot;,&quot;shutter_speed&quot;:&quot;0&quot;,&quot;title&quot;:&quot;&quot;,&quot;orientation&quot;:&quot;1&quot;}\" data-image-title=\"Libros y Artes\" data-image-description=\"\" data-image-caption=\"&lt;p&gt;La revista Libros&amp;#038;Artes, dedicada a Juan Rulfo&lt;\/p&gt;\n\" data-large-file=\"https:\/\/www.lashistorias.com.mx\/wp-content\/uploads\/2017\/07\/Libros-y-Artes-750x1024.jpg\" \/><\/div><a class=\"w-gallery-item-link\" aria-label=\"La revista Libros&amp;Artes, dedicada a Juan Rulfo\" href=\"https:\/\/www.lashistorias.com.mx\/wp-content\/uploads\/2017\/07\/Libros-y-Artes.jpg\" title=\"La revista Libros&amp;Artes, dedicada a Juan Rulfo\"><\/a><\/div><div class=\"w-gallery-item\"><div class=\"w-gallery-item-img\"><img loading=\"lazy\" decoding=\"async\" width=\"150\" height=\"150\" src=\"https:\/\/www.lashistorias.com.mx\/wp-content\/uploads\/2017\/07\/20228836_1894231694173218_8245865178199838696_n-150x150.jpg\" class=\"attachment-thumbnail size-thumbnail\" alt=\"\" data-attachment-id=\"13915\" data-permalink=\"https:\/\/www.lashistorias.com.mx\/index.php\/invitacion-limaficcion-y-mucho-mas-en-la-feria-del-libro-de-lima\/20228836_1894231694173218_8245865178199838696_n\/\" data-orig-file=\"https:\/\/www.lashistorias.com.mx\/wp-content\/uploads\/2017\/07\/20228836_1894231694173218_8245865178199838696_n.jpg\" data-orig-size=\"625,749\" data-comments-opened=\"1\" data-image-meta=\"{&quot;aperture&quot;:&quot;0&quot;,&quot;credit&quot;:&quot;&quot;,&quot;camera&quot;:&quot;&quot;,&quot;caption&quot;:&quot;&quot;,&quot;created_timestamp&quot;:&quot;0&quot;,&quot;copyright&quot;:&quot;&quot;,&quot;focal_length&quot;:&quot;0&quot;,&quot;iso&quot;:&quot;0&quot;,&quot;shutter_speed&quot;:&quot;0&quot;,&quot;title&quot;:&quot;&quot;,&quot;orientation&quot;:&quot;0&quot;}\" data-image-title=\"Minificci\u00f3n\" data-image-description=\"\" data-image-caption=\"&lt;p&gt;Programa de las Jornadas Peruanas de Minificci\u00f3n&lt;\/p&gt;\n\" data-large-file=\"https:\/\/www.lashistorias.com.mx\/wp-content\/uploads\/2017\/07\/20228836_1894231694173218_8245865178199838696_n.jpg\" \/><\/div><a class=\"w-gallery-item-link\" aria-label=\"Programa de las Jornadas Peruanas de Minificci\u00f3n\" href=\"https:\/\/www.lashistorias.com.mx\/wp-content\/uploads\/2017\/07\/20228836_1894231694173218_8245865178199838696_n.jpg\" title=\"Programa de las Jornadas Peruanas de Minificci\u00f3n\"><\/a><\/div><div class=\"w-gallery-item\"><div class=\"w-gallery-item-img\"><img loading=\"lazy\" decoding=\"async\" width=\"150\" height=\"150\" src=\"https:\/\/www.lashistorias.com.mx\/wp-content\/uploads\/2017\/07\/FB_IMG_1500745537336-150x150.jpg\" class=\"attachment-thumbnail size-thumbnail\" alt=\"\" data-attachment-id=\"13917\" data-permalink=\"https:\/\/www.lashistorias.com.mx\/index.php\/invitacion-limaficcion-y-mucho-mas-en-la-feria-del-libro-de-lima\/fb_img_1500745537336\/\" data-orig-file=\"https:\/\/www.lashistorias.com.mx\/wp-content\/uploads\/2017\/07\/FB_IMG_1500745537336.jpg\" data-orig-size=\"852,640\" data-comments-opened=\"1\" data-image-meta=\"{&quot;aperture&quot;:&quot;0&quot;,&quot;credit&quot;:&quot;&quot;,&quot;camera&quot;:&quot;&quot;,&quot;caption&quot;:&quot;&quot;,&quot;created_timestamp&quot;:&quot;0&quot;,&quot;copyright&quot;:&quot;&quot;,&quot;focal_length&quot;:&quot;0&quot;,&quot;iso&quot;:&quot;0&quot;,&quot;shutter_speed&quot;:&quot;0&quot;,&quot;title&quot;:&quot;&quot;,&quot;orientation&quot;:&quot;0&quot;}\" data-image-title=\"Ibero\" data-image-description=\"\" data-image-caption=\"&lt;p&gt;El Stand 37, de Ibero Librer\u00edas&lt;\/p&gt;\n\" data-large-file=\"https:\/\/www.lashistorias.com.mx\/wp-content\/uploads\/2017\/07\/FB_IMG_1500745537336.jpg\" \/><\/div><a class=\"w-gallery-item-link\" aria-label=\"El Stand 37, de Ibero Librer\u00edas\" href=\"https:\/\/www.lashistorias.com.mx\/wp-content\/uploads\/2017\/07\/FB_IMG_1500745537336.jpg\" title=\"El Stand 37, de Ibero Librer\u00edas\"><\/a><\/div><div class=\"w-gallery-item\"><div class=\"w-gallery-item-img\"><img loading=\"lazy\" decoding=\"async\" width=\"150\" height=\"150\" src=\"https:\/\/www.lashistorias.com.mx\/wp-content\/uploads\/2017\/07\/20024094_1282843251841170_806137212926681977_o-150x150.jpg\" class=\"attachment-thumbnail size-thumbnail\" alt=\"\" data-attachment-id=\"13914\" data-permalink=\"https:\/\/www.lashistorias.com.mx\/index.php\/invitacion-limaficcion-y-mucho-mas-en-la-feria-del-libro-de-lima\/20024094_1282843251841170_806137212926681977_o\/\" data-orig-file=\"https:\/\/www.lashistorias.com.mx\/wp-content\/uploads\/2017\/07\/20024094_1282843251841170_806137212926681977_o.jpg\" data-orig-size=\"1938,2048\" data-comments-opened=\"1\" data-image-meta=\"{&quot;aperture&quot;:&quot;0&quot;,&quot;credit&quot;:&quot;&quot;,&quot;camera&quot;:&quot;&quot;,&quot;caption&quot;:&quot;&quot;,&quot;created_timestamp&quot;:&quot;0&quot;,&quot;copyright&quot;:&quot;&quot;,&quot;focal_length&quot;:&quot;0&quot;,&quot;iso&quot;:&quot;0&quot;,&quot;shutter_speed&quot;:&quot;0&quot;,&quot;title&quot;:&quot;&quot;,&quot;orientation&quot;:&quot;0&quot;}\" data-image-title=\"Caf\u00e9 Cultural\" data-image-description=\"\" data-image-caption=\"&lt;p&gt;Programa del Caf\u00e9 Cultural: todas las noches un conversatorio diferente&lt;\/p&gt;\n\" data-large-file=\"https:\/\/www.lashistorias.com.mx\/wp-content\/uploads\/2017\/07\/20024094_1282843251841170_806137212926681977_o-969x1024.jpg\" \/><\/div><a class=\"w-gallery-item-link\" aria-label=\"Programa del Caf\u00e9 Cultural: todas las noches un conversatorio diferente\" href=\"https:\/\/www.lashistorias.com.mx\/wp-content\/uploads\/2017\/07\/20024094_1282843251841170_806137212926681977_o.jpg\" title=\"Programa del Caf\u00e9 Cultural: todas las noches un conversatorio diferente\"><\/a><\/div><\/div><\/div>\n","protected":false},"excerpt":{"rendered":"<p>Muchas invitaciones a la Feria Internacional del Libro de Lima, para el 3, 4 y 5 de agosto.<\/p>\n","protected":false},"author":1,"featured_media":13911,"comment_status":"open","ping_status":"open","sticky":false,"template":"","format":"standard","meta":{"advanced_seo_description":"","jetpack_seo_html_title":"","jetpack_seo_noindex":false,"jetpack_post_was_ever_published":false,"_jetpack_newsletter_access":"","_jetpack_dont_email_post_to_subs":false,"_jetpack_newsletter_tier_id":0,"_jetpack_memberships_contains_paywalled_content":false,"_jetpack_memberships_contains_paid_content":false,"footnotes":"","jetpack_publicize_message":"Muchas invitaciones para la Feria Internacional del Libro de Lima.","jetpack_publicize_feature_enabled":true,"jetpack_social_post_already_shared":true,"jetpack_social_options":{"image_generator_settings":{"template":"highway","default_image_id":0,"font":"","enabled":false},"version":2}},"categories":[3],"tags":[3168,3169,2006,3165,1293,22,1919,3167,25,3172,3173,2647,3164,3171,698,3166,3170,2855,2549,397,2854,10,12,2864],"class_list":["post-13910","post","type-post","status-publish","format-standard","has-post-thumbnail","hentry","category-lo-nuevo","tag-limaficcion","tag-carlos-saldivar","tag-charlas","tag-conversatorios","tag-cristina-rivera-garza","tag-cuento","tag-cuento-mutante","tag-daniel-salvo","tag-escritores","tag-escritura-colectiva","tag-escritura-en-linea","tag-feria-internacional-del-libro-de-lima","tag-firma-de-libros","tag-jose-guich-rodriguez","tag-juan-rulfo","tag-julio-ortega","tag-librosartes","tag-literatura","tag-microrrelato","tag-minificcion","tag-lo-nuevo","tag-novela","tag-presentaciones","tag-revistas"],"jetpack_publicize_connections":[],"jetpack_featured_media_url":"https:\/\/www.lashistorias.com.mx\/wp-content\/uploads\/2017\/07\/20156002_1893395340923520_2178790041486246676_n.jpg","jetpack_shortlink":"https:\/\/wp.me\/pjEhq-3Cm","jetpack_sharing_enabled":true,"_links":{"self":[{"href":"https:\/\/www.lashistorias.com.mx\/index.php\/wp-json\/wp\/v2\/posts\/13910","targetHints":{"allow":["GET"]}}],"collection":[{"href":"https:\/\/www.lashistorias.com.mx\/index.php\/wp-json\/wp\/v2\/posts"}],"about":[{"href":"https:\/\/www.lashistorias.com.mx\/index.php\/wp-json\/wp\/v2\/types\/post"}],"author":[{"embeddable":true,"href":"https:\/\/www.lashistorias.com.mx\/index.php\/wp-json\/wp\/v2\/users\/1"}],"replies":[{"embeddable":true,"href":"https:\/\/www.lashistorias.com.mx\/index.php\/wp-json\/wp\/v2\/comments?post=13910"}],"version-history":[{"count":8,"href":"https:\/\/www.lashistorias.com.mx\/index.php\/wp-json\/wp\/v2\/posts\/13910\/revisions"}],"predecessor-version":[{"id":13984,"href":"https:\/\/www.lashistorias.com.mx\/index.php\/wp-json\/wp\/v2\/posts\/13910\/revisions\/13984"}],"wp:featuredmedia":[{"embeddable":true,"href":"https:\/\/www.lashistorias.com.mx\/index.php\/wp-json\/wp\/v2\/media\/13911"}],"wp:attachment":[{"href":"https:\/\/www.lashistorias.com.mx\/index.php\/wp-json\/wp\/v2\/media?parent=13910"}],"wp:term":[{"taxonomy":"category","embeddable":true,"href":"https:\/\/www.lashistorias.com.mx\/index.php\/wp-json\/wp\/v2\/categories?post=13910"},{"taxonomy":"post_tag","embeddable":true,"href":"https:\/\/www.lashistorias.com.mx\/index.php\/wp-json\/wp\/v2\/tags?post=13910"}],"curies":[{"name":"wp","href":"https:\/\/api.w.org\/{rel}","templated":true}]}}