{"id":13856,"date":"2017-07-11T16:39:36","date_gmt":"2017-07-11T21:39:36","guid":{"rendered":"http:\/\/www.lashistorias.com.mx\/?p=13856"},"modified":"2017-07-12T16:51:11","modified_gmt":"2017-07-12T21:51:11","slug":"y-si-con-otro-pasas-el-rato","status":"publish","type":"post","link":"https:\/\/www.lashistorias.com.mx\/index.php\/y-si-con-otro-pasas-el-rato\/","title":{"rendered":"Y si con otro pasas el rato&#8230;\u00a0"},"content":{"rendered":"<p>Ayer, la Coordinaci\u00f3n Nacional de Literatura del Instituto Nacional de Bellas Artes public\u00f3 este\u00a0<a href=\"https:\/\/twitter.com\/literaturainba\/status\/884456462835175424\">tuit<\/a>:<\/p>\n<figure id=\"attachment_13861\" aria-describedby=\"caption-attachment-13861\" style=\"width: 350px\" class=\"wp-caption aligncenter\"><a ref=\"magnificPopup\" href=\"https:\/\/www.lashistorias.com.mx\/wp-content\/uploads\/2017\/07\/Screenshot_20170711-162724-01.jpeg\"><img loading=\"lazy\" decoding=\"async\" data-attachment-id=\"13861\" data-permalink=\"https:\/\/www.lashistorias.com.mx\/index.php\/y-si-con-otro-pasas-el-rato\/screenshot_20170711-162724-01-jpeg\/\" data-orig-file=\"https:\/\/www.lashistorias.com.mx\/wp-content\/uploads\/2017\/07\/Screenshot_20170711-162724-01.jpeg\" data-orig-size=\"1080,1592\" data-comments-opened=\"1\" data-image-meta=\"{&quot;aperture&quot;:&quot;0&quot;,&quot;credit&quot;:&quot;&quot;,&quot;camera&quot;:&quot;&quot;,&quot;caption&quot;:&quot;&quot;,&quot;created_timestamp&quot;:&quot;0&quot;,&quot;copyright&quot;:&quot;&quot;,&quot;focal_length&quot;:&quot;0&quot;,&quot;iso&quot;:&quot;0&quot;,&quot;shutter_speed&quot;:&quot;0&quot;,&quot;title&quot;:&quot;&quot;,&quot;orientation&quot;:&quot;1&quot;}\" data-image-title=\"Screenshot_20170711-162724-01.jpeg\" data-image-description=\"\" data-image-caption=\"\" data-large-file=\"https:\/\/www.lashistorias.com.mx\/wp-content\/uploads\/2017\/07\/Screenshot_20170711-162724-01-695x1024.jpeg\" class=\"wp-image-13861\" src=\"https:\/\/www.lashistorias.com.mx\/wp-content\/uploads\/2017\/07\/Screenshot_20170711-162724-01-695x1024.jpeg\" alt=\"\" width=\"350\" height=\"516\" srcset=\"https:\/\/www.lashistorias.com.mx\/wp-content\/uploads\/2017\/07\/Screenshot_20170711-162724-01-695x1024.jpeg 695w, https:\/\/www.lashistorias.com.mx\/wp-content\/uploads\/2017\/07\/Screenshot_20170711-162724-01-204x300.jpeg 204w, https:\/\/www.lashistorias.com.mx\/wp-content\/uploads\/2017\/07\/Screenshot_20170711-162724-01.jpeg 1080w\" sizes=\"auto, (max-width: 350px) 100vw, 350px\" \/><\/a><figcaption id=\"caption-attachment-13861\" class=\"wp-caption-text\">El tuit de la CNL (@literaturainba)<\/figcaption><\/figure>\n<p>Maluma apenas necesita presentaci\u00f3n en esta regi\u00f3n del mundo y este momento de la Historia. Albert Camus, probablemente, la necesita mucho m\u00e1s. La imagen y su pie son una broma, por supuesto, pensada como muchas otras que se publican todo el tiempo en forma de memes. Personal de la CNL <a href=\"http:\/\/www.animalpolitico.com\/2017\/07\/maluma-leer-camus-tuit\/\">ha declarado<\/a> que la intenci\u00f3n de la publicaci\u00f3n era promover la lectura recurriendo a una figura muy conocida y no hay raz\u00f3n para dudarlo. El tono del texto es simplemente inusual: es una declaraci\u00f3n vagamente agresiva, con el aire de superioridad de tantas publicaciones en redes sociales. El tuit est\u00e1, pues, en el nivel m\u00e1s suave y com\u00fan del <i>troleo, <\/i>que millones de personas hemos visto e incluso practicado\u00a0\u2013es facil\u00edsimo\u2013 en m\u00e1s de una ocasi\u00f3n. Este tipo de incordio ha salido incluso de la red y ha llegado, por ejemplo, a la publicidad:<\/p>\n<figure style=\"width: 470px\" class=\"wp-caption aligncenter\"><a ref=\"magnificPopup\" href=\"https:\/\/www.lashistorias.com.mx\/wp-content\/uploads\/2017\/07\/images.jpg\"><img loading=\"lazy\" decoding=\"async\" data-attachment-id=\"13859\" data-permalink=\"https:\/\/www.lashistorias.com.mx\/index.php\/y-si-con-otro-pasas-el-rato\/images-jpg\/\" data-orig-file=\"https:\/\/www.lashistorias.com.mx\/wp-content\/uploads\/2017\/07\/images.jpg\" data-orig-size=\"470,313\" data-comments-opened=\"1\" data-image-meta=\"{&quot;aperture&quot;:&quot;0&quot;,&quot;credit&quot;:&quot;&quot;,&quot;camera&quot;:&quot;&quot;,&quot;caption&quot;:&quot;&quot;,&quot;created_timestamp&quot;:&quot;0&quot;,&quot;copyright&quot;:&quot;&quot;,&quot;focal_length&quot;:&quot;0&quot;,&quot;iso&quot;:&quot;0&quot;,&quot;shutter_speed&quot;:&quot;0&quot;,&quot;title&quot;:&quot;&quot;,&quot;orientation&quot;:&quot;0&quot;}\" data-image-title=\"images.jpg\" data-image-description=\"\" data-image-caption=\"\" data-large-file=\"https:\/\/www.lashistorias.com.mx\/wp-content\/uploads\/2017\/07\/images.jpg\" class=\"size-full wp-image-13859\" title=\"\" src=\"https:\/\/www.lashistorias.com.mx\/wp-content\/uploads\/2017\/07\/images.jpg\" alt=\"\" width=\"470\" height=\"313\" srcset=\"https:\/\/www.lashistorias.com.mx\/wp-content\/uploads\/2017\/07\/images.jpg 470w, https:\/\/www.lashistorias.com.mx\/wp-content\/uploads\/2017\/07\/images-300x200.jpg 300w\" sizes=\"auto, (max-width: 470px) 100vw, 470px\" \/><\/a><figcaption class=\"wp-caption-text\">Anuncio espectacular de Librer\u00edas Gandhi<\/figcaption><\/figure>\n<p>&nbsp;<\/p>\n<figure style=\"width: 443px\" class=\"wp-caption aligncenter\"><a ref=\"magnificPopup\" href=\"https:\/\/www.lashistorias.com.mx\/wp-content\/uploads\/2017\/07\/images-1.jpg\"><img loading=\"lazy\" decoding=\"async\" data-attachment-id=\"13863\" data-permalink=\"https:\/\/www.lashistorias.com.mx\/index.php\/y-si-con-otro-pasas-el-rato\/images-1-jpg\/\" data-orig-file=\"https:\/\/www.lashistorias.com.mx\/wp-content\/uploads\/2017\/07\/images-1.jpg\" data-orig-size=\"443,332\" data-comments-opened=\"1\" data-image-meta=\"{&quot;aperture&quot;:&quot;0&quot;,&quot;credit&quot;:&quot;&quot;,&quot;camera&quot;:&quot;&quot;,&quot;caption&quot;:&quot;&quot;,&quot;created_timestamp&quot;:&quot;0&quot;,&quot;copyright&quot;:&quot;&quot;,&quot;focal_length&quot;:&quot;0&quot;,&quot;iso&quot;:&quot;0&quot;,&quot;shutter_speed&quot;:&quot;0&quot;,&quot;title&quot;:&quot;&quot;,&quot;orientation&quot;:&quot;0&quot;}\" data-image-title=\"images-1.jpg\" data-image-description=\"\" data-image-caption=\"\" data-large-file=\"https:\/\/www.lashistorias.com.mx\/wp-content\/uploads\/2017\/07\/images-1.jpg\" class=\"size-full wp-image-13863\" title=\"\" src=\"https:\/\/www.lashistorias.com.mx\/wp-content\/uploads\/2017\/07\/images-1.jpg\" alt=\"\" width=\"443\" height=\"332\" srcset=\"https:\/\/www.lashistorias.com.mx\/wp-content\/uploads\/2017\/07\/images-1.jpg 443w, https:\/\/www.lashistorias.com.mx\/wp-content\/uploads\/2017\/07\/images-1-300x225.jpg 300w\" sizes=\"auto, (max-width: 443px) 100vw, 443px\" \/><\/a><figcaption class=\"wp-caption-text\">Otro anuncio<\/figcaption><\/figure>\n<p>La broma de Maluma no funciona del todo, en realidad, porque se burla al mismo tiempo de los lectores posibles y del cantante y porque no habla de lectura sino de escritura. Un subg\u00e9nero peque\u00f1ito de la mem\u00e9tica actual, que s\u00f3lo crean, difunden y consumen los estudiantes universitarios, es el de las quejas por no poder terminar una tesis. El tuit acaba por burlarse m\u00e1s bien del tesista estereot\u00edpico, que no termina nunca su trabajo por la desidia, la distracci\u00f3n, las obstrucciones de asesores y otras autoridades, etc\u00e9tera. Hasta Maluma \u2013que seg\u00fan el estereotipo del cantante famoso, no leer\u00eda\u2013 acabar\u00eda m\u00e1s r\u00e1pido un libro. La foto podr\u00eda haber funcionado mejor con un pie menos agresivo y m\u00e1s directamente relacionado con la lectura. Algo, tal vez, como esto:<\/p>\n<blockquote><p>\u00ab\u00bfY si pasas el rato con un libro?\u00bb<\/p><\/blockquote>\n<p>Es importante considerar que la CNL <i>no<\/i>\u00a0hizo la imagen, a la que s\u00f3lo agreg\u00f3 texto. M\u00e1s todav\u00eda: la imagen \u2013tomada por el fot\u00f3grafo\u00a0Mateo Londo\u00f1o Quijano (se puede\u00a0<a href=\"https:\/\/www.instagram.com\/p\/BV0XKFihaCn\/\">ver en su cuenta de Instagram<\/a>, donde se public\u00f3 el 28 de junio)\u2013 podr\u00eda tener que ver con una publicaci\u00f3n a\u00fan m\u00e1s anterior, del propio Maluma, quien public\u00f3 una imagen de un ejemplar de <em>La ca\u00edda<\/em>, de Camus, en su propio Instagram el a\u00f1o pasado, en el mes de noviembre. La imagen apareci\u00f3 en la secci\u00f3n de \u00abStories\u00bb de esa red social: publicaciones ef\u00edmeras que se borran luego de 24 horas, pero no era la primera vez que el cantante pon\u00eda im\u00e1genes de libros y pude encontrar esta captura de pantalla:<\/p>\n<figure id=\"attachment_13870\" aria-describedby=\"caption-attachment-13870\" style=\"width: 350px\" class=\"wp-caption aligncenter\"><a ref=\"magnificPopup\" href=\"https:\/\/www.lashistorias.com.mx\/wp-content\/uploads\/2017\/07\/Screenshot_20170711-172909-01.jpeg\"><img loading=\"lazy\" decoding=\"async\" data-attachment-id=\"13870\" data-permalink=\"https:\/\/www.lashistorias.com.mx\/index.php\/y-si-con-otro-pasas-el-rato\/screenshot_20170711-172909-01-jpeg\/\" data-orig-file=\"https:\/\/www.lashistorias.com.mx\/wp-content\/uploads\/2017\/07\/Screenshot_20170711-172909-01.jpeg\" data-orig-size=\"1080,1599\" data-comments-opened=\"1\" data-image-meta=\"{&quot;aperture&quot;:&quot;0&quot;,&quot;credit&quot;:&quot;&quot;,&quot;camera&quot;:&quot;&quot;,&quot;caption&quot;:&quot;&quot;,&quot;created_timestamp&quot;:&quot;0&quot;,&quot;copyright&quot;:&quot;&quot;,&quot;focal_length&quot;:&quot;0&quot;,&quot;iso&quot;:&quot;0&quot;,&quot;shutter_speed&quot;:&quot;0&quot;,&quot;title&quot;:&quot;&quot;,&quot;orientation&quot;:&quot;1&quot;}\" data-image-title=\"Screenshot_20170711-172909-01.jpeg\" data-image-description=\"\" data-image-caption=\"\" data-large-file=\"https:\/\/www.lashistorias.com.mx\/wp-content\/uploads\/2017\/07\/Screenshot_20170711-172909-01-692x1024.jpeg\" class=\"wp-image-13870\" src=\"https:\/\/www.lashistorias.com.mx\/wp-content\/uploads\/2017\/07\/Screenshot_20170711-172909-01-692x1024.jpeg\" alt=\"\" width=\"350\" height=\"518\" srcset=\"https:\/\/www.lashistorias.com.mx\/wp-content\/uploads\/2017\/07\/Screenshot_20170711-172909-01-692x1024.jpeg 692w, https:\/\/www.lashistorias.com.mx\/wp-content\/uploads\/2017\/07\/Screenshot_20170711-172909-01-203x300.jpeg 203w, https:\/\/www.lashistorias.com.mx\/wp-content\/uploads\/2017\/07\/Screenshot_20170711-172909-01.jpeg 1080w\" sizes=\"auto, (max-width: 350px) 100vw, 350px\" \/><\/a><figcaption id=\"caption-attachment-13870\" class=\"wp-caption-text\">Maluma y Camus en Instagram (<a href=\"https:\/\/twitter.com\/RHBcastillo\/status\/797268130871459840\">fuente<\/a>)<\/figcaption><\/figure>\n<p>Todas las evidencias apuntan, pues, a que la imagen era aut\u00e9ntica. (Muchas personas sospecharon lo contrario porque en la foto falta el t\u00edtulo del libro. La escritora Alejandra Incl\u00e1n\u00a0<a href=\"https:\/\/twitter.com\/VeroAleIC\/status\/884574676168650752\">sugiere<\/a>\u00a0que el t\u00edtulo se habr\u00eda borrado para que ning\u00fan periodista hiciera a Maluma una pregunta puntual.)<\/p>\n<p>Si se hacen a un lado los prejuicios, no hay razones para sorprenderse. No ser\u00eda la primera vez que una estrella muy famosa y considerada poco inteligente (o de plano incapaz de leer) resulta tener <a href=\"http:\/\/www.openculture.com\/2012\/11\/marilyn_monroe_reads_joyces_ulysses_at_the_playground.html\">por lo menos inter\u00e9s<\/a> en los libros:<\/p>\n<figure id=\"attachment_13881\" aria-describedby=\"caption-attachment-13881\" style=\"width: 350px\" class=\"wp-caption aligncenter\"><a ref=\"magnificPopup\" href=\"https:\/\/www.lashistorias.com.mx\/wp-content\/uploads\/2017\/07\/c87e8ea97617b83c61beecb6b4b17794.jpg\"><img loading=\"lazy\" decoding=\"async\" data-attachment-id=\"13881\" data-permalink=\"https:\/\/www.lashistorias.com.mx\/index.php\/y-si-con-otro-pasas-el-rato\/usa-new-york-long-island-us-actress-marilyn-monroe-1955\/\" data-orig-file=\"https:\/\/www.lashistorias.com.mx\/wp-content\/uploads\/2017\/07\/c87e8ea97617b83c61beecb6b4b17794.jpg\" data-orig-size=\"1012,1525\" data-comments-opened=\"1\" data-image-meta=\"{&quot;aperture&quot;:&quot;0&quot;,&quot;credit&quot;:&quot;\\u00a9Eve Arnold \/ Magnum Photos&quot;,&quot;camera&quot;:&quot;&quot;,&quot;caption&quot;:&quot;USA. New York. Long Island. US actress Marilyn MONROE. 1955.&quot;,&quot;created_timestamp&quot;:&quot;0&quot;,&quot;copyright&quot;:&quot;\\u00a9Eve Arnold \/ Magnum Photos&quot;,&quot;focal_length&quot;:&quot;0&quot;,&quot;iso&quot;:&quot;0&quot;,&quot;shutter_speed&quot;:&quot;0&quot;,&quot;title&quot;:&quot;USA. New York. Long Island. US actress Marilyn MONROE. 1955.&quot;,&quot;orientation&quot;:&quot;0&quot;}\" data-image-title=\"USA. New York. Long Island. US actress Marilyn MONROE. 1955.\" data-image-description=\"\" data-image-caption=\"&lt;p&gt;Marilyn Monroe fotografiada en un parque de Long Island en 1955. Foto de Eve Arnold&lt;\/p&gt;\n\" data-large-file=\"https:\/\/www.lashistorias.com.mx\/wp-content\/uploads\/2017\/07\/c87e8ea97617b83c61beecb6b4b17794-680x1024.jpg\" class=\"wp-image-13881\" src=\"https:\/\/www.lashistorias.com.mx\/wp-content\/uploads\/2017\/07\/c87e8ea97617b83c61beecb6b4b17794-680x1024.jpg\" alt=\"\" width=\"350\" height=\"527\" srcset=\"https:\/\/www.lashistorias.com.mx\/wp-content\/uploads\/2017\/07\/c87e8ea97617b83c61beecb6b4b17794-680x1024.jpg 680w, https:\/\/www.lashistorias.com.mx\/wp-content\/uploads\/2017\/07\/c87e8ea97617b83c61beecb6b4b17794-199x300.jpg 199w, https:\/\/www.lashistorias.com.mx\/wp-content\/uploads\/2017\/07\/c87e8ea97617b83c61beecb6b4b17794.jpg 1012w\" sizes=\"auto, (max-width: 350px) 100vw, 350px\" \/><\/a><figcaption id=\"caption-attachment-13881\" class=\"wp-caption-text\">Marilyn Monroe fotografiada en un parque de Long Island en 1955. Foto de Eve Arnold<\/figcaption><\/figure>\n<p>Lo interesante, lo desolador, \u00a0son las reacciones que provoc\u00f3 la broma. Algunas personas \u2013incluso desde antes de que la CNL difundiera la foto en M\u00e9xico\u2013 se indignaron por la idea de que Maluma leyera a Camus (o leyera, siquiera), o bien se burlaron de las personas a las que gusta la m\u00fasica del cantante:<\/p>\n<figure id=\"attachment_13883\" aria-describedby=\"caption-attachment-13883\" style=\"width: 350px\" class=\"wp-caption aligncenter\"><a ref=\"magnificPopup\" href=\"https:\/\/www.lashistorias.com.mx\/wp-content\/uploads\/2017\/07\/Pocotrino.jpg\"><img loading=\"lazy\" decoding=\"async\" data-attachment-id=\"13883\" data-permalink=\"https:\/\/www.lashistorias.com.mx\/index.php\/y-si-con-otro-pasas-el-rato\/pocotrino\/\" data-orig-file=\"https:\/\/www.lashistorias.com.mx\/wp-content\/uploads\/2017\/07\/Pocotrino.jpg\" data-orig-size=\"1080,1159\" data-comments-opened=\"1\" data-image-meta=\"{&quot;aperture&quot;:&quot;0&quot;,&quot;credit&quot;:&quot;&quot;,&quot;camera&quot;:&quot;&quot;,&quot;caption&quot;:&quot;&quot;,&quot;created_timestamp&quot;:&quot;0&quot;,&quot;copyright&quot;:&quot;&quot;,&quot;focal_length&quot;:&quot;0&quot;,&quot;iso&quot;:&quot;0&quot;,&quot;shutter_speed&quot;:&quot;0&quot;,&quot;title&quot;:&quot;&quot;,&quot;orientation&quot;:&quot;1&quot;}\" data-image-title=\"Pocotrino\" data-image-description=\"\" data-image-caption=\"&lt;p&gt;(fuente)&lt;\/p&gt;\n\" data-large-file=\"https:\/\/www.lashistorias.com.mx\/wp-content\/uploads\/2017\/07\/Pocotrino-954x1024.jpg\" class=\"wp-image-13883\" src=\"https:\/\/www.lashistorias.com.mx\/wp-content\/uploads\/2017\/07\/Pocotrino-954x1024.jpg\" alt=\"\" width=\"350\" height=\"376\" srcset=\"https:\/\/www.lashistorias.com.mx\/wp-content\/uploads\/2017\/07\/Pocotrino-954x1024.jpg 954w, https:\/\/www.lashistorias.com.mx\/wp-content\/uploads\/2017\/07\/Pocotrino-280x300.jpg 280w, https:\/\/www.lashistorias.com.mx\/wp-content\/uploads\/2017\/07\/Pocotrino.jpg 1080w\" sizes=\"auto, (max-width: 350px) 100vw, 350px\" \/><\/a><figcaption id=\"caption-attachment-13883\" class=\"wp-caption-text\">(<a href=\"https:\/\/twitter.com\/PocoTrino\/status\/882764220303101952\">fuente<\/a>)<\/figcaption><\/figure>\n<p>&nbsp;<\/p>\n<figure id=\"attachment_13891\" aria-describedby=\"caption-attachment-13891\" style=\"width: 350px\" class=\"wp-caption aligncenter\"><a ref=\"magnificPopup\" href=\"https:\/\/www.lashistorias.com.mx\/wp-content\/uploads\/2017\/07\/motoneta.jpg\"><img loading=\"lazy\" decoding=\"async\" data-attachment-id=\"13891\" data-permalink=\"https:\/\/www.lashistorias.com.mx\/index.php\/y-si-con-otro-pasas-el-rato\/motoneta\/\" data-orig-file=\"https:\/\/www.lashistorias.com.mx\/wp-content\/uploads\/2017\/07\/motoneta.jpg\" data-orig-size=\"1080,524\" data-comments-opened=\"1\" data-image-meta=\"{&quot;aperture&quot;:&quot;0&quot;,&quot;credit&quot;:&quot;&quot;,&quot;camera&quot;:&quot;&quot;,&quot;caption&quot;:&quot;&quot;,&quot;created_timestamp&quot;:&quot;0&quot;,&quot;copyright&quot;:&quot;&quot;,&quot;focal_length&quot;:&quot;0&quot;,&quot;iso&quot;:&quot;0&quot;,&quot;shutter_speed&quot;:&quot;0&quot;,&quot;title&quot;:&quot;&quot;,&quot;orientation&quot;:&quot;1&quot;}\" data-image-title=\"motoneta\" data-image-description=\"\" data-image-caption=\"&lt;p&gt;(fuente)&lt;\/p&gt;\n\" data-large-file=\"https:\/\/www.lashistorias.com.mx\/wp-content\/uploads\/2017\/07\/motoneta-1024x497.jpg\" class=\"wp-image-13891\" src=\"https:\/\/www.lashistorias.com.mx\/wp-content\/uploads\/2017\/07\/motoneta-1024x497.jpg\" alt=\"\" width=\"350\" height=\"170\" srcset=\"https:\/\/www.lashistorias.com.mx\/wp-content\/uploads\/2017\/07\/motoneta-1024x497.jpg 1024w, https:\/\/www.lashistorias.com.mx\/wp-content\/uploads\/2017\/07\/motoneta-300x146.jpg 300w, https:\/\/www.lashistorias.com.mx\/wp-content\/uploads\/2017\/07\/motoneta.jpg 1080w\" sizes=\"auto, (max-width: 350px) 100vw, 350px\" \/><\/a><figcaption id=\"caption-attachment-13891\" class=\"wp-caption-text\">(<a href=\"https:\/\/twitter.com\/abuelamotoneta\/status\/884899246364917762\">fuente<\/a>)<\/figcaption><\/figure>\n<p>Otras, por el contrario, se burlaron de los que se burlaban: los \u00abintelectuales\u00bb, los \u00abexquisitos\u00bb, los \u00abesnobs\u00bb.<\/p>\n<figure id=\"attachment_13887\" aria-describedby=\"caption-attachment-13887\" style=\"width: 350px\" class=\"wp-caption aligncenter\"><a ref=\"magnificPopup\" href=\"https:\/\/www.lashistorias.com.mx\/wp-content\/uploads\/2017\/07\/CaballoNegro.jpg\"><img loading=\"lazy\" decoding=\"async\" data-attachment-id=\"13887\" data-permalink=\"https:\/\/www.lashistorias.com.mx\/index.php\/y-si-con-otro-pasas-el-rato\/caballonegro\/\" data-orig-file=\"https:\/\/www.lashistorias.com.mx\/wp-content\/uploads\/2017\/07\/CaballoNegro.jpg\" data-orig-size=\"1080,1215\" data-comments-opened=\"1\" data-image-meta=\"{&quot;aperture&quot;:&quot;0&quot;,&quot;credit&quot;:&quot;&quot;,&quot;camera&quot;:&quot;&quot;,&quot;caption&quot;:&quot;&quot;,&quot;created_timestamp&quot;:&quot;0&quot;,&quot;copyright&quot;:&quot;&quot;,&quot;focal_length&quot;:&quot;0&quot;,&quot;iso&quot;:&quot;0&quot;,&quot;shutter_speed&quot;:&quot;0&quot;,&quot;title&quot;:&quot;&quot;,&quot;orientation&quot;:&quot;1&quot;}\" data-image-title=\"tuit de @CaballoNegro\" data-image-description=\"\" data-image-caption=\"&lt;p&gt;(fuente)&lt;\/p&gt;\n\" data-large-file=\"https:\/\/www.lashistorias.com.mx\/wp-content\/uploads\/2017\/07\/CaballoNegro-910x1024.jpg\" class=\"wp-image-13887\" src=\"https:\/\/www.lashistorias.com.mx\/wp-content\/uploads\/2017\/07\/CaballoNegro-910x1024.jpg\" alt=\"\" width=\"350\" height=\"394\" srcset=\"https:\/\/www.lashistorias.com.mx\/wp-content\/uploads\/2017\/07\/CaballoNegro-910x1024.jpg 910w, https:\/\/www.lashistorias.com.mx\/wp-content\/uploads\/2017\/07\/CaballoNegro-267x300.jpg 267w, https:\/\/www.lashistorias.com.mx\/wp-content\/uploads\/2017\/07\/CaballoNegro.jpg 1080w\" sizes=\"auto, (max-width: 350px) 100vw, 350px\" \/><\/a><figcaption id=\"caption-attachment-13887\" class=\"wp-caption-text\">(<a href=\"https:\/\/twitter.com\/caballonegro\/status\/884881740854067201\">fuente<\/a>)<\/figcaption><\/figure>\n<p>&nbsp;<\/p>\n<figure id=\"attachment_13889\" aria-describedby=\"caption-attachment-13889\" style=\"width: 350px\" class=\"wp-caption aligncenter\"><a ref=\"magnificPopup\" href=\"https:\/\/www.lashistorias.com.mx\/wp-content\/uploads\/2017\/07\/jergas.jpg\"><img loading=\"lazy\" decoding=\"async\" data-attachment-id=\"13889\" data-permalink=\"https:\/\/www.lashistorias.com.mx\/index.php\/y-si-con-otro-pasas-el-rato\/jergas\/\" data-orig-file=\"https:\/\/www.lashistorias.com.mx\/wp-content\/uploads\/2017\/07\/jergas.jpg\" data-orig-size=\"1080,520\" data-comments-opened=\"1\" data-image-meta=\"{&quot;aperture&quot;:&quot;0&quot;,&quot;credit&quot;:&quot;&quot;,&quot;camera&quot;:&quot;&quot;,&quot;caption&quot;:&quot;&quot;,&quot;created_timestamp&quot;:&quot;0&quot;,&quot;copyright&quot;:&quot;&quot;,&quot;focal_length&quot;:&quot;0&quot;,&quot;iso&quot;:&quot;0&quot;,&quot;shutter_speed&quot;:&quot;0&quot;,&quot;title&quot;:&quot;&quot;,&quot;orientation&quot;:&quot;1&quot;}\" data-image-title=\"jergas\" data-image-description=\"\" data-image-caption=\"&lt;p&gt;(fuente)&lt;\/p&gt;\n\" data-large-file=\"https:\/\/www.lashistorias.com.mx\/wp-content\/uploads\/2017\/07\/jergas-1024x493.jpg\" class=\"wp-image-13889\" src=\"https:\/\/www.lashistorias.com.mx\/wp-content\/uploads\/2017\/07\/jergas-1024x493.jpg\" alt=\"\" width=\"350\" height=\"169\" srcset=\"https:\/\/www.lashistorias.com.mx\/wp-content\/uploads\/2017\/07\/jergas-1024x493.jpg 1024w, https:\/\/www.lashistorias.com.mx\/wp-content\/uploads\/2017\/07\/jergas-300x144.jpg 300w, https:\/\/www.lashistorias.com.mx\/wp-content\/uploads\/2017\/07\/jergas.jpg 1080w\" sizes=\"auto, (max-width: 350px) 100vw, 350px\" \/><\/a><figcaption id=\"caption-attachment-13889\" class=\"wp-caption-text\">(<a href=\"https:\/\/twitter.com\/Jergas\/status\/884574461172658176\">fuente<\/a>)<\/figcaption><\/figure>\n<p>Y la virulencia de la mayor\u00eda de los comentarios era mucho mayor que la de los que he reproducido. En general \u2013como sucede con el futbol, con la religi\u00f3n, con la pol\u00edtica, con la salud reproductiva o la perspectiva de g\u00e9nero\u2013 apenas hubo puntos de vista conciliadores y lo que destac\u00f3 fue la enorme divisi\u00f3n entre los campos en favor y en contra de Maluma, del reggaet\u00f3n y de los famosos en general. Ya sab\u00edamos que estas divisiones existen, que las redes sociales las vuelven m\u00e1s profundas y que el nuevo tribalismo de internet se est\u00e1 convirtiendo en algo cada vez m\u00e1s peligroso; fue triste constatar una vez m\u00e1s que cualquier desacuerdo (incluyendo los verdaderamente triviales, como \u00e9ste) puede despertarlo.<\/p>\n<p>Adem\u00e1s de esta conclusi\u00f3n, en realidad bastante previsible, lo que nos dejar\u00e1 el incidente es un nuevo meme, eso s\u00ed. A partir de ahora, Maluma podr\u00e1 ser visto leyendo absolutamente cualquier cosa.<\/p>\n<figure id=\"attachment_13866\" aria-describedby=\"caption-attachment-13866\" style=\"width: 350px\" class=\"wp-caption aligncenter\"><a ref=\"magnificPopup\" href=\"https:\/\/www.lashistorias.com.mx\/wp-content\/uploads\/2017\/07\/Screenshot_20170711-162559_01-01.jpeg\"><img loading=\"lazy\" decoding=\"async\" data-attachment-id=\"13866\" data-permalink=\"https:\/\/www.lashistorias.com.mx\/index.php\/y-si-con-otro-pasas-el-rato\/screenshot_20170711-162559_01-01-jpeg\/\" data-orig-file=\"https:\/\/www.lashistorias.com.mx\/wp-content\/uploads\/2017\/07\/Screenshot_20170711-162559_01-01.jpeg\" data-orig-size=\"1074,1277\" data-comments-opened=\"1\" data-image-meta=\"{&quot;aperture&quot;:&quot;0&quot;,&quot;credit&quot;:&quot;&quot;,&quot;camera&quot;:&quot;&quot;,&quot;caption&quot;:&quot;&quot;,&quot;created_timestamp&quot;:&quot;0&quot;,&quot;copyright&quot;:&quot;&quot;,&quot;focal_length&quot;:&quot;0&quot;,&quot;iso&quot;:&quot;0&quot;,&quot;shutter_speed&quot;:&quot;0&quot;,&quot;title&quot;:&quot;&quot;,&quot;orientation&quot;:&quot;1&quot;}\" data-image-title=\"Screenshot_20170711-162559_01-01.jpeg\" data-image-description=\"\" data-image-caption=\"\" data-large-file=\"https:\/\/www.lashistorias.com.mx\/wp-content\/uploads\/2017\/07\/Screenshot_20170711-162559_01-01-861x1024.jpeg\" class=\"wp-image-13866\" src=\"https:\/\/www.lashistorias.com.mx\/wp-content\/uploads\/2017\/07\/Screenshot_20170711-162559_01-01.jpeg\" alt=\"\" width=\"350\" height=\"416\" srcset=\"https:\/\/www.lashistorias.com.mx\/wp-content\/uploads\/2017\/07\/Screenshot_20170711-162559_01-01.jpeg 1074w, https:\/\/www.lashistorias.com.mx\/wp-content\/uploads\/2017\/07\/Screenshot_20170711-162559_01-01-252x300.jpeg 252w, https:\/\/www.lashistorias.com.mx\/wp-content\/uploads\/2017\/07\/Screenshot_20170711-162559_01-01-861x1024.jpeg 861w\" sizes=\"auto, (max-width: 350px) 100vw, 350px\" \/><\/a><figcaption id=\"caption-attachment-13866\" class=\"wp-caption-text\">Cualquier cosa: libros de ayer&#8230; (<a href=\"https:\/\/twitter.com\/victmartinez\/status\/884568378794549248\">fuente<\/a>)<\/figcaption><\/figure>\n<p>&nbsp;<\/p>\n<figure id=\"attachment_13879\" aria-describedby=\"caption-attachment-13879\" style=\"width: 350px\" class=\"wp-caption aligncenter\"><a ref=\"magnificPopup\" href=\"https:\/\/www.lashistorias.com.mx\/wp-content\/uploads\/2017\/07\/DEfwsNxUwAI9YAm.jpg\"><img loading=\"lazy\" decoding=\"async\" data-attachment-id=\"13879\" data-permalink=\"https:\/\/www.lashistorias.com.mx\/index.php\/y-si-con-otro-pasas-el-rato\/defwsnxuwai9yam\/\" data-orig-file=\"https:\/\/www.lashistorias.com.mx\/wp-content\/uploads\/2017\/07\/DEfwsNxUwAI9YAm.jpg\" data-orig-size=\"833,1024\" data-comments-opened=\"1\" data-image-meta=\"{&quot;aperture&quot;:&quot;0&quot;,&quot;credit&quot;:&quot;&quot;,&quot;camera&quot;:&quot;&quot;,&quot;caption&quot;:&quot;&quot;,&quot;created_timestamp&quot;:&quot;0&quot;,&quot;copyright&quot;:&quot;&quot;,&quot;focal_length&quot;:&quot;0&quot;,&quot;iso&quot;:&quot;0&quot;,&quot;shutter_speed&quot;:&quot;0&quot;,&quot;title&quot;:&quot;&quot;,&quot;orientation&quot;:&quot;0&quot;}\" data-image-title=\"\" data-image-description=\"\" data-image-caption=\"&lt;p&gt;Todos los libros (fuente)&lt;\/p&gt;\n\" data-large-file=\"https:\/\/www.lashistorias.com.mx\/wp-content\/uploads\/2017\/07\/DEfwsNxUwAI9YAm-833x1024.jpg\" class=\"wp-image-13879\" src=\"https:\/\/www.lashistorias.com.mx\/wp-content\/uploads\/2017\/07\/DEfwsNxUwAI9YAm-833x1024.jpg\" alt=\"\" width=\"350\" height=\"430\" srcset=\"https:\/\/www.lashistorias.com.mx\/wp-content\/uploads\/2017\/07\/DEfwsNxUwAI9YAm.jpg 833w, https:\/\/www.lashistorias.com.mx\/wp-content\/uploads\/2017\/07\/DEfwsNxUwAI9YAm-244x300.jpg 244w\" sizes=\"auto, (max-width: 350px) 100vw, 350px\" \/><\/a><figcaption id=\"caption-attachment-13879\" class=\"wp-caption-text\">&#8230;y libros de hoy. (<a href=\"https:\/\/twitter.com\/fffmelchor\/status\/884940506513276928\">fuente<\/a>)<\/figcaption><\/figure>\n<p>&nbsp;<\/p>\n<figure id=\"attachment_13877\" aria-describedby=\"caption-attachment-13877\" style=\"width: 350px\" class=\"wp-caption aligncenter\"><a ref=\"magnificPopup\" href=\"https:\/\/www.lashistorias.com.mx\/wp-content\/uploads\/2017\/07\/CualquierCosa.jpg\"><img loading=\"lazy\" decoding=\"async\" data-attachment-id=\"13877\" data-permalink=\"https:\/\/www.lashistorias.com.mx\/index.php\/y-si-con-otro-pasas-el-rato\/cualquiercosa\/\" data-orig-file=\"https:\/\/www.lashistorias.com.mx\/wp-content\/uploads\/2017\/07\/CualquierCosa.jpg\" data-orig-size=\"1080,1341\" data-comments-opened=\"1\" data-image-meta=\"{&quot;aperture&quot;:&quot;0&quot;,&quot;credit&quot;:&quot;&quot;,&quot;camera&quot;:&quot;&quot;,&quot;caption&quot;:&quot;&quot;,&quot;created_timestamp&quot;:&quot;0&quot;,&quot;copyright&quot;:&quot;&quot;,&quot;focal_length&quot;:&quot;0&quot;,&quot;iso&quot;:&quot;0&quot;,&quot;shutter_speed&quot;:&quot;0&quot;,&quot;title&quot;:&quot;&quot;,&quot;orientation&quot;:&quot;1&quot;}\" data-image-title=\"\" data-image-description=\"\" data-image-caption=\"&lt;p&gt;\u00a1Cualquier cosa, les digo!&lt;\/p&gt;\n\" data-large-file=\"https:\/\/www.lashistorias.com.mx\/wp-content\/uploads\/2017\/07\/CualquierCosa-825x1024.jpg\" class=\"wp-image-13877\" src=\"https:\/\/www.lashistorias.com.mx\/wp-content\/uploads\/2017\/07\/CualquierCosa-825x1024.jpg\" alt=\"\" width=\"350\" height=\"435\" srcset=\"https:\/\/www.lashistorias.com.mx\/wp-content\/uploads\/2017\/07\/CualquierCosa-825x1024.jpg 825w, https:\/\/www.lashistorias.com.mx\/wp-content\/uploads\/2017\/07\/CualquierCosa-242x300.jpg 242w, https:\/\/www.lashistorias.com.mx\/wp-content\/uploads\/2017\/07\/CualquierCosa.jpg 1080w\" sizes=\"auto, (max-width: 350px) 100vw, 350px\" \/><\/a><figcaption id=\"caption-attachment-13877\" class=\"wp-caption-text\">\u00a1Cualquier cosa, les digo! \ud83d\ude1b<\/figcaption><\/figure>\n<p>Gracias a <a href=\"https:\/\/www.youtube.com\/watch?v=7dCRECSacXc\">Alejandra Ar\u00e9valo<\/a> por su ayuda con varios detalles de esta nota.<\/p>\n","protected":false},"excerpt":{"rendered":"<p>Un cantante, un libro, una pol\u00e9mica y muchas tribus de internet.<\/p>\n","protected":false},"author":1,"featured_media":13877,"comment_status":"open","ping_status":"open","sticky":false,"template":"","format":"standard","meta":{"advanced_seo_description":"","jetpack_seo_html_title":"","jetpack_seo_noindex":false,"jetpack_post_was_ever_published":false,"_jetpack_newsletter_access":"","_jetpack_dont_email_post_to_subs":false,"_jetpack_newsletter_tier_id":0,"_jetpack_memberships_contains_paywalled_content":false,"_jetpack_memberships_contains_paid_content":false,"footnotes":"","jetpack_publicize_message":"En Las Historias, una nota sobre aquella foto de Maluma.","jetpack_publicize_feature_enabled":true,"jetpack_social_post_already_shared":true,"jetpack_social_options":{"image_generator_settings":{"template":"highway","default_image_id":0,"font":"","enabled":false},"version":2}},"categories":[1520],"tags":[3161,3157,3158,3160,3159,2866,2243,2389,8,690,2855,3153,3156,727,442,447,3155,2831,3154,795],"class_list":["post-13856","post","type-post","status-publish","format-standard","has-post-thumbnail","hentry","category-cuaderno","tag-albert-camus","tag-alejandra-arevalo","tag-alejandra-inclan","tag-cnl","tag-coordinacion-nacional-de-literatura","tag-cuaderno","tag-inba","tag-instituto-nacional-de-bellas-artes","tag-internet","tag-james-joyce","tag-literatura","tag-maluma","tag-marilyn-monroe","tag-memes","tag-polemica","tag-prejuicios","tag-promocion-de-la-lectura","tag-redes-sociales","tag-reggaeton","tag-twitter"],"jetpack_publicize_connections":[],"jetpack_featured_media_url":"https:\/\/www.lashistorias.com.mx\/wp-content\/uploads\/2017\/07\/CualquierCosa.jpg","jetpack_shortlink":"https:\/\/wp.me\/pjEhq-3Bu","jetpack_sharing_enabled":true,"_links":{"self":[{"href":"https:\/\/www.lashistorias.com.mx\/index.php\/wp-json\/wp\/v2\/posts\/13856","targetHints":{"allow":["GET"]}}],"collection":[{"href":"https:\/\/www.lashistorias.com.mx\/index.php\/wp-json\/wp\/v2\/posts"}],"about":[{"href":"https:\/\/www.lashistorias.com.mx\/index.php\/wp-json\/wp\/v2\/types\/post"}],"author":[{"embeddable":true,"href":"https:\/\/www.lashistorias.com.mx\/index.php\/wp-json\/wp\/v2\/users\/1"}],"replies":[{"embeddable":true,"href":"https:\/\/www.lashistorias.com.mx\/index.php\/wp-json\/wp\/v2\/comments?post=13856"}],"version-history":[{"count":27,"href":"https:\/\/www.lashistorias.com.mx\/index.php\/wp-json\/wp\/v2\/posts\/13856\/revisions"}],"predecessor-version":[{"id":13897,"href":"https:\/\/www.lashistorias.com.mx\/index.php\/wp-json\/wp\/v2\/posts\/13856\/revisions\/13897"}],"wp:featuredmedia":[{"embeddable":true,"href":"https:\/\/www.lashistorias.com.mx\/index.php\/wp-json\/wp\/v2\/media\/13877"}],"wp:attachment":[{"href":"https:\/\/www.lashistorias.com.mx\/index.php\/wp-json\/wp\/v2\/media?parent=13856"}],"wp:term":[{"taxonomy":"category","embeddable":true,"href":"https:\/\/www.lashistorias.com.mx\/index.php\/wp-json\/wp\/v2\/categories?post=13856"},{"taxonomy":"post_tag","embeddable":true,"href":"https:\/\/www.lashistorias.com.mx\/index.php\/wp-json\/wp\/v2\/tags?post=13856"}],"curies":[{"name":"wp","href":"https:\/\/api.w.org\/{rel}","templated":true}]}}