{"id":13534,"date":"2017-03-02T21:30:24","date_gmt":"2017-03-03T03:30:24","guid":{"rendered":"http:\/\/www.lashistorias.com.mx\/?p=13534"},"modified":"2017-03-04T12:02:29","modified_gmt":"2017-03-04T18:02:29","slug":"cinco-novelas-para-escapar-o-no-del-mundo","status":"publish","type":"post","link":"https:\/\/www.lashistorias.com.mx\/index.php\/cinco-novelas-para-escapar-o-no-del-mundo\/","title":{"rendered":"Cinco novelas para escapar (o no) del mundo"},"content":{"rendered":"<p>En lo que va del a\u00f1o,\u00a0todo lo publicado en los medios alrededor\u00a0de la nueva presidencia de Estados Unidos\u00a0ha causado\u00a0(sobre todo durante el mes de febrero) tal\u00a0desconcierto y miedo que\u00a0ha sido fuente de aut\u00e9ntico malestar en muchas personas y, de tan abundante, ha sepultado las noticias que\u00a0<a href=\"http:\/\/internacional.elpais.com\/internacional\/2017\/02\/20\/estados_unidos\/1487601745_277175.html?id_externo_rsoc=TW_CM\">m\u00e1s importan<\/a>\u00a0\u2013por no hablar de <a href=\"http:\/\/www.vanguardia.com.mx\/articulo\/encuentran-11-cuerpos-dentro-de-una-camioneta-en-boca-del-rio-veracruz\">sucesos<\/a> que <a href=\"http:\/\/www.animalpolitico.com\/2017\/03\/onu-investigacion-pgr-ayotzinapa\/\">no tienen<\/a>\u00a0que <a href=\"http:\/\/www.jornada.unam.mx\/ultimas\/2017\/03\/02\/es-probable-que-mexico-entre-en-recesion-moodys-analytics\">ver directamente<\/a>\u00a0con aquel pa\u00eds\u2013 entre numerosos <em>contenidos<\/em>\u00a0fr\u00edvolos o sensacionalistas. Y aparte est\u00e1n, a\u00fan, el ruido y la desinformaci\u00f3n sobre cualquier otro tema que ya son habituales\u00a0en la redes.<\/p>\n<p>En todo esto, me parece, hay un peligro real: el\u00a0de perder el control de nuestra percepci\u00f3n del mundo, cederlo a esas f\u00e1bricas de est\u00edmulos. El riesgo est\u00e1 en la <i>obsesi\u00f3n<\/i>\u00a0con esas informaciones: en el sometimiento a una rutina de indignaci\u00f3n o desahogo superficial (de incontables indignaciones y desahogos) que nos impida ver cualquier otra cosa ni pensar en el mundo m\u00e1s all\u00e1 de las reacciones inmediatas a los nuevos esc\u00e1ndalos del d\u00eda.<\/p>\n<p>Para\u00a0informarnos mejor (en la medida en que eso sea posible) se puede intentar leer de manera m\u00e1s cr\u00edtica y profunda el alud de los acontecimientos.\u00a0Y para lograr eso, me parece, hay una herramienta a disposici\u00f3n, por lo menos, de las personas a las que le gusta leer: las novelas. En especial, novelas extensas, intrincadas, densas.<\/p>\n<p>No me refiero a \u00ablibros\u00a0que atrapen\u00bb al lector (en realidad eso es facil\u00edsimo, aunque se venda como una gran haza\u00f1a) sino a libros\u00a0que propongan un mundo propio, reconocible, consistente, con mucha claridad y muchos detalles: un entorno que puede \u00abexplorarse\u00bb durante un tiempo prolongado, comprenderse\u00a0y\u00a0figurarse con ayuda de la imaginaci\u00f3n, y que sea\u00a0claramente <em>distinto<\/em> de la imagen del mundo que nos ofrece cualquier burbuja informativa. No se trata de que las lecturas sean escapistas (aunque no est\u00e1 mal escapar de vez en cuando, por ejemplo, de una sobredosis de \u00abeste tipo loco o maligno o ambas cosas a la vez va a acabar con el mundo y no hay nada que nadie pueda hacer para evitarlo\u00bb); se trata, sobre todo, de que nos ayuden a comprobar que hay otras formas de representarnos la existencia, y de que en ellas podamos encontrar modos de poner en perspectiva el bombardeo informativo de la actualidad.<\/p>\n<p>La lista que viene a continuaci\u00f3n es de cinco libros \u00fatiles para este fin y que, adem\u00e1s, hablan del poder de diferentes formas.<\/p>\n<p><a ref=\"magnificPopup\" href=\"https:\/\/www.lashistorias.com.mx\/wp-content\/uploads\/2017\/02\/812YTjsnitL.jpg\"><img loading=\"lazy\" decoding=\"async\" data-attachment-id=\"13600\" data-permalink=\"https:\/\/www.lashistorias.com.mx\/index.php\/cinco-novelas-para-escapar-o-no-del-mundo\/812ytjsnitl\/\" data-orig-file=\"https:\/\/www.lashistorias.com.mx\/wp-content\/uploads\/2017\/02\/812YTjsnitL.jpg\" data-orig-size=\"967,1436\" data-comments-opened=\"1\" data-image-meta=\"{&quot;aperture&quot;:&quot;0&quot;,&quot;credit&quot;:&quot;&quot;,&quot;camera&quot;:&quot;&quot;,&quot;caption&quot;:&quot;&quot;,&quot;created_timestamp&quot;:&quot;0&quot;,&quot;copyright&quot;:&quot;&quot;,&quot;focal_length&quot;:&quot;0&quot;,&quot;iso&quot;:&quot;0&quot;,&quot;shutter_speed&quot;:&quot;0&quot;,&quot;title&quot;:&quot;&quot;,&quot;orientation&quot;:&quot;0&quot;}\" data-image-title=\"Kalpa imperial\" data-image-description=\"\" data-image-caption=\"\" data-large-file=\"https:\/\/www.lashistorias.com.mx\/wp-content\/uploads\/2017\/02\/812YTjsnitL-690x1024.jpg\" class=\"aligncenter size-medium wp-image-13600\" src=\"https:\/\/www.lashistorias.com.mx\/wp-content\/uploads\/2017\/02\/812YTjsnitL-202x300.jpg\" alt=\"\" width=\"202\" height=\"300\" srcset=\"https:\/\/www.lashistorias.com.mx\/wp-content\/uploads\/2017\/02\/812YTjsnitL-202x300.jpg 202w, https:\/\/www.lashistorias.com.mx\/wp-content\/uploads\/2017\/02\/812YTjsnitL-690x1024.jpg 690w, https:\/\/www.lashistorias.com.mx\/wp-content\/uploads\/2017\/02\/812YTjsnitL.jpg 967w\" sizes=\"auto, (max-width: 202px) 100vw, 202px\" \/><\/a><\/p>\n<p><b><em>Kalpa imperial<\/em> de Ang\u00e9lica Gorodischer (1983).<\/b><\/p>\n<p>Aunque difundido inicialmente como un libro de cuentos en dos partes, la autora \u2013gran narradora argentina\u2013 prefiere considerarlo una novela. Es una historia que contiene muchas otras historias: en un lugar indeterminado de una ciudad, un narrador oral\u00a0cuyo nombre no se revela nunca cuenta historia tras historia de su pa\u00eds, un imperio vasto y antiguo en el que ha habido guerras, traiciones, cat\u00e1strofes, revoluciones y, a la vez, la vida simple de la gente perdura. Es una novela fant\u00e1stica en la que no ocurre nada sobrenatural:\u00a0el imperio no est\u00e1 en ning\u00fan mapa, pero podr\u00eda ser casi cualquiera de los que se conocen de la historia del mundo.<\/p>\n<p><em><a ref=\"magnificPopup\" href=\"https:\/\/www.lashistorias.com.mx\/wp-content\/uploads\/2017\/02\/9788416252497.jpg\"><img loading=\"lazy\" decoding=\"async\" data-attachment-id=\"13603\" data-permalink=\"https:\/\/www.lashistorias.com.mx\/index.php\/cinco-novelas-para-escapar-o-no-del-mundo\/attachment\/9788416252497\/\" data-orig-file=\"https:\/\/www.lashistorias.com.mx\/wp-content\/uploads\/2017\/02\/9788416252497.jpg\" data-orig-size=\"604,1000\" data-comments-opened=\"1\" data-image-meta=\"{&quot;aperture&quot;:&quot;0&quot;,&quot;credit&quot;:&quot;&quot;,&quot;camera&quot;:&quot;&quot;,&quot;caption&quot;:&quot;&quot;,&quot;created_timestamp&quot;:&quot;0&quot;,&quot;copyright&quot;:&quot;&quot;,&quot;focal_length&quot;:&quot;0&quot;,&quot;iso&quot;:&quot;0&quot;,&quot;shutter_speed&quot;:&quot;0&quot;,&quot;title&quot;:&quot;&quot;,&quot;orientation&quot;:&quot;0&quot;}\" data-image-title=\"Yo serv\u00ed al rey de Inglaterra\" data-image-description=\"\" data-image-caption=\"\" data-large-file=\"https:\/\/www.lashistorias.com.mx\/wp-content\/uploads\/2017\/02\/9788416252497.jpg\" class=\"aligncenter size-medium wp-image-13603\" src=\"https:\/\/www.lashistorias.com.mx\/wp-content\/uploads\/2017\/02\/9788416252497-181x300.jpg\" alt=\"\" width=\"181\" height=\"300\" srcset=\"https:\/\/www.lashistorias.com.mx\/wp-content\/uploads\/2017\/02\/9788416252497-181x300.jpg 181w, https:\/\/www.lashistorias.com.mx\/wp-content\/uploads\/2017\/02\/9788416252497.jpg 604w\" sizes=\"auto, (max-width: 181px) 100vw, 181px\" \/><\/a><\/em><\/p>\n<p><b><em>Yo serv\u00ed al rey de Inglaterra<\/em> de Bohumil Hrabal (1971, tambi\u00e9n conocido con el t\u00edtulo <em>Yo que he servido al rey de Inglaterra<\/em>).<\/b><\/p>\n<p>La obra narrativa de Hrabal, novelista checo,\u00a0es menos apreciada de lo que merece en la actualidad. <i>Yo serv\u00ed al rey de Inglaterra<\/i> es una novela\u00a0muy representativa de esa obra, pues muestra a personajes grotescos y sucesos estramb\u00f3ticos pero al mismo tiempo los trata con una intuici\u00f3n sorprendente de la humanidad de unos y la trascendencia de otros. La historia es la de un\u00a0tonto, llamado Ditie, que va ascendiendo por la Checoslovaquia del siglo XX \u2013pasando por la ocupaci\u00f3n nazi\u2013 hasta convertirse en millonario. Nadie se salva de ser mirado (y juzgado) por este personaje bestial y al mismo tiempo entra\u00f1able.<\/p>\n<p>&nbsp;<\/p>\n<p><a ref=\"magnificPopup\" href=\"https:\/\/www.lashistorias.com.mx\/wp-content\/uploads\/2017\/02\/1487115929.jpg\"><img loading=\"lazy\" decoding=\"async\" data-attachment-id=\"13611\" data-permalink=\"https:\/\/www.lashistorias.com.mx\/index.php\/cinco-novelas-para-escapar-o-no-del-mundo\/attachment\/1487115929\/\" data-orig-file=\"https:\/\/www.lashistorias.com.mx\/wp-content\/uploads\/2017\/02\/1487115929.jpg\" data-orig-size=\"768,1024\" data-comments-opened=\"1\" data-image-meta=\"{&quot;aperture&quot;:&quot;0&quot;,&quot;credit&quot;:&quot;&quot;,&quot;camera&quot;:&quot;&quot;,&quot;caption&quot;:&quot;&quot;,&quot;created_timestamp&quot;:&quot;0&quot;,&quot;copyright&quot;:&quot;&quot;,&quot;focal_length&quot;:&quot;0&quot;,&quot;iso&quot;:&quot;0&quot;,&quot;shutter_speed&quot;:&quot;0&quot;,&quot;title&quot;:&quot;&quot;,&quot;orientation&quot;:&quot;0&quot;}\" data-image-title=\"Noticias del imperio\" data-image-description=\"\" data-image-caption=\"\" data-large-file=\"https:\/\/www.lashistorias.com.mx\/wp-content\/uploads\/2017\/02\/1487115929-768x1024.jpg\" class=\"aligncenter size-medium wp-image-13611\" src=\"https:\/\/www.lashistorias.com.mx\/wp-content\/uploads\/2017\/02\/1487115929-225x300.jpg\" alt=\"\" width=\"225\" height=\"300\" srcset=\"https:\/\/www.lashistorias.com.mx\/wp-content\/uploads\/2017\/02\/1487115929-225x300.jpg 225w, https:\/\/www.lashistorias.com.mx\/wp-content\/uploads\/2017\/02\/1487115929.jpg 768w\" sizes=\"auto, (max-width: 225px) 100vw, 225px\" \/><\/a><\/p>\n<p><strong><em>Noticias del imperio<\/em> de Fernando del Paso (1987).<\/strong><\/p>\n<p>Esta es\u00a0la novela que convirti\u00f3 a\u00a0las cabezas visibles de un ej\u00e9rcito que invadi\u00f3 M\u00e9xico\u00a0a mediados del siglo XIX, coludido con lo peor de las \u00e9lites locales de la \u00e9poca, en personajes populares de\u00a0este pa\u00eds, figuras rom\u00e1nticas, casi h\u00e9roes\u00a0de telenovela. \u00a0Maximiliano de Habsburgo, y m\u00e1s todav\u00eda su esposa, Carlota de B\u00e9lgica, son protagonistas de una recreaci\u00f3n minuciosa M\u00e9xico\u00a0durante la Segunda Intervenci\u00f3n Francesa y el Segundo Imperio Mexicano, que del Paso\u00a0describe desde m\u00faltiples puntos de vista. La novela contiene much\u00edsimos\u00a0episodios humor\u00edsticos, pat\u00e9ticos o terribles, y su tono finalmente es tr\u00e1gico: la instauraci\u00f3n del Imperio es una locura que s\u00f3lo causa la destrucci\u00f3n.<\/p>\n<p><a ref=\"magnificPopup\" href=\"https:\/\/www.lashistorias.com.mx\/wp-content\/uploads\/2017\/02\/Strange.jpg\"><img loading=\"lazy\" decoding=\"async\" data-attachment-id=\"13614\" data-permalink=\"https:\/\/www.lashistorias.com.mx\/index.php\/cinco-novelas-para-escapar-o-no-del-mundo\/jonathan-strange-y-el-sen%cc%83or-norrell_140x220\/\" data-orig-file=\"https:\/\/www.lashistorias.com.mx\/wp-content\/uploads\/2017\/02\/Strange.jpg\" data-orig-size=\"\" data-comments-opened=\"1\" data-image-meta=\"[]\" data-image-title=\"Jonathan Strange y el sen?or Norrell_140x220\" data-image-description=\"\" data-image-caption=\"\" data-large-file=\"https:\/\/www.lashistorias.com.mx\/wp-content\/uploads\/2017\/02\/Strange.jpg\" class=\"aligncenter wp-image-13614\" src=\"https:\/\/www.lashistorias.com.mx\/wp-content\/uploads\/2017\/02\/Strange.jpg\" alt=\"\" width=\"201\" height=\"316\" \/><\/a><br \/>\n<strong><em>Jonathan Strange y el se\u00f1or Norrell<\/em> de Susanna Clarke (2004).<\/strong><\/p>\n<p>Esta novela de ambiente ingl\u00e9s y aristocr\u00e1tico recrea\u00a0el periodo de las Guerras Napol\u00e9onicas, al comienzo del siglo XIX, como podr\u00eda haber sido de haber existido magia en el mundo y la Historia que conocemos. Dos magos rivales \u2013Norrell y Strange\u2013 dividen a su pa\u00eds luego de su intervenci\u00f3n en diversos asuntos, incluyendo batallas navales y en tierra, y su enfrentamiento\u00a0los encamina a una cat\u00e1strofe a medida que se ponen a experimentar con fuerzas que no comprenden del todo. Los personajes est\u00e1n descritos\u00a0con gran minuciosidad, y en su versi\u00f3n\u00a0original Clarke reproduce, tambi\u00e9n, giros y t\u00e9rminos del idioma ingl\u00e9s de ese tiempo.<\/p>\n<p><a ref=\"magnificPopup\" href=\"https:\/\/www.lashistorias.com.mx\/wp-content\/uploads\/2017\/02\/9788490627594.jpg\"><img loading=\"lazy\" decoding=\"async\" data-attachment-id=\"13615\" data-permalink=\"https:\/\/www.lashistorias.com.mx\/index.php\/cinco-novelas-para-escapar-o-no-del-mundo\/attachment\/9788490627594\/\" data-orig-file=\"https:\/\/www.lashistorias.com.mx\/wp-content\/uploads\/2017\/02\/9788490627594.jpg\" data-orig-size=\"505,768\" data-comments-opened=\"1\" data-image-meta=\"{&quot;aperture&quot;:&quot;0&quot;,&quot;credit&quot;:&quot;&quot;,&quot;camera&quot;:&quot;&quot;,&quot;caption&quot;:&quot;&quot;,&quot;created_timestamp&quot;:&quot;0&quot;,&quot;copyright&quot;:&quot;&quot;,&quot;focal_length&quot;:&quot;0&quot;,&quot;iso&quot;:&quot;0&quot;,&quot;shutter_speed&quot;:&quot;0&quot;,&quot;title&quot;:&quot;&quot;,&quot;orientation&quot;:&quot;0&quot;}\" data-image-title=\"El brujo del cuervo\" data-image-description=\"\" data-image-caption=\"\" data-large-file=\"https:\/\/www.lashistorias.com.mx\/wp-content\/uploads\/2017\/02\/9788490627594.jpg\" class=\"aligncenter size-medium wp-image-13615\" src=\"https:\/\/www.lashistorias.com.mx\/wp-content\/uploads\/2017\/02\/9788490627594-197x300.jpg\" alt=\"\" width=\"197\" height=\"300\" srcset=\"https:\/\/www.lashistorias.com.mx\/wp-content\/uploads\/2017\/02\/9788490627594-197x300.jpg 197w, https:\/\/www.lashistorias.com.mx\/wp-content\/uploads\/2017\/02\/9788490627594.jpg 505w\" sizes=\"auto, (max-width: 197px) 100vw, 197px\" \/><\/a><br \/>\n<strong><em>El brujo del cuervo<\/em> de Ngugi wa Thiong&#8217;o (2006).<\/strong><\/p>\n<p>Ngugi, autor nacido en Kenya, candidato constante al Premio Nobel, se inventa un pa\u00eds entero: la naci\u00f3n africana de Aburiria, profundamente corrompida por el r\u00e9gimen de un dictador. Violento, perverso, y sobre todo mentiroso, el soberano extra\u00f1a el pasado colonial (en el que pod\u00eda hacer realmente cualquier cosa, apoyado por sus amigos occidentales) tiene por sus peores enemigos a una activista y su esposo, un curandero\u00a0falso que, pese a ello,\u00a0es un estupendo sanador.\u00a0\u00a0Su enfrentamiento se cuenta como una narraci\u00f3n oral y est\u00e1 lleno de episodios rar\u00edsimos, justamente como los que hay en tantos relatos antiguos de \u00c1frica.<\/p>\n<p style=\"text-align: center;\">* \u00a0* \u00a0*<\/p>\n<p>Hechas estas recomendaciones hay que decir lo siguiente:<\/p>\n<ol>\n<li>Por supuesto, hay muchos libros m\u00e1s que pueden invitar a la lectura atenta y laboriosa que \u00e9stos proponen.<\/li>\n<li>Por supuesto, descontaminarse del mundo\u00a0puede ser muy necesario, pero nunca es suficiente. Tambi\u00e9n hay que volver a \u00e9l y actuar. Poqu\u00edsimas personas lo intentan y es\u00a0de las grandes necesidades\u00a0del presente.<\/li>\n<\/ol>\n<figure id=\"attachment_13596\" aria-describedby=\"caption-attachment-13596\" style=\"width: 450px\" class=\"wp-caption aligncenter\"><a ref=\"magnificPopup\" href=\"https:\/\/www.lashistorias.com.mx\/wp-content\/uploads\/2017\/02\/turr450.jpg\"><img loading=\"lazy\" decoding=\"async\" data-attachment-id=\"13596\" data-permalink=\"https:\/\/www.lashistorias.com.mx\/index.php\/cinco-novelas-para-escapar-o-no-del-mundo\/turr450\/\" data-orig-file=\"https:\/\/www.lashistorias.com.mx\/wp-content\/uploads\/2017\/02\/turr450.jpg\" data-orig-size=\"450,426\" data-comments-opened=\"1\" data-image-meta=\"{&quot;aperture&quot;:&quot;0&quot;,&quot;credit&quot;:&quot;&quot;,&quot;camera&quot;:&quot;&quot;,&quot;caption&quot;:&quot;&quot;,&quot;created_timestamp&quot;:&quot;0&quot;,&quot;copyright&quot;:&quot;&quot;,&quot;focal_length&quot;:&quot;0&quot;,&quot;iso&quot;:&quot;0&quot;,&quot;shutter_speed&quot;:&quot;0&quot;,&quot;title&quot;:&quot;&quot;,&quot;orientation&quot;:&quot;0&quot;}\" data-image-title=\"El brujo del cuervo\" data-image-description=\"\" data-image-caption=\"&lt;p&gt;Ilustraci\u00f3n de Dan James. (fuente)&lt;\/p&gt;\n\" data-large-file=\"https:\/\/www.lashistorias.com.mx\/wp-content\/uploads\/2017\/02\/turr450.jpg\" class=\"size-full wp-image-13596\" src=\"https:\/\/www.lashistorias.com.mx\/wp-content\/uploads\/2017\/02\/turr450.jpg\" alt=\"\" width=\"450\" height=\"426\" srcset=\"https:\/\/www.lashistorias.com.mx\/wp-content\/uploads\/2017\/02\/turr450.jpg 450w, https:\/\/www.lashistorias.com.mx\/wp-content\/uploads\/2017\/02\/turr450-300x284.jpg 300w\" sizes=\"auto, (max-width: 450px) 100vw, 450px\" \/><\/a><figcaption id=\"caption-attachment-13596\" class=\"wp-caption-text\"><em>El brujo del cuervo<\/em>. Ilustraci\u00f3n de Dan James. (<a href=\"http:\/\/www.nytimes.com\/2006\/09\/10\/books\/review\/Turrentine2.t.html\">fuente<\/a>)<\/figcaption><\/figure>\n","protected":false},"excerpt":{"rendered":"<p>Cinco libros para no ceder el control de c\u00f3mo entendemos la realidad.<\/p>\n","protected":false},"author":1,"featured_media":13596,"comment_status":"open","ping_status":"open","sticky":false,"template":"","format":"standard","meta":{"advanced_seo_description":"","jetpack_seo_html_title":"","jetpack_seo_noindex":false,"jetpack_post_was_ever_published":false,"_jetpack_newsletter_access":"","_jetpack_dont_email_post_to_subs":true,"_jetpack_newsletter_tier_id":0,"_jetpack_memberships_contains_paywalled_content":false,"_jetpack_memberships_contains_paid_content":false,"footnotes":"","jetpack_publicize_message":"Cinco #novelas para escapar (o no) del mundo: una lista en Las Historias.","jetpack_publicize_feature_enabled":true,"jetpack_social_post_already_shared":true,"jetpack_social_options":{"image_generator_settings":{"template":"highway","default_image_id":0,"font":"","enabled":false},"version":2}},"categories":[1520],"tags":[51,2972,2866,3111,3106,3110,2499,352,2531,3105,3108,10,3104,469,3107,3109],"class_list":["post-13534","post","type-post","status-publish","format-standard","has-post-thumbnail","hentry","category-cuaderno","tag-angelica-gorodischer","tag-bohumil-hrabal","tag-cuaderno","tag-el-brujo-del-cuervo","tag-fernando-del-paso","tag-jonathan-strange-y-el-senor-norrell","tag-kalpa-imperial","tag-lectura","tag-listas","tag-ngugi-wa-thiongo","tag-noticias-del-imperio","tag-novela","tag-novelas","tag-recomendaciones","tag-susanna-clarke","tag-yo-servi-al-rey-de-inglaterra"],"jetpack_publicize_connections":[],"jetpack_featured_media_url":"https:\/\/www.lashistorias.com.mx\/wp-content\/uploads\/2017\/02\/turr450.jpg","jetpack_shortlink":"https:\/\/wp.me\/pjEhq-3wi","jetpack_sharing_enabled":true,"_links":{"self":[{"href":"https:\/\/www.lashistorias.com.mx\/index.php\/wp-json\/wp\/v2\/posts\/13534","targetHints":{"allow":["GET"]}}],"collection":[{"href":"https:\/\/www.lashistorias.com.mx\/index.php\/wp-json\/wp\/v2\/posts"}],"about":[{"href":"https:\/\/www.lashistorias.com.mx\/index.php\/wp-json\/wp\/v2\/types\/post"}],"author":[{"embeddable":true,"href":"https:\/\/www.lashistorias.com.mx\/index.php\/wp-json\/wp\/v2\/users\/1"}],"replies":[{"embeddable":true,"href":"https:\/\/www.lashistorias.com.mx\/index.php\/wp-json\/wp\/v2\/comments?post=13534"}],"version-history":[{"count":28,"href":"https:\/\/www.lashistorias.com.mx\/index.php\/wp-json\/wp\/v2\/posts\/13534\/revisions"}],"predecessor-version":[{"id":13623,"href":"https:\/\/www.lashistorias.com.mx\/index.php\/wp-json\/wp\/v2\/posts\/13534\/revisions\/13623"}],"wp:featuredmedia":[{"embeddable":true,"href":"https:\/\/www.lashistorias.com.mx\/index.php\/wp-json\/wp\/v2\/media\/13596"}],"wp:attachment":[{"href":"https:\/\/www.lashistorias.com.mx\/index.php\/wp-json\/wp\/v2\/media?parent=13534"}],"wp:term":[{"taxonomy":"category","embeddable":true,"href":"https:\/\/www.lashistorias.com.mx\/index.php\/wp-json\/wp\/v2\/categories?post=13534"},{"taxonomy":"post_tag","embeddable":true,"href":"https:\/\/www.lashistorias.com.mx\/index.php\/wp-json\/wp\/v2\/tags?post=13534"}],"curies":[{"name":"wp","href":"https:\/\/api.w.org\/{rel}","templated":true}]}}