{"id":12156,"date":"2016-02-04T09:31:41","date_gmt":"2016-02-04T15:31:41","guid":{"rendered":"http:\/\/www.lashistorias.com.mx\/?p=12156"},"modified":"2016-10-26T10:19:07","modified_gmt":"2016-10-26T15:19:07","slug":"concurso-116","status":"publish","type":"post","link":"https:\/\/www.lashistorias.com.mx\/index.php\/concurso-116\/","title":{"rendered":"Concurso #116"},"content":{"rendered":"<p>Las Historias convoca a su concurso #116 de minificci\u00f3n o microrrelato. Los interesados pueden comenzar observando esta imagen:<\/p>\n[fusion_builder_container hundred_percent=\u00bbyes\u00bb overflow=\u00bbvisible\u00bb][fusion_builder_row][fusion_builder_column type=\u00bb1_1&#8243; background_position=\u00bbleft top\u00bb background_color=\u00bb\u00bb border_size=\u00bb\u00bb border_color=\u00bb\u00bb border_style=\u00bbsolid\u00bb spacing=\u00bbyes\u00bb background_image=\u00bb\u00bb background_repeat=\u00bbno-repeat\u00bb padding=\u00bb\u00bb margin_top=\u00bb0px\u00bb margin_bottom=\u00bb0px\u00bb class=\u00bb\u00bb id=\u00bb\u00bb animation_type=\u00bb\u00bb animation_speed=\u00bb0.3&#8243; animation_direction=\u00bbleft\u00bb hide_on_mobile=\u00bbno\u00bb center_content=\u00bbno\u00bb min_height=\u00bbnone\u00bb]<figure id=\"attachment_12158\" aria-describedby=\"caption-attachment-12158\" style=\"width: 669px\" class=\"wp-caption alignnone\"><a ref=\"magnificPopup\" href=\"https:\/\/www.lashistorias.com.mx\/wp-content\/uploads\/2016\/02\/unnamed.jpg\" rel=\"attachment wp-att-12158\"><img loading=\"lazy\" decoding=\"async\" data-attachment-id=\"12158\" data-permalink=\"https:\/\/www.lashistorias.com.mx\/index.php\/concurso-116\/unnamed\/\" data-orig-file=\"https:\/\/www.lashistorias.com.mx\/wp-content\/uploads\/2016\/02\/unnamed.jpg\" data-orig-size=\"2448,2448\" data-comments-opened=\"1\" data-image-meta=\"{&quot;aperture&quot;:&quot;0&quot;,&quot;credit&quot;:&quot;&quot;,&quot;camera&quot;:&quot;&quot;,&quot;caption&quot;:&quot;&quot;,&quot;created_timestamp&quot;:&quot;0&quot;,&quot;copyright&quot;:&quot;&quot;,&quot;focal_length&quot;:&quot;0&quot;,&quot;iso&quot;:&quot;0&quot;,&quot;shutter_speed&quot;:&quot;0&quot;,&quot;title&quot;:&quot;&quot;,&quot;orientation&quot;:&quot;0&quot;}\" data-image-title=\"Concurso #116\" data-image-description=\"\" data-image-caption=\"&lt;p&gt;(clic para ampliar)&lt;\/p&gt;\n\" data-large-file=\"https:\/\/www.lashistorias.com.mx\/wp-content\/uploads\/2016\/02\/unnamed-1024x1024.jpg\" src=\"https:\/\/www.lashistorias.com.mx\/wp-content\/uploads\/2016\/02\/unnamed-1024x1024.jpg\" alt=\"(clic para ampliar)\" width=\"669\" height=\"669\" class=\"size-large wp-image-12158\" srcset=\"https:\/\/www.lashistorias.com.mx\/wp-content\/uploads\/2016\/02\/unnamed-1024x1024.jpg 1024w, https:\/\/www.lashistorias.com.mx\/wp-content\/uploads\/2016\/02\/unnamed-150x150.jpg 150w, https:\/\/www.lashistorias.com.mx\/wp-content\/uploads\/2016\/02\/unnamed-300x300.jpg 300w\" sizes=\"auto, (max-width: 669px) 100vw, 669px\" \/><\/a><figcaption id=\"caption-attachment-12158\" class=\"wp-caption-text\">(clic para ampliar)<\/figcaption><\/figure>\n<p><em>Instrucciones:<\/em><\/p>\n<p>1) Suponer que esta imagen representa un instante de una historia.<\/p>\n<p>2) Imaginar cu\u00e1l es esa historia: qu\u00e9 est\u00e1 pasando all\u00ed, por qu\u00e9, qui\u00e9nes est\u00e1n presentes, qu\u00e9 hacen. <em>No se trata de explicar la imagen, ni de escribirle un pie de foto<\/em>, sino de tomarla como punto de partida para imaginar una historia propia.<\/p>\n<p>3) Escribir la historia, en forma de cuento brev\u00edsimo (minificci\u00f3n, microrrelato; el nombre es lo de menos), en los comentarios de esta misma nota.<\/p>\n<p>El o los textos ganadores recibir\u00e1n un trofeo virtual y ser\u00e1n seleccionados considerando la opini\u00f3n de quienes decidan opinar. La fecha l\u00edmite para participar es el <strong>27 de febrero de 2016<\/strong>. Quedan invitados.[\/fusion_builder_column][\/fusion_builder_row][\/fusion_builder_container]\n","protected":false},"excerpt":{"rendered":"<p>Est\u00e1 abierto el concurso de minificci\u00f3n de Las Historias para febrero de 2016.<\/p>\n","protected":false},"author":1,"featured_media":12158,"comment_status":"open","ping_status":"open","sticky":false,"template":"","format":"standard","meta":{"advanced_seo_description":"","jetpack_seo_html_title":"","jetpack_seo_noindex":false,"jetpack_post_was_ever_published":false,"_jetpack_newsletter_access":"","_jetpack_dont_email_post_to_subs":true,"_jetpack_newsletter_tier_id":0,"_jetpack_memberships_contains_paywalled_content":false,"_jetpack_memberships_contains_paid_content":false,"footnotes":"","jetpack_publicize_message":"Invito: est\u00e1 abierto el concurso #116 de microrrelato en Las Historias.","jetpack_publicize_feature_enabled":true,"jetpack_social_post_already_shared":true,"jetpack_social_options":{"image_generator_settings":{"template":"highway","default_image_id":0,"font":"","enabled":false},"version":2}},"categories":[557],"tags":[2865,2549,397],"class_list":["post-12156","post","type-post","status-publish","format-standard","has-post-thumbnail","hentry","category-concurso","tag-concurso","tag-microrrelato","tag-minificcion"],"jetpack_publicize_connections":[],"jetpack_featured_media_url":"https:\/\/www.lashistorias.com.mx\/wp-content\/uploads\/2016\/02\/unnamed.jpg","jetpack_shortlink":"https:\/\/wp.me\/pjEhq-3a4","jetpack_sharing_enabled":true,"_links":{"self":[{"href":"https:\/\/www.lashistorias.com.mx\/index.php\/wp-json\/wp\/v2\/posts\/12156","targetHints":{"allow":["GET"]}}],"collection":[{"href":"https:\/\/www.lashistorias.com.mx\/index.php\/wp-json\/wp\/v2\/posts"}],"about":[{"href":"https:\/\/www.lashistorias.com.mx\/index.php\/wp-json\/wp\/v2\/types\/post"}],"author":[{"embeddable":true,"href":"https:\/\/www.lashistorias.com.mx\/index.php\/wp-json\/wp\/v2\/users\/1"}],"replies":[{"embeddable":true,"href":"https:\/\/www.lashistorias.com.mx\/index.php\/wp-json\/wp\/v2\/comments?post=12156"}],"version-history":[{"count":3,"href":"https:\/\/www.lashistorias.com.mx\/index.php\/wp-json\/wp\/v2\/posts\/12156\/revisions"}],"predecessor-version":[{"id":12531,"href":"https:\/\/www.lashistorias.com.mx\/index.php\/wp-json\/wp\/v2\/posts\/12156\/revisions\/12531"}],"wp:featuredmedia":[{"embeddable":true,"href":"https:\/\/www.lashistorias.com.mx\/index.php\/wp-json\/wp\/v2\/media\/12158"}],"wp:attachment":[{"href":"https:\/\/www.lashistorias.com.mx\/index.php\/wp-json\/wp\/v2\/media?parent=12156"}],"wp:term":[{"taxonomy":"category","embeddable":true,"href":"https:\/\/www.lashistorias.com.mx\/index.php\/wp-json\/wp\/v2\/categories?post=12156"},{"taxonomy":"post_tag","embeddable":true,"href":"https:\/\/www.lashistorias.com.mx\/index.php\/wp-json\/wp\/v2\/tags?post=12156"}],"curies":[{"name":"wp","href":"https:\/\/api.w.org\/{rel}","templated":true}]}}