{"id":121,"date":"2006-09-18T21:59:43","date_gmt":"2006-09-19T01:59:43","guid":{"rendered":"http:\/\/www.lashistorias.com.mx\/blog\/?p=141"},"modified":"2016-10-26T10:24:48","modified_gmt":"2016-10-26T15:24:48","slug":"2x1x2","status":"publish","type":"post","link":"https:\/\/www.lashistorias.com.mx\/index.php\/2x1x2\/","title":{"rendered":"2 x 1 x 2"},"content":{"rendered":"<p>&nbsp;<\/p>\n<div align=\"center\"><img decoding=\"async\" src=\"https:\/\/www.lashistorias.com.mx\/blog\/wp-content\/2007\/09\/antes-de-que-las-letras.jpg\" style=\"float:none;\" alt=\"Antes de que las letras se conviertan en ara\u00f1as\" \/><\/div>\n<p>Habitualmente, la menci\u00f3n del t\u00e9rmino \u00abliteratura fant\u00e1stica\u00bb provoca que el interlocutor piense en Harry Potter, en Carlos Trejo, cuando mucho en <em>El se\u00f1or de los anillos<\/em>; pese a los defensores de <em>lo fant\u00e1stico<\/em> como literatura (y de sus grandes cultivadores: de Kafka, de Carroll, de tantos que parten de la imaginaci\u00f3n pero llegan mucho m\u00e1s lejos que los Asimovs, las Rices, los ej\u00e9rcitos de los chambones y los complacientes) la batalla est\u00e1 perdida: las simplificaciones siempre tienen la ventaja, como la desmemoria y los prejuicios.<br \/>\n&nbsp;&nbsp;&nbsp;&nbsp;&nbsp;&nbsp;(Tal vez deber\u00edamos ponerle de otro modo a esos libros que valen la pena y que se proponen ignorar o romper las reglas tradicionales sobre la realidad y la existencia. Pero \u00bfc\u00f3mo? \u00bfRealismo anam\u00f3rfico, irrealismo sucio?)<br \/>\n<!--more-->&nbsp;&nbsp;&nbsp;&nbsp;&nbsp;&nbsp;Por todo esto, me sorprende y me alegra <a href=\"http:\/\/www.milenio.com\/edomex\/milenio\/nota.asp?id=9479\" target=\"_blank\">esta nota<\/a>, muy inteligente, de Elizabeth Delgado, quien comenta la aparici\u00f3n de <em>Antes de que las letras se conviertan en ara\u00f1as<\/em>. Este libro, que re\u00fane 25 textos de otros tantos escritores a quienes he conocido en un momento u otro de sus carreras, se presentar\u00e1 el pr\u00f3ximo mi\u00e9rcoles 27 de septiembre, a las 19:00 horas, en el Teatro Rodolfo Usigli, en Eleuterio M\u00e9ndez y H\u00e9roes del 47, en Coyoac\u00e1n. El libro fue compilado por Edgar Omar Avil\u00e9s con la intenci\u00f3n de celebrar el primer lustro del taller de cuento de Fatal Espejo; me parece a\u00fan mejor que haya decidido solicitar a los autores antologados un texto fant\u00e1stico (\u00bfirrealista sucio, realanam\u00f3rfico?) para ofrecer un panorama de lo que verdaderamente significa el t\u00e9rmino entre los escritores de nuestro pa\u00eds.<\/p>\n<p>(Una nota al margen: un d\u00eda antes de la presentaci\u00f3n del 27, es decir el martes 26, estar\u00e9 conversando con Antonio Malpica dentro de un programa de tertulias: \u00abEscritores al 2&#215;1&#8243;, en la librer\u00eda El P\u00e9ndulo de la Zona Rosa [fusion_builder_container hundred_percent=\u00bbyes\u00bb overflow=\u00bbvisible\u00bb][fusion_builder_row][fusion_builder_column type=\u00bb1_1&#8243; background_position=\u00bbleft top\u00bb background_color=\u00bb\u00bb border_size=\u00bb\u00bb border_color=\u00bb\u00bb border_style=\u00bbsolid\u00bb spacing=\u00bbyes\u00bb background_image=\u00bb\u00bb background_repeat=\u00bbno-repeat\u00bb padding=\u00bb\u00bb margin_top=\u00bb0px\u00bb margin_bottom=\u00bb0px\u00bb class=\u00bb\u00bb id=\u00bb\u00bb animation_type=\u00bb\u00bb animation_speed=\u00bb0.3&#8243; animation_direction=\u00bbleft\u00bb hide_on_mobile=\u00bbno\u00bb center_content=\u00bbno\u00bb min_height=\u00bbnone\u00bb][Hamburgo 126, colonia Ju\u00e1rez]. Los invito, para tomar all\u00ed un caf\u00e9 y platicar.)[\/fusion_builder_column][\/fusion_builder_row][\/fusion_builder_container]\n","protected":false},"excerpt":{"rendered":"<p>&nbsp; Habitualmente, la menci\u00f3n del t\u00e9rmino \u00abliteratura fant\u00e1stica\u00bb provoca que el interlocutor piense en Harry Potter, en Carlos Trejo, cuando mucho en El se\u00f1or de los anillos; pese a los defensores de lo fant\u00e1stico como literatura (y de sus grandes cultivadores: de Kafka, de Carroll, de tantos que parten de la imaginaci\u00f3n pero llegan mucho&#8230;<\/p>\n","protected":false},"author":1,"featured_media":0,"comment_status":"open","ping_status":"open","sticky":false,"template":"","format":"standard","meta":{"advanced_seo_description":"","jetpack_seo_html_title":"","jetpack_seo_noindex":false,"jetpack_post_was_ever_published":false,"_jetpack_newsletter_access":"","_jetpack_dont_email_post_to_subs":true,"_jetpack_newsletter_tier_id":0,"_jetpack_memberships_contains_paywalled_content":false,"_jetpack_memberships_contains_paid_content":false,"footnotes":"","jetpack_publicize_message":"","jetpack_publicize_feature_enabled":true,"jetpack_social_post_already_shared":false,"jetpack_social_options":{"image_generator_settings":{"template":"highway","default_image_id":0,"font":"","enabled":false},"version":2}},"categories":[14],"tags":[25,2855],"class_list":["post-121","post","type-post","status-publish","format-standard","hentry","category-sin-clasificar","tag-escritores","tag-literatura"],"jetpack_publicize_connections":[],"jetpack_featured_media_url":"","jetpack_shortlink":"https:\/\/wp.me\/sjEhq-2x1x2","jetpack_sharing_enabled":true,"_links":{"self":[{"href":"https:\/\/www.lashistorias.com.mx\/index.php\/wp-json\/wp\/v2\/posts\/121","targetHints":{"allow":["GET"]}}],"collection":[{"href":"https:\/\/www.lashistorias.com.mx\/index.php\/wp-json\/wp\/v2\/posts"}],"about":[{"href":"https:\/\/www.lashistorias.com.mx\/index.php\/wp-json\/wp\/v2\/types\/post"}],"author":[{"embeddable":true,"href":"https:\/\/www.lashistorias.com.mx\/index.php\/wp-json\/wp\/v2\/users\/1"}],"replies":[{"embeddable":true,"href":"https:\/\/www.lashistorias.com.mx\/index.php\/wp-json\/wp\/v2\/comments?post=121"}],"version-history":[{"count":3,"href":"https:\/\/www.lashistorias.com.mx\/index.php\/wp-json\/wp\/v2\/posts\/121\/revisions"}],"predecessor-version":[{"id":12974,"href":"https:\/\/www.lashistorias.com.mx\/index.php\/wp-json\/wp\/v2\/posts\/121\/revisions\/12974"}],"wp:attachment":[{"href":"https:\/\/www.lashistorias.com.mx\/index.php\/wp-json\/wp\/v2\/media?parent=121"}],"wp:term":[{"taxonomy":"category","embeddable":true,"href":"https:\/\/www.lashistorias.com.mx\/index.php\/wp-json\/wp\/v2\/categories?post=121"},{"taxonomy":"post_tag","embeddable":true,"href":"https:\/\/www.lashistorias.com.mx\/index.php\/wp-json\/wp\/v2\/tags?post=121"}],"curies":[{"name":"wp","href":"https:\/\/api.w.org\/{rel}","templated":true}]}}