{"id":12078,"date":"2015-09-27T18:46:11","date_gmt":"2015-09-27T23:46:11","guid":{"rendered":"http:\/\/www.lashistorias.com.mx\/?p=12078"},"modified":"2016-10-26T10:19:14","modified_gmt":"2016-10-26T15:19:14","slug":"solo-cuento-vii","status":"publish","type":"post","link":"https:\/\/www.lashistorias.com.mx\/index.php\/solo-cuento-vii\/","title":{"rendered":"S\u00f3lo Cuento VII"},"content":{"rendered":"<p><a ref=\"magnificPopup\" href=\"https:\/\/www.lashistorias.com.mx\/wp-content\/uploads\/2016\/01\/SoloCuentoVII.png\" rel=\"attachment wp-att-12079\"><img loading=\"lazy\" decoding=\"async\" data-attachment-id=\"12079\" data-permalink=\"https:\/\/www.lashistorias.com.mx\/index.php\/solo-cuento-vii\/solocuentovii\/\" data-orig-file=\"https:\/\/www.lashistorias.com.mx\/wp-content\/uploads\/2016\/01\/SoloCuentoVII.png\" data-orig-size=\"1870,2351\" data-comments-opened=\"1\" data-image-meta=\"{&quot;aperture&quot;:&quot;0&quot;,&quot;credit&quot;:&quot;&quot;,&quot;camera&quot;:&quot;&quot;,&quot;caption&quot;:&quot;&quot;,&quot;created_timestamp&quot;:&quot;0&quot;,&quot;copyright&quot;:&quot;&quot;,&quot;focal_length&quot;:&quot;0&quot;,&quot;iso&quot;:&quot;0&quot;,&quot;shutter_speed&quot;:&quot;0&quot;,&quot;title&quot;:&quot;&quot;,&quot;orientation&quot;:&quot;0&quot;}\" data-image-title=\"Solo Cuento VII\" data-image-description=\"\" data-image-caption=\"\" data-large-file=\"https:\/\/www.lashistorias.com.mx\/wp-content\/uploads\/2016\/01\/SoloCuentoVII-814x1024.png\" class=\"alignnone size-medium wp-image-12079\" src=\"https:\/\/www.lashistorias.com.mx\/wp-content\/uploads\/2016\/01\/SoloCuentoVII-239x300.png\" alt=\"Solo Cuento VII\" width=\"239\" height=\"300\" srcset=\"https:\/\/www.lashistorias.com.mx\/wp-content\/uploads\/2016\/01\/SoloCuentoVII-239x300.png 239w, https:\/\/www.lashistorias.com.mx\/wp-content\/uploads\/2016\/01\/SoloCuentoVII-814x1024.png 814w, https:\/\/www.lashistorias.com.mx\/wp-content\/uploads\/2016\/01\/SoloCuentoVII.png 1870w\" sizes=\"auto, (max-width: 239px) 100vw, 239px\" \/><\/a><\/p>\n<h4 style=\"text-align: left;\" align=\"center\"><strong>Antolog\u00eda de cuento\u00a0(selecci\u00f3n de Alberto Chimal, pr\u00f3logo de Javier Perucho). UNAM, 2015<\/strong><\/h4>\n<p><i>S\u00f3lo Cuento VII\u00a0<\/i>es parte de la serie S\u00f3lo Cuento: anuarios de narrativa breve hispanoamericana publicados por la UNAM. Cada a\u00f1o se selecciona un antologador diferente, que selecciona de acuerdo con sus criterios una colecci\u00f3n de cuentos de autores hispanoamericanos vivos en el momento de la selecci\u00f3n. Para el volumen de 2015, Alberto Chimal hizo una reuni\u00f3n\u00a0de autores de seis pa\u00edses que fue prologada por el acad\u00e9mico Javier Perucho y\u00a0contiene, adem\u00e1s de varias apuestas por nuevos autores, en especial mexicanos, varios rescates de autores ya consagrados y \u2013por primera vez en la serie\u2013 un n\u00famero elevado de textos escritos por mujeres.<\/p>\n<p>Los autores antologados: Ang\u00e9lica Gorodischer (\u00abJacoba, viento y escoba\u00bb),\u00a0Bernardo Atxaga (\u00abEsteban Werfell\u00bb),\u00a0Antonio Ramos Revillas (\u00abLas puertas del reino\u00bb),\u00a0Ulises Ju\u00e1rez Polanco (\u00ab<span style=\"line-height: 1.5;\">Dolor profundo\u00bb),\u00a0<\/span>Askari Mateos (\u00ab<span style=\"line-height: 1.5;\">Fauna\u00bb),\u00a0<\/span>Isa\u00ed Moreno (\u00abLa taza de t\u00e9\u00bb),\u00a0Carlos Vel\u00e1zquez (\u00abEl alien agropecuario\u00bb),\u00a0Socorro Venegas (\u00abLa gestaci\u00f3n\u00bb), \u00a0Solange Rodr\u00edguez Pappe (\u00ab<span style=\"line-height: 1.5;\">Peque\u00f1as mujercitas\u00bb), \u00c9<\/span>dgar Omar Avil\u00e9s (\u00abPlaya Azul\u00bb),\u00a0Antonio Malpica (\u00abDe dragones y electrones\u00bb),\u00a0David Miklos (\u00abAspiradora\u00bb),\u00a0Cecilia Eudave (\u00abEva entr\u00f3 por la ventana\u00bb),\u00a0Bernardo Esquinca (\u00abEl dios de la piscina\u00bb),\u00a0Erika Mergruen (\u00abEl \u00faltimo espejo\u00bb),\u00a0Mauricio Montiel Figueiras (\u00abEl arpista\u00bb),\u00a0Jos\u00e9 Luis Z\u00e1rate (\u00abOfelia entre las aguas\u00bb),\u00a0Jos\u00e9 de la Colina (\u00abLas metamorfosis\u00bb),\u00a0Beatriz Espejo (\u00abEl cantar del pecador\u00bb),\u00a0Marina Perezagua (\u00abLittle Boy\u00bb),\u00a0Marian Womack (\u00abPerros naranja\u00bb),\u00a0Claudia Salazar Jim\u00e9nez (\u00abEn paz\u00bb),\u00a0Orfa Alarc\u00f3n (\u00abEpisodio 0\u00bb),\u00a0Iris Garc\u00eda Cuevas (\u00abGatos pardos\u00bb) y\u00a0Naief Yehya (\u00abZulu\u00bb).<\/p>\n<p>Del pr\u00f3logo de Javier Perucho:<\/p>\n<div class=\"page\" title=\"Page 11\">\n<div class=\"layoutArea\">\n<div class=\"column\">\n<blockquote>[fusion_builder_container hundred_percent=\u00bbyes\u00bb overflow=\u00bbvisible\u00bb][fusion_builder_row][fusion_builder_column type=\u00bb1_1&#8243; background_position=\u00bbleft top\u00bb background_color=\u00bb\u00bb border_size=\u00bb\u00bb border_color=\u00bb\u00bb border_style=\u00bbsolid\u00bb spacing=\u00bbyes\u00bb background_image=\u00bb\u00bb background_repeat=\u00bbno-repeat\u00bb padding=\u00bb\u00bb margin_top=\u00bb0px\u00bb margin_bottom=\u00bb0px\u00bb class=\u00bb\u00bb id=\u00bb\u00bb animation_type=\u00bb\u00bb animation_speed=\u00bb0.3&#8243; animation_direction=\u00bbleft\u00bb hide_on_mobile=\u00bbno\u00bb center_content=\u00bbno\u00bb min_height=\u00bbnone\u00bb][En este libro] Alberto Chimal [&#8230;]\u00a0estimula a su generaci\u00f3n \u2014deber de todo editor\u2014, anima talentos y escudri\u00f1a en las tradiciones al incluir a las promociones que coinciden en las regiones donde domina el espa\u00f1ol \u2014Argentina, Ecuador, Espa\u00f1a, Nicaragua, Per\u00fa y los dos M\u00e9xicos, el de los arraigados y los migrantes\u2014; por estos rasgos la presente selecci\u00f3n aspira a ser trasatl\u00e1ntica y a la vez continental. Un ejercicio de criterio compartido tanto con [Edmundo] Valad\u00e9s como por los hermanos Gonz\u00e1lez Casanova. Por estas figuras asumidas y sus cristalizaciones, considero desde hace alg\u00fan tiempo al autor de <em>La torre y el jard\u00edn<\/em> como uno de los herederos leg\u00edtimos de don Edmundo por su condici\u00f3n de editor generoso, promotor de nov\u00edsimos, auspiciador de espacios de difusi\u00f3n, l\u00edder en opiniones culturales, gestor de proyectos y realizador incansable, adem\u00e1s de <em>cuent\u00f3logo<\/em>, distinci\u00f3n que lo emparenta a\u00fan m\u00e1s con el legado de don Edmundo, en cuya biblioteca del escritor se conserva un tesoro cuent\u00edstico.<\/p><\/blockquote>\n<\/div>\n<\/div>\n<\/div>\n<h4 data-fontsize=\"13\" data-lineheight=\"20\">Notas sobre\u00a0<em>S\u00f3lo Cuento VII<\/em><\/h4>\n<ul>\n<li><a href=\"http:\/\/www.notimex.com.mx\/acciones\/verNota.php?clv=303122\">Bolet\u00edn de Notimex<\/a><\/li>\n<li><a href=\"http:\/\/www.libros.unam.mx\/s-lo-cuento-vii\">Entrada en el blog de Libros UNAM<\/a><\/li>\n<li><a href=\"http:\/\/www.milenio.com\/filias\/Solo-Cuento-publica-septimo-tomo_0_636536597.html\">Nota sobre la presentaci\u00f3n de la antolog\u00eda en la FIL de Guadalajara, 2015<\/a><\/li>\n<li><a href=\"http:\/\/www.excelsior.com.mx\/expresiones\/2015\/08\/25\/1041951\">Entrevista en <em>Exc\u00e9lsior<\/em><\/a><\/li>\n<\/ul>\n[\/fusion_builder_column][\/fusion_builder_row][\/fusion_builder_container]\n","protected":false},"excerpt":{"rendered":"<p>Antolog\u00eda de cuento (selecci\u00f3n de Alberto Chimal, pr\u00f3logo de Javier Perucho). UNAM, 2015<\/p>\n","protected":false},"author":1,"featured_media":12294,"comment_status":"open","ping_status":"open","sticky":false,"template":"","format":"standard","meta":{"advanced_seo_description":"","jetpack_seo_html_title":"","jetpack_seo_noindex":false,"jetpack_post_was_ever_published":false,"_jetpack_newsletter_access":"","_jetpack_dont_email_post_to_subs":true,"_jetpack_newsletter_tier_id":0,"_jetpack_memberships_contains_paywalled_content":false,"_jetpack_memberships_contains_paid_content":false,"footnotes":"","jetpack_publicize_message":"S\u00f3lo Cuento VII","jetpack_publicize_feature_enabled":true,"jetpack_social_post_already_shared":true,"jetpack_social_options":{"image_generator_settings":{"template":"highway","default_image_id":0,"font":"","enabled":false},"version":2}},"categories":[13],"tags":[51,591,1778,2941,2942,1743,2940,840,1448,623,2945,22,639,143,182,2946,2239,322,324,2023,2944,2431,734,1990,1641,2943,2914,2193,535],"class_list":["post-12078","post","type-post","status-publish","format-standard","has-post-thumbnail","hentry","category-publicaciones","tag-angelica-gorodischer","tag-antologia","tag-antonio-malpica","tag-antonio-ramos-revillas","tag-askari-mateos","tag-beatriz-espejo","tag-bernardo-atxaga","tag-bernardo-esquinca","tag-carlos-velazquez","tag-cecilia-eudave","tag-claudia-salazar-jimenez","tag-cuento","tag-david-miklos","tag-edgar-omar-aviles","tag-erika-mergruen","tag-iris-garcia-cuevas","tag-isai-moreno","tag-jose-de-la-colina","tag-jose-luis-zarate","tag-marian-womack","tag-marina-perezagua","tag-mauricio-montiel-figueiras","tag-naief-yehya","tag-orfa-alarcon","tag-socorro-venegas","tag-solange-rodriguez-pappe","tag-solo-cuento-vii","tag-ulises-juarez-polanco","tag-unam"],"jetpack_publicize_connections":[],"jetpack_featured_media_url":"https:\/\/www.lashistorias.com.mx\/wp-content\/uploads\/2015\/09\/SoloCuentoVII-c.jpg","jetpack_shortlink":"https:\/\/wp.me\/pjEhq-38O","jetpack_sharing_enabled":true,"_links":{"self":[{"href":"https:\/\/www.lashistorias.com.mx\/index.php\/wp-json\/wp\/v2\/posts\/12078","targetHints":{"allow":["GET"]}}],"collection":[{"href":"https:\/\/www.lashistorias.com.mx\/index.php\/wp-json\/wp\/v2\/posts"}],"about":[{"href":"https:\/\/www.lashistorias.com.mx\/index.php\/wp-json\/wp\/v2\/types\/post"}],"author":[{"embeddable":true,"href":"https:\/\/www.lashistorias.com.mx\/index.php\/wp-json\/wp\/v2\/users\/1"}],"replies":[{"embeddable":true,"href":"https:\/\/www.lashistorias.com.mx\/index.php\/wp-json\/wp\/v2\/comments?post=12078"}],"version-history":[{"count":6,"href":"https:\/\/www.lashistorias.com.mx\/index.php\/wp-json\/wp\/v2\/posts\/12078\/revisions"}],"predecessor-version":[{"id":12538,"href":"https:\/\/www.lashistorias.com.mx\/index.php\/wp-json\/wp\/v2\/posts\/12078\/revisions\/12538"}],"wp:featuredmedia":[{"embeddable":true,"href":"https:\/\/www.lashistorias.com.mx\/index.php\/wp-json\/wp\/v2\/media\/12294"}],"wp:attachment":[{"href":"https:\/\/www.lashistorias.com.mx\/index.php\/wp-json\/wp\/v2\/media?parent=12078"}],"wp:term":[{"taxonomy":"category","embeddable":true,"href":"https:\/\/www.lashistorias.com.mx\/index.php\/wp-json\/wp\/v2\/categories?post=12078"},{"taxonomy":"post_tag","embeddable":true,"href":"https:\/\/www.lashistorias.com.mx\/index.php\/wp-json\/wp\/v2\/tags?post=12078"}],"curies":[{"name":"wp","href":"https:\/\/api.w.org\/{rel}","templated":true}]}}