{"id":12061,"date":"2015-09-29T21:09:25","date_gmt":"2015-09-30T02:09:25","guid":{"rendered":"http:\/\/www.lashistorias.com.mx\/?p=12061"},"modified":"2016-11-01T10:20:47","modified_gmt":"2016-11-01T16:20:47","slug":"la-partida-la-madre-y-la-muerte","status":"publish","type":"post","link":"https:\/\/www.lashistorias.com.mx\/index.php\/la-partida-la-madre-y-la-muerte\/","title":{"rendered":"La partida \/ La madre y la muerte"},"content":{"rendered":"<p><a ref=\"magnificPopup\" href=\"https:\/\/www.lashistorias.com.mx\/wp-content\/uploads\/2015\/09\/IMG_0652.jpg\" rel=\"attachment wp-att-12064\"><img loading=\"lazy\" decoding=\"async\" data-attachment-id=\"12064\" data-permalink=\"https:\/\/www.lashistorias.com.mx\/index.php\/la-partida-la-madre-y-la-muerte\/img_0652\/\" data-orig-file=\"https:\/\/www.lashistorias.com.mx\/wp-content\/uploads\/2015\/09\/IMG_0652.jpg\" data-orig-size=\"2311,3062\" data-comments-opened=\"1\" data-image-meta=\"{&quot;aperture&quot;:&quot;0&quot;,&quot;credit&quot;:&quot;&quot;,&quot;camera&quot;:&quot;&quot;,&quot;caption&quot;:&quot;&quot;,&quot;created_timestamp&quot;:&quot;0&quot;,&quot;copyright&quot;:&quot;&quot;,&quot;focal_length&quot;:&quot;0&quot;,&quot;iso&quot;:&quot;0&quot;,&quot;shutter_speed&quot;:&quot;0&quot;,&quot;title&quot;:&quot;&quot;,&quot;orientation&quot;:&quot;0&quot;}\" data-image-title=\"La partida\" data-image-description=\"\" data-image-caption=\"\" data-large-file=\"https:\/\/www.lashistorias.com.mx\/wp-content\/uploads\/2015\/09\/IMG_0652-773x1024.jpg\" class=\"alignnone size-medium wp-image-12064\" src=\"https:\/\/www.lashistorias.com.mx\/wp-content\/uploads\/2015\/09\/IMG_0652-226x300.jpg\" alt=\"La partida\" width=\"226\" height=\"300\" srcset=\"https:\/\/www.lashistorias.com.mx\/wp-content\/uploads\/2015\/09\/IMG_0652-226x300.jpg 226w, https:\/\/www.lashistorias.com.mx\/wp-content\/uploads\/2015\/09\/IMG_0652-773x1024.jpg 773w\" sizes=\"auto, (max-width: 226px) 100vw, 226px\" \/><\/a><\/p>\n<h4 style=\"text-align: left;\" align=\"center\"><strong>Cuento. Fondo de Cultura Econ\u00f3mica, 2015<\/strong><\/h4>\n<p><i>La partida <\/i>es uno de dos\u00a0cuentos reunidos en este libro. El otro, <em>La madre y la muerte<\/em>, es una versi\u00f3n de la <em>Historia de una madre<\/em> de Hans Christian Andersen \u2013uno de sus cuentos poco conocidos\u2013 escrita por el narrador argentino Alberto Laiseca. Ambos est\u00e1n ilustrados por el artista argentino Nicol\u00e1s Arispe y cuentan an\u00e9cdotas que algunas personas considerar\u00edan inusitadas en un libro etiquetado para ni\u00f1os: en ambos casos se trata de lo que sucede cuando una madre pierde a su hijo.<\/p>\n<p><a name=\"notas\"><\/a>El peri\u00f3dico <em>El Norte<\/em> list\u00f3 el libro en su selecci\u00f3n de <a href=\"http:\/\/www.elnorte.com\/aplicacioneslibre\/articulo\/default.aspx?id=727921&amp;md5=8594a8a2668f63a5bd32d101cff5f4b6&amp;ta=0dfdbac11765226904c16cb9ad1b2efe\">los mejores libros de literatura infantil y juvenil<\/a> de 2015. Al a\u00f1o siguiente, el libro recibi\u00f3 el <a href=\"http:\/\/www.gacetamexicana.com\/premio-caniem-2016-al-libro-la-partidala-madre-la-muerte-chimal-laiesca\/\">Premio<\/a> de la C\u00e1mara Nacional de la Industria Editorial Mexicana (CANIEM) al mejor \u00e1lbum ilustrado de ficci\u00f3n, y tambi\u00e9n fue <a href=\"https:\/\/www.fondodeculturaeconomica.com\/DetallePrensa.aspx?seccion=Detalle&#038;id_desplegado=83634\">seleccionado<\/a> para formar parte del cat\u00e1logo White Ravens 2016, que cada a\u00f1o elabora la Internationale Jugendbibliothek (Biblioteca Internacional de la Juventud) y recomienda los mejores libros internacionales con tem\u00e1tica infantil y juvenil. El cat\u00e1logo se present\u00f3 en la Feria del Libro de Frankfurt.<\/p>\n<p>El libro est\u00e1 en la colecci\u00f3n Especiales de A la Orilla del Viento.<\/p>\n<p><a name=\"notas\"><\/a><\/p>\n<h4 data-fontsize=\"13\" data-lineheight=\"20\">Notas sobre\u00a0<em>La partida \/ La madre y la muerte<\/em><\/h4>\n<ul>\n<li><a href=\"http:\/\/www.e-xtension.com.mx\/index.php\/2015\/11\/19\/la-muerte-es-una-constante-para-todos-nosotros-alberto-chimal\/\">Nota en el portal <em>Extensi\u00f3n<\/em><\/a><\/li>\n<li><a href=\"http:\/\/www.elnorte.com\/aplicacioneslibre\/articulo\/default.aspx?id=727921&amp;md5=8594a8a2668f63a5bd32d101cff5f4b6&amp;ta=0dfdbac11765226904c16cb9ad1b2efe\">Nota en el diario <em>El Norte<\/em><\/a><\/li>\n<li>Nota sobre el <a href=\"http:\/\/www.gacetamexicana.com\/premio-caniem-2016-al-libro-la-partidala-madre-la-muerte-chimal-laiesca\/\">Premio de la CANIEM<\/a> otorgado al libro en <em>Gaceta Mexicana<\/em><\/li>\n<li>Nota sobre el <a href=\"https:\/\/www.fondodeculturaeconomica.com\/ImpresionDetalle.aspx?fec=2016\/10\/10&#038;id_desp=83535\">Premio de la CANIEM<\/a> otorgado al libro en el sitio del FCE<\/li>\n<li><a href=\"https:\/\/www.fondodeculturaeconomica.com\/DetallePrensa.aspx?seccion=Detalle&#038;id_desplegado=83634\">Nota sobre la selecci\u00f3n del libro<\/a> para el cat\u00e1logo White Ravens en el sitio del FCE<\/li>\n<\/ul>\n","protected":false},"excerpt":{"rendered":"<p>Cuento. Fondo de Cultura Econ\u00f3mica, 2015<\/p>\n","protected":false},"author":2,"featured_media":12291,"comment_status":"open","ping_status":"open","sticky":false,"template":"","format":"standard","meta":{"advanced_seo_description":"","jetpack_seo_html_title":"","jetpack_seo_noindex":false,"jetpack_post_was_ever_published":false,"_jetpack_newsletter_access":"","_jetpack_dont_email_post_to_subs":true,"_jetpack_newsletter_tier_id":0,"_jetpack_memberships_contains_paywalled_content":false,"_jetpack_memberships_contains_paid_content":false,"footnotes":"","jetpack_publicize_message":"","jetpack_publicize_feature_enabled":true,"jetpack_social_post_already_shared":true,"jetpack_social_options":{"image_generator_settings":{"template":"highway","default_image_id":0,"font":"","enabled":false},"version":2}},"categories":[13],"tags":[2938,22,233,266,2937,2913,2885,2939],"class_list":["post-12061","post","type-post","status-publish","format-standard","has-post-thumbnail","hentry","category-publicaciones","tag-alberto-laiseca","tag-cuento","tag-fondo-de-cultura-economica","tag-hans-christian-andersen","tag-la-madre-y-la-muerte","tag-la-partida","tag-literatura-infantil-y-juvenil","tag-nicolas-arispe"],"jetpack_publicize_connections":[],"jetpack_featured_media_url":"https:\/\/www.lashistorias.com.mx\/wp-content\/uploads\/2015\/09\/partida-c.jpg","jetpack_shortlink":"https:\/\/wp.me\/pjEhq-38x","jetpack_sharing_enabled":true,"_links":{"self":[{"href":"https:\/\/www.lashistorias.com.mx\/index.php\/wp-json\/wp\/v2\/posts\/12061","targetHints":{"allow":["GET"]}}],"collection":[{"href":"https:\/\/www.lashistorias.com.mx\/index.php\/wp-json\/wp\/v2\/posts"}],"about":[{"href":"https:\/\/www.lashistorias.com.mx\/index.php\/wp-json\/wp\/v2\/types\/post"}],"author":[{"embeddable":true,"href":"https:\/\/www.lashistorias.com.mx\/index.php\/wp-json\/wp\/v2\/users\/2"}],"replies":[{"embeddable":true,"href":"https:\/\/www.lashistorias.com.mx\/index.php\/wp-json\/wp\/v2\/comments?post=12061"}],"version-history":[{"count":6,"href":"https:\/\/www.lashistorias.com.mx\/index.php\/wp-json\/wp\/v2\/posts\/12061\/revisions"}],"predecessor-version":[{"id":13013,"href":"https:\/\/www.lashistorias.com.mx\/index.php\/wp-json\/wp\/v2\/posts\/12061\/revisions\/13013"}],"wp:featuredmedia":[{"embeddable":true,"href":"https:\/\/www.lashistorias.com.mx\/index.php\/wp-json\/wp\/v2\/media\/12291"}],"wp:attachment":[{"href":"https:\/\/www.lashistorias.com.mx\/index.php\/wp-json\/wp\/v2\/media?parent=12061"}],"wp:term":[{"taxonomy":"category","embeddable":true,"href":"https:\/\/www.lashistorias.com.mx\/index.php\/wp-json\/wp\/v2\/categories?post=12061"},{"taxonomy":"post_tag","embeddable":true,"href":"https:\/\/www.lashistorias.com.mx\/index.php\/wp-json\/wp\/v2\/tags?post=12061"}],"curies":[{"name":"wp","href":"https:\/\/api.w.org\/{rel}","templated":true}]}}