{"id":11987,"date":"2015-11-22T10:43:14","date_gmt":"2015-11-22T16:43:14","guid":{"rendered":"http:\/\/www.lashistorias.com.mx\/?p=11987"},"modified":"2016-10-26T10:19:10","modified_gmt":"2016-10-26T15:19:10","slug":"dfw","status":"publish","type":"post","link":"https:\/\/www.lashistorias.com.mx\/index.php\/dfw\/","title":{"rendered":"DFW"},"content":{"rendered":"<p>El otro d\u00eda estaba en un avi\u00f3n hacia Lima, Per\u00fa. Los asientos eran de los que tienen pantallas para uso individual y ofrecen pel\u00edculas, tele, m\u00fasica. Al pie de la lista de estrenos, lejos de <em>Ant-Man<\/em> y <em>Misi\u00f3n imposible 5<\/em>, encontr\u00e9 <em>The End of the Tour<\/em>, la pel\u00edcula muy reciente de James Ponsoldt acerca de David Foster Wallace. Como ten\u00eda ganas de verla, la vi.<\/p>\n<p><img loading=\"lazy\" decoding=\"async\" data-attachment-id=\"11992\" data-permalink=\"https:\/\/www.lashistorias.com.mx\/index.php\/dfw\/originalphoto-469678680-258164\/\" data-orig-file=\"https:\/\/www.lashistorias.com.mx\/wp-content\/uploads\/2015\/11\/OriginalPhoto-469678680.258164.jpg\" data-orig-size=\"2448,2448\" data-comments-opened=\"1\" data-image-meta=\"{&quot;aperture&quot;:&quot;0&quot;,&quot;credit&quot;:&quot;&quot;,&quot;camera&quot;:&quot;&quot;,&quot;caption&quot;:&quot;&quot;,&quot;created_timestamp&quot;:&quot;0&quot;,&quot;copyright&quot;:&quot;&quot;,&quot;focal_length&quot;:&quot;0&quot;,&quot;iso&quot;:&quot;0&quot;,&quot;shutter_speed&quot;:&quot;0&quot;,&quot;title&quot;:&quot;&quot;,&quot;orientation&quot;:&quot;0&quot;}\" data-image-title=\"OriginalPhoto-469678680.258164\" data-image-description=\"\" data-image-caption=\"\" data-large-file=\"https:\/\/www.lashistorias.com.mx\/wp-content\/uploads\/2015\/11\/OriginalPhoto-469678680.258164-1024x1024.jpg\" class=\"aligncenter size-medium wp-image-11992\" src=\"https:\/\/www.lashistorias.com.mx\/wp-content\/uploads\/2015\/11\/OriginalPhoto-469678680.258164-300x300.jpg\" alt=\"OriginalPhoto-469678680.258164\" width=\"300\" height=\"300\" srcset=\"https:\/\/www.lashistorias.com.mx\/wp-content\/uploads\/2015\/11\/OriginalPhoto-469678680.258164-300x300.jpg 300w, https:\/\/www.lashistorias.com.mx\/wp-content\/uploads\/2015\/11\/OriginalPhoto-469678680.258164-150x150.jpg 150w, https:\/\/www.lashistorias.com.mx\/wp-content\/uploads\/2015\/11\/OriginalPhoto-469678680.258164-1024x1024.jpg 1024w\" sizes=\"auto, (max-width: 300px) 100vw, 300px\" \/><\/p>\n<p>El t\u00edtulo ven\u00eda&nbsp;traducido como <em>El \u00faltimo tour<\/em>. (Ya s\u00e9 que los designios de las distribuidoras son inescrutables). La&nbsp;historia es muy simple&nbsp;y est\u00e1&nbsp;centrada en varios d\u00edas de convivencia del periodista David Lipsky (Jesse Eisenberg) con el escritor David Foster Wallace (Jason Segel). Todo ocurre durante la gira promocional que hizo Wallace en 1996, al aparecer <em>La broma infinita<\/em>, su novela m\u00e1s famosa. En ese entonces Lipsky no escribi\u00f3 el art\u00edculo que deseaba hacer sobre Wallace &#8211;autor reci\u00e9n consagrado&#8211; para la revista <em>Rolling Stone<\/em>, pero a\u00f1os despu\u00e9s public\u00f3 un libro completo sobre el tema&nbsp;(<em>Although of Course You End Up Becoming Yourself<\/em>, de 2010), que fue base del gui\u00f3n del&nbsp;dramaturgo Donald Margulies.<\/p>\n<p>La pel\u00edcula viene con su peque\u00f1a dosis de controversia: los deudos de Wallace \u2013que&nbsp;se suicid\u00f3 en 2008\u2013 niegan que la pel\u00edcula lo retrate fielmente, y lo mismo dice Jonathan Franzen, su colega y un poco su rival en la competencia por ser reconocido como el gran novelista estadounidense de su generaci\u00f3n. Rese\u00f1as de la pel\u00edcula \u2013no todas\u2013 han recogido estas objeciones. Las m\u00e1s ingenuas se quedan en decir que Segel, actor famoso como comediante, simplemente no puede con el paquete de interpretar a Wallace, que por supuesto es una personalidad compleja y, adem\u00e1s, marcada por la leyenda de su muerte, debida a una larga depresi\u00f3n. Otras rese\u00f1as, m\u00e1s interesantes, tratan de hacer cre\u00edble la idea de lo profundo del ser de David Foster Wallace \u2013de la seriedad que un c\u00f3mico jam\u00e1s podr\u00eda reproducir\u2013 con m\u00e1s o menos referencias a la personalidad del escritor como se percibe en sus libros.<\/p>\n<p><a ref=\"magnificPopup\" href=\"https:\/\/www.lashistorias.com.mx\/wp-content\/uploads\/2015\/11\/OriginalPhoto-469669543.558892.jpg\"><img loading=\"lazy\" decoding=\"async\" data-attachment-id=\"11990\" data-permalink=\"https:\/\/www.lashistorias.com.mx\/index.php\/dfw\/originalphoto-469669543-558892\/\" data-orig-file=\"https:\/\/www.lashistorias.com.mx\/wp-content\/uploads\/2015\/11\/OriginalPhoto-469669543.558892.jpg\" data-orig-size=\"2448,2448\" data-comments-opened=\"1\" data-image-meta=\"{&quot;aperture&quot;:&quot;0&quot;,&quot;credit&quot;:&quot;&quot;,&quot;camera&quot;:&quot;&quot;,&quot;caption&quot;:&quot;&quot;,&quot;created_timestamp&quot;:&quot;0&quot;,&quot;copyright&quot;:&quot;&quot;,&quot;focal_length&quot;:&quot;0&quot;,&quot;iso&quot;:&quot;0&quot;,&quot;shutter_speed&quot;:&quot;0&quot;,&quot;title&quot;:&quot;&quot;,&quot;orientation&quot;:&quot;0&quot;}\" data-image-title=\"OriginalPhoto-469669543.558892\" data-image-description=\"\" data-image-caption=\"\" data-large-file=\"https:\/\/www.lashistorias.com.mx\/wp-content\/uploads\/2015\/11\/OriginalPhoto-469669543.558892-1024x1024.jpg\" class=\"aligncenter size-medium wp-image-11990\" src=\"https:\/\/www.lashistorias.com.mx\/wp-content\/uploads\/2015\/11\/OriginalPhoto-469669543.558892-300x300.jpg\" alt=\"OriginalPhoto-469669543.558892\" width=\"300\" height=\"300\" srcset=\"https:\/\/www.lashistorias.com.mx\/wp-content\/uploads\/2015\/11\/OriginalPhoto-469669543.558892-300x300.jpg 300w, https:\/\/www.lashistorias.com.mx\/wp-content\/uploads\/2015\/11\/OriginalPhoto-469669543.558892-150x150.jpg 150w, https:\/\/www.lashistorias.com.mx\/wp-content\/uploads\/2015\/11\/OriginalPhoto-469669543.558892-1024x1024.jpg 1024w\" sizes=\"auto, (max-width: 300px) 100vw, 300px\" \/><\/a><\/p>\n<p>Yo creo&nbsp;que la semejanza entre Wallace y el papel que Segel interpreta (muy bien, me parece) no es tan importante. El protagonista de la pel\u00edcula no es \u00e9l, sino Lipsky, que es presentado como un escritor principiante pero de escasa fortuna que se acerca a Wallace con admiraci\u00f3n y con envidia, temeroso de resultar demasiado entrometido y a la vez con ganas&nbsp;de encontrar lo peor en \u00e9l. Para su mal, qued\u00f3 muy&nbsp;impresionado por <em>La broma infinita<\/em>; tiene celos y a la vez tiene la conciencia \u2013un poco nublada por el ego, y porque cosas as\u00ed duelen\u2013 de que simplemente no posee el talento del otro y nunca ser\u00e1 tan famoso, tan reconocido ni tan importante como \u00e9l.<\/p>\n<p>A lo largo del tiempo en que Lipsky acompa\u00f1a a Wallace, los&nbsp;dos conversan, discuten y pelean. Luego se&nbsp;separan cordialmente&nbsp;pero no quedan como amigos: Lipsky trata de abrazar a Wallace y \u00e9ste se resiste, marcando su distancia.<\/p>\n<p>Al comienzo de la pel\u00edcula, una lectura p\u00fablica de una novela escrita por&nbsp;Lipsky s\u00f3lo atrae a tres o cuatro personas; al final, una lectura de su libro sobre Wallace llena un auditorio, y todos sabemos que se debe a Wallace y no a Lipsky: el peque\u00f1o ha quedado subordinado al grande, como los albaceas de autores famosos o los especialistas que ordenan&nbsp;las obras de los grandes compositores (\u00bfcu\u00e1ntas personas saben qui\u00e9n est\u00e1 tras la inicial \u201cK\u201d que se ve en el <a href=\"https:\/\/es.wikipedia.org\/wiki\/Cat%C3%A1logo_K%C3%B6chel\">cat\u00e1logo<\/a> de la m\u00fasica de Mozart?). La pel\u00edcula es acerca del deseo frustrado, la&nbsp;idea de la fama, la literatura, y lo que sucede entre dos personas de estaturas&nbsp;(literal y figuradamente) muy distintas.<\/p>\n<p><a ref=\"magnificPopup\" href=\"https:\/\/www.lashistorias.com.mx\/wp-content\/uploads\/2015\/11\/OriginalPhoto-469669393.671084.jpg\"><img loading=\"lazy\" decoding=\"async\" data-attachment-id=\"11993\" data-permalink=\"https:\/\/www.lashistorias.com.mx\/index.php\/dfw\/originalphoto-469669393-671084\/\" data-orig-file=\"https:\/\/www.lashistorias.com.mx\/wp-content\/uploads\/2015\/11\/OriginalPhoto-469669393.671084.jpg\" data-orig-size=\"2448,2448\" data-comments-opened=\"1\" data-image-meta=\"{&quot;aperture&quot;:&quot;0&quot;,&quot;credit&quot;:&quot;&quot;,&quot;camera&quot;:&quot;&quot;,&quot;caption&quot;:&quot;&quot;,&quot;created_timestamp&quot;:&quot;0&quot;,&quot;copyright&quot;:&quot;&quot;,&quot;focal_length&quot;:&quot;0&quot;,&quot;iso&quot;:&quot;0&quot;,&quot;shutter_speed&quot;:&quot;0&quot;,&quot;title&quot;:&quot;&quot;,&quot;orientation&quot;:&quot;0&quot;}\" data-image-title=\"OriginalPhoto-469669393.671084\" data-image-description=\"\" data-image-caption=\"\" data-large-file=\"https:\/\/www.lashistorias.com.mx\/wp-content\/uploads\/2015\/11\/OriginalPhoto-469669393.671084-1024x1024.jpg\" class=\"aligncenter size-medium wp-image-11993\" src=\"https:\/\/www.lashistorias.com.mx\/wp-content\/uploads\/2015\/11\/OriginalPhoto-469669393.671084-300x300.jpg\" alt=\"OriginalPhoto-469669393.671084\" width=\"300\" height=\"300\" srcset=\"https:\/\/www.lashistorias.com.mx\/wp-content\/uploads\/2015\/11\/OriginalPhoto-469669393.671084-300x300.jpg 300w, https:\/\/www.lashistorias.com.mx\/wp-content\/uploads\/2015\/11\/OriginalPhoto-469669393.671084-150x150.jpg 150w, https:\/\/www.lashistorias.com.mx\/wp-content\/uploads\/2015\/11\/OriginalPhoto-469669393.671084-1024x1024.jpg 1024w\" sizes=\"auto, (max-width: 300px) 100vw, 300px\" \/><\/a><\/p>\n<p>Por otra parte, lo que me sorprende es que cierto n\u00famero de cr\u00edticos creyera en la idea de que una&nbsp;pel\u00edcula podr\u00eda&nbsp;mostrar al \u00abverdadero\u00bb David Foster Wallace (o, para el caso, al \u00abverdadero\u00bb David Lipsky). Cuando mucho, el cine puede influir en la percepci\u00f3n de las personas reales a las que utiliza como material y hacernos creer que eso que est\u00e1 en la pantalla es literalmente la realidad, \u00ablo que pas\u00f3\u00bb. Pero la&nbsp;manipulaci\u00f3n de lo que percibimos no&nbsp;es lo mismo que el encontrar una supuesta&nbsp;verdad pura, m\u00e1s all\u00e1 de las im\u00e1genes.<\/p>\n<p>A lo mejor es que seguimos&nbsp;creyendo, pese a todo,&nbsp;que la&nbsp;representaci\u00f3n es lo representado. Nuestra \u00e9poca favorece mucho esa idea y nos sobrecarga de informaci\u00f3n acerca de todo, y en especial de algunas pocas personas que han sido consideradas famosas e importantes. Nosotros absorbemos la informaci\u00f3n (y casi siempre lo hacemos deprisa, superficialmente) y creemos conocer a Kim Kardashian; creemos que las notas de prensa sobre el&nbsp;papa Francisco <em>son<\/em> el papa Francisco. Creemos que desean que creamos que David Foster Wallace tuvo la cara de Jason Segel.<\/p>\n<p>Yo record\u00e9 una narraci\u00f3n de Wallace: \u00abAdult World\u00bb (Mundo adulto), publicada en dos partes separadas en su libro <em>Entrevistas breves con hombres repulsivos<\/em>&nbsp;(2001). Es la historia de una mujer cuyos problemas maritales se resuelven luego de una revelaci\u00f3n, una epifan\u00eda sorprendente, y \u00e9sta se da al entrever una porci\u00f3n de&nbsp;la vida sexual de su marido que jam\u00e1s hab\u00eda sospechado.&nbsp;Es posible compartir el asombro&nbsp;de la protagonista porque se deriva del&nbsp;reconocimento de algo que jam\u00e1s se dijo: de un secreto.<\/p>\n<p>Nuestra \u00e9poca no entiende los secretos;&nbsp;nuestros medios hablan de ellos constantemente,&nbsp;hacen anuncios de sucesos escandalosos previamente ocultos, promueven conjuras y charlas privadas, pero desde el momento en que est\u00e1 a la vista de todos <em>nada de eso<\/em> es m\u00e1s un secreto. Para que las quejas sobre la \u00abverdad\u00bb de la pel\u00edcula tuvieran alg\u00fan sentido har\u00eda falta un imposible: adem\u00e1s de despejar toda posible duda sobre los hechos contados, verificar lo que no dijo David Lipsky de su tiempo con David Foster Wallace, lo que Wallace ocult\u00f3 de la vista de Lipsky (y viceversa), lo que sucedi\u00f3 alrededor de ambos sin que lo notara ninguno. Pero nada de eso puede estar en <em>El \u00faltimo tour,<\/em> ni en ninguna otra pel\u00edcula, ni en ning\u00fan sitio.<\/p>\n<p>Har\u00edan falta&nbsp;m\u00e1s historias acerca de lo que realmente no se dice nunca: de las porciones de la vida de cada persona que realmente desaparecen con ella sin que nadie las conozca. Todos&nbsp;tenemos&nbsp;varias, ocultas por la indiferencia, la desmemoria o la verg\u00fcenza.<\/p>\n<p>\u00abTodo hombre es una luna y tiene un lado que no muestra a nadie.&nbsp;Si quieres verlo debes escurrirte por detr\u00e1s\u00bb, escribi\u00f3 Mark Twain. Pero tal vez la posibilidad del \u00abescurrirse\u00bb es s\u00f3lo una ilusi\u00f3n.&nbsp;Tal vez el cine y las historias en general s\u00f3lo nos&nbsp;pueden dar&nbsp;esa ilusi\u00f3n&nbsp;(o ni siquiera esa, sino la&nbsp;opuesta:&nbsp;la de una realidad&nbsp;enteramente&nbsp;visible).<\/p>\n<p><i>The End of the Tour<\/i> juega a tener su secreto: en una escena Lipsky deja solo a Wallace para ir al ba\u00f1o y lo seguimos; en otra posterior la c\u00e1mara vuelve a aquel momento y se queda con Wallace, que habla juguetonamente a la grabadora que Lipsky dej\u00f3 encendida. Pero, claro, eso no es un verdadero secreto. La cinta grabada ser\u00eda el registro del suceso: parte de la \u00abevidencia\u00bb que comprueba la \u00abverdad\u00bb de los hechos.<\/p>\n<p><a ref=\"magnificPopup\" href=\"https:\/\/www.lashistorias.com.mx\/wp-content\/uploads\/2015\/11\/OriginalPhoto-469670581.782792.jpg\"><img loading=\"lazy\" decoding=\"async\" data-attachment-id=\"11991\" data-permalink=\"https:\/\/www.lashistorias.com.mx\/index.php\/dfw\/originalphoto-469670581-782792\/\" data-orig-file=\"https:\/\/www.lashistorias.com.mx\/wp-content\/uploads\/2015\/11\/OriginalPhoto-469670581.782792.jpg\" data-orig-size=\"2448,2448\" data-comments-opened=\"1\" data-image-meta=\"{&quot;aperture&quot;:&quot;0&quot;,&quot;credit&quot;:&quot;&quot;,&quot;camera&quot;:&quot;&quot;,&quot;caption&quot;:&quot;&quot;,&quot;created_timestamp&quot;:&quot;0&quot;,&quot;copyright&quot;:&quot;&quot;,&quot;focal_length&quot;:&quot;0&quot;,&quot;iso&quot;:&quot;0&quot;,&quot;shutter_speed&quot;:&quot;0&quot;,&quot;title&quot;:&quot;&quot;,&quot;orientation&quot;:&quot;0&quot;}\" data-image-title=\"OriginalPhoto-469670581.782792\" data-image-description=\"\" data-image-caption=\"\" data-large-file=\"https:\/\/www.lashistorias.com.mx\/wp-content\/uploads\/2015\/11\/OriginalPhoto-469670581.782792-1024x1024.jpg\" class=\"aligncenter size-medium wp-image-11991\" src=\"https:\/\/www.lashistorias.com.mx\/wp-content\/uploads\/2015\/11\/OriginalPhoto-469670581.782792-300x300.jpg\" alt=\"OriginalPhoto-469670581.782792\" width=\"300\" height=\"300\" srcset=\"https:\/\/www.lashistorias.com.mx\/wp-content\/uploads\/2015\/11\/OriginalPhoto-469670581.782792-300x300.jpg 300w, https:\/\/www.lashistorias.com.mx\/wp-content\/uploads\/2015\/11\/OriginalPhoto-469670581.782792-150x150.jpg 150w, https:\/\/www.lashistorias.com.mx\/wp-content\/uploads\/2015\/11\/OriginalPhoto-469670581.782792-1024x1024.jpg 1024w\" sizes=\"auto, (max-width: 300px) 100vw, 300px\" \/><\/a><\/p>\n","protected":false},"excerpt":{"rendered":"<p>Sobre \u00abThe End of the Tour\u00bb, una pel\u00edcula acerca de David Foster Wallace. Tambi\u00e9n, sobre c\u00f3mo nos ilusiona el cine con una idea de lo real.<\/p>\n","protected":false},"author":1,"featured_media":11990,"comment_status":"open","ping_status":"open","sticky":false,"template":"","format":"standard","meta":{"advanced_seo_description":"","jetpack_seo_html_title":"","jetpack_seo_noindex":false,"jetpack_post_was_ever_published":false,"_jetpack_newsletter_access":"","_jetpack_dont_email_post_to_subs":true,"_jetpack_newsletter_tier_id":0,"_jetpack_memberships_contains_paywalled_content":false,"_jetpack_memberships_contains_paid_content":false,"footnotes":"","jetpack_publicize_message":"Una nota breve sobre cine, David Foster Wallace y la ilusi\u00f3n de la verdad.","jetpack_publicize_feature_enabled":true,"jetpack_social_post_already_shared":true,"jetpack_social_options":{"image_generator_settings":{"template":"highway","default_image_id":0,"font":"","enabled":false},"version":2}},"categories":[1520],"tags":[2860,2866,900,2927,2929,2930,2931,2932,2855,2926,2928],"class_list":["post-11987","post","type-post","status-publish","format-standard","has-post-thumbnail","hentry","category-cuaderno","tag-cine","tag-cuaderno","tag-david-foster-wallace","tag-david-lipsky","tag-donald-margulies","tag-james-ponsoldt","tag-jason-segel","tag-jesse-eisenberg","tag-literatura","tag-literatura-y-cine","tag-the-end-of-the-tour"],"jetpack_publicize_connections":[],"jetpack_featured_media_url":"https:\/\/www.lashistorias.com.mx\/wp-content\/uploads\/2015\/11\/OriginalPhoto-469669543.558892.jpg","jetpack_shortlink":"https:\/\/wp.me\/sjEhq-dfw","jetpack_sharing_enabled":true,"_links":{"self":[{"href":"https:\/\/www.lashistorias.com.mx\/index.php\/wp-json\/wp\/v2\/posts\/11987","targetHints":{"allow":["GET"]}}],"collection":[{"href":"https:\/\/www.lashistorias.com.mx\/index.php\/wp-json\/wp\/v2\/posts"}],"about":[{"href":"https:\/\/www.lashistorias.com.mx\/index.php\/wp-json\/wp\/v2\/types\/post"}],"author":[{"embeddable":true,"href":"https:\/\/www.lashistorias.com.mx\/index.php\/wp-json\/wp\/v2\/users\/1"}],"replies":[{"embeddable":true,"href":"https:\/\/www.lashistorias.com.mx\/index.php\/wp-json\/wp\/v2\/comments?post=11987"}],"version-history":[{"count":10,"href":"https:\/\/www.lashistorias.com.mx\/index.php\/wp-json\/wp\/v2\/posts\/11987\/revisions"}],"predecessor-version":[{"id":12002,"href":"https:\/\/www.lashistorias.com.mx\/index.php\/wp-json\/wp\/v2\/posts\/11987\/revisions\/12002"}],"wp:featuredmedia":[{"embeddable":true,"href":"https:\/\/www.lashistorias.com.mx\/index.php\/wp-json\/wp\/v2\/media\/11990"}],"wp:attachment":[{"href":"https:\/\/www.lashistorias.com.mx\/index.php\/wp-json\/wp\/v2\/media?parent=11987"}],"wp:term":[{"taxonomy":"category","embeddable":true,"href":"https:\/\/www.lashistorias.com.mx\/index.php\/wp-json\/wp\/v2\/categories?post=11987"},{"taxonomy":"post_tag","embeddable":true,"href":"https:\/\/www.lashistorias.com.mx\/index.php\/wp-json\/wp\/v2\/tags?post=11987"}],"curies":[{"name":"wp","href":"https:\/\/api.w.org\/{rel}","templated":true}]}}