{"id":11961,"date":"2015-11-11T14:01:54","date_gmt":"2015-11-11T20:01:54","guid":{"rendered":"http:\/\/www.lashistorias.com.mx\/?p=11961"},"modified":"2016-10-26T10:19:10","modified_gmt":"2016-10-26T15:19:10","slug":"tanto-por-hacer-de-aqui-a-la-fil","status":"publish","type":"post","link":"https:\/\/www.lashistorias.com.mx\/index.php\/tanto-por-hacer-de-aqui-a-la-fil\/","title":{"rendered":"Tanto por hacer de aqu\u00ed a la FIL"},"content":{"rendered":"<p>Una serie de invitaciones o de avisos: las \u00faltimas actividades en las que estar\u00e9 durante el\u00a0a\u00f1o, del d\u00eda de hoy hasta el final de la Feria del Libro de Guadalajara, por si gustan asomarse a alguna. En los enlaces se pueden encontrar m\u00e1s datos sobre los lugares y las actividades.<\/p>\n<p><em>(Y el comentario al margen: este fin de a\u00f1o viene dur\u00edsimo. Ay. Si me ven por alguno de estos sitios, por favor no dejen de asegurarme que todo terminar\u00e1 bien&#8230;)<\/em><\/p>\n<h1>Noviembre<\/h1>\n<h3>FILIJ &#8211; <a href=\"http:\/\/filij.org\/programa\/\">Feria Internacional del Libro Infantil y Juvenil<\/a><br \/>\nJueves 12 de noviembre<\/h3>\n<p>10:00\u00a0horas \/\u00a0Lanzamiento del concurso #TweetPorViaje en la Sala Interactiva de la FILIJ. Este concurso estar\u00e1 abierto durante el d\u00eda 12 a los usuarios de Twitter. La convocatoria detallada est\u00e1 <a href=\"http:\/\/www.cultura.df.gob.mx\/index.php\/convocatoriasprocinedf\/details\/13698-jornada-de-literatura-breve-tweet-por-viaje\">aqu\u00ed<\/a>, y lo esencial a continuaci\u00f3n:<\/p>\n[fusion_builder_container hundred_percent=\u00bbyes\u00bb overflow=\u00bbvisible\u00bb][fusion_builder_row][fusion_builder_column type=\u00bb1_1&#8243; background_position=\u00bbleft top\u00bb background_color=\u00bb\u00bb border_size=\u00bb\u00bb border_color=\u00bb\u00bb border_style=\u00bbsolid\u00bb spacing=\u00bbyes\u00bb background_image=\u00bb\u00bb background_repeat=\u00bbno-repeat\u00bb padding=\u00bb\u00bb margin_top=\u00bb0px\u00bb margin_bottom=\u00bb0px\u00bb class=\u00bb\u00bb id=\u00bb\u00bb animation_type=\u00bb\u00bb animation_speed=\u00bb0.3&#8243; animation_direction=\u00bbleft\u00bb hide_on_mobile=\u00bbno\u00bb center_content=\u00bbno\u00bb min_height=\u00bbnone\u00bb]<figure id=\"attachment_11967\" aria-describedby=\"caption-attachment-11967\" style=\"width: 143px\" class=\"wp-caption aligncenter\"><a ref=\"magnificPopup\" href=\"https:\/\/www.lashistorias.com.mx\/wp-content\/uploads\/2015\/11\/TweetPorViaje.png\"><img loading=\"lazy\" decoding=\"async\" data-attachment-id=\"11967\" data-permalink=\"https:\/\/www.lashistorias.com.mx\/index.php\/tanto-por-hacer-de-aqui-a-la-fil\/tweetporviaje\/\" data-orig-file=\"https:\/\/www.lashistorias.com.mx\/wp-content\/uploads\/2015\/11\/TweetPorViaje.png\" data-orig-size=\"640,1342\" data-comments-opened=\"1\" data-image-meta=\"{&quot;aperture&quot;:&quot;0&quot;,&quot;credit&quot;:&quot;&quot;,&quot;camera&quot;:&quot;&quot;,&quot;caption&quot;:&quot;&quot;,&quot;created_timestamp&quot;:&quot;0&quot;,&quot;copyright&quot;:&quot;&quot;,&quot;focal_length&quot;:&quot;0&quot;,&quot;iso&quot;:&quot;0&quot;,&quot;shutter_speed&quot;:&quot;0&quot;,&quot;title&quot;:&quot;&quot;,&quot;orientation&quot;:&quot;0&quot;}\" data-image-title=\"Tweet por Viaje\" data-image-description=\"\" data-image-caption=\"&lt;p&gt;(clic para ampliar las bases)&lt;\/p&gt;\n\" data-large-file=\"https:\/\/www.lashistorias.com.mx\/wp-content\/uploads\/2015\/11\/TweetPorViaje-488x1024.png\" class=\"size-medium wp-image-11967\" src=\"https:\/\/www.lashistorias.com.mx\/wp-content\/uploads\/2015\/11\/TweetPorViaje-143x300.png\" alt=\"(clic para ampliar las bases)\" width=\"143\" height=\"300\" srcset=\"https:\/\/www.lashistorias.com.mx\/wp-content\/uploads\/2015\/11\/TweetPorViaje-143x300.png 143w, https:\/\/www.lashistorias.com.mx\/wp-content\/uploads\/2015\/11\/TweetPorViaje-488x1024.png 488w, https:\/\/www.lashistorias.com.mx\/wp-content\/uploads\/2015\/11\/TweetPorViaje.png 640w\" sizes=\"auto, (max-width: 143px) 100vw, 143px\" \/><\/a><figcaption id=\"caption-attachment-11967\" class=\"wp-caption-text\">(clic para ampliar las bases)<\/figcaption><\/figure>\n<p>10:30 horas \/ Charla\u00a0sobre Rafael Bernal y su novela <em>Su nombre era muerte<\/em>, un cl\u00e1sico secreto de la ciencia ficci\u00f3n mexicana, tambi\u00e9n en la Sala Interactiva.<\/p>\n<h3><a href=\"https:\/\/www.facebook.com\/CCLXV\/\">Centro de Creaci\u00f3n Literaria Xavier Villaurrutia<\/a><br \/>\nViernes 13 de noviembre<\/h3>\n<p>19:00 horas \/ Presentaci\u00f3n de <em>Historia siniestra<\/em>: dos micronovelas con textos y fotos que publica la editorial Cuadrivio, con Sarai Robledo, Isa\u00ed Moreno y yo. (M\u00e1s del libro <a href=\"http:\/\/www.inba.gob.mx\/Prensa\/DetallePrensa\/1206\/Presentar%26aacute%3B+Alberto+Chimal+su+Historia+siniestra\">en esta nota<\/a>.)<\/p>\n<p><a ref=\"magnificPopup\" href=\"https:\/\/www.lashistorias.com.mx\/wp-content\/uploads\/2015\/11\/12185010_949966985049464_4557124911229990357_o.jpg\"><img loading=\"lazy\" decoding=\"async\" data-attachment-id=\"11968\" data-permalink=\"https:\/\/www.lashistorias.com.mx\/index.php\/tanto-por-hacer-de-aqui-a-la-fil\/12185010_949966985049464_4557124911229990357_o\/\" data-orig-file=\"https:\/\/www.lashistorias.com.mx\/wp-content\/uploads\/2015\/11\/12185010_949966985049464_4557124911229990357_o.jpg\" data-orig-size=\"1080,1080\" data-comments-opened=\"1\" data-image-meta=\"{&quot;aperture&quot;:&quot;0&quot;,&quot;credit&quot;:&quot;&quot;,&quot;camera&quot;:&quot;&quot;,&quot;caption&quot;:&quot;&quot;,&quot;created_timestamp&quot;:&quot;0&quot;,&quot;copyright&quot;:&quot;&quot;,&quot;focal_length&quot;:&quot;0&quot;,&quot;iso&quot;:&quot;0&quot;,&quot;shutter_speed&quot;:&quot;0&quot;,&quot;title&quot;:&quot;&quot;,&quot;orientation&quot;:&quot;0&quot;}\" data-image-title=\"Historia siniestra\" data-image-description=\"\" data-image-caption=\"\" data-large-file=\"https:\/\/www.lashistorias.com.mx\/wp-content\/uploads\/2015\/11\/12185010_949966985049464_4557124911229990357_o-1024x1024.jpg\" class=\"aligncenter size-medium wp-image-11968\" src=\"https:\/\/www.lashistorias.com.mx\/wp-content\/uploads\/2015\/11\/12185010_949966985049464_4557124911229990357_o-300x300.jpg\" alt=\"Historia siniestra\" width=\"300\" height=\"300\" srcset=\"https:\/\/www.lashistorias.com.mx\/wp-content\/uploads\/2015\/11\/12185010_949966985049464_4557124911229990357_o-300x300.jpg 300w, https:\/\/www.lashistorias.com.mx\/wp-content\/uploads\/2015\/11\/12185010_949966985049464_4557124911229990357_o-150x150.jpg 150w, https:\/\/www.lashistorias.com.mx\/wp-content\/uploads\/2015\/11\/12185010_949966985049464_4557124911229990357_o-1024x1024.jpg 1024w, https:\/\/www.lashistorias.com.mx\/wp-content\/uploads\/2015\/11\/12185010_949966985049464_4557124911229990357_o.jpg 1080w\" sizes=\"auto, (max-width: 300px) 100vw, 300px\" \/><\/a><\/p>\n<h3>FILIJ &#8211; <a href=\"http:\/\/filij.org\/programa\/\">Feria Internacional del Libro Infantil y Juvenil<\/a><br \/>\nS\u00e1bado 14 de noviembre<\/h3>\n<p>14:00 horas \/ Presentaci\u00f3n de <em>La partida<\/em>, cuento en edici\u00f3n del Fondo de Cultura Econ\u00f3mica, ilustrado por Nicol\u00e1s Arispe, con Ver\u00f3nica Murgu\u00eda y yo, en el Aula Magna (el cuento viene editado junto con <em>La madre y la muerte<\/em>, versi\u00f3n de Alberto Laiseca del cuento de Hans Christian Andersen)<\/p>\n<p>15:00 horas \/ Firma de libros (tanto ejemplares de <em>La partida<\/em>\u00a0como\u00a0cualquier otro que se quieran llevar) en la Carpa de Firmas #1.<\/p>\n<p><a ref=\"magnificPopup\" href=\"https:\/\/www.lashistorias.com.mx\/wp-content\/uploads\/2015\/11\/LaPartida_Chimal_Final-1.jpg\"><img loading=\"lazy\" decoding=\"async\" data-attachment-id=\"11966\" data-permalink=\"https:\/\/www.lashistorias.com.mx\/index.php\/tanto-por-hacer-de-aqui-a-la-fil\/lapartida_chimal_final-1\/\" data-orig-file=\"https:\/\/www.lashistorias.com.mx\/wp-content\/uploads\/2015\/11\/LaPartida_Chimal_Final-1.jpg\" data-orig-size=\"2311,3062\" data-comments-opened=\"1\" data-image-meta=\"{&quot;aperture&quot;:&quot;0&quot;,&quot;credit&quot;:&quot;&quot;,&quot;camera&quot;:&quot;&quot;,&quot;caption&quot;:&quot;&quot;,&quot;created_timestamp&quot;:&quot;0&quot;,&quot;copyright&quot;:&quot;&quot;,&quot;focal_length&quot;:&quot;0&quot;,&quot;iso&quot;:&quot;0&quot;,&quot;shutter_speed&quot;:&quot;0&quot;,&quot;title&quot;:&quot;&quot;,&quot;orientation&quot;:&quot;0&quot;}\" data-image-title=\"La partida\" data-image-description=\"\" data-image-caption=\"\" data-large-file=\"https:\/\/www.lashistorias.com.mx\/wp-content\/uploads\/2015\/11\/LaPartida_Chimal_Final-1-773x1024.jpg\" class=\"aligncenter size-medium wp-image-11966\" src=\"https:\/\/www.lashistorias.com.mx\/wp-content\/uploads\/2015\/11\/LaPartida_Chimal_Final-1-226x300.jpg\" alt=\"La partida\" width=\"226\" height=\"300\" srcset=\"https:\/\/www.lashistorias.com.mx\/wp-content\/uploads\/2015\/11\/LaPartida_Chimal_Final-1-226x300.jpg 226w, https:\/\/www.lashistorias.com.mx\/wp-content\/uploads\/2015\/11\/LaPartida_Chimal_Final-1-773x1024.jpg 773w\" sizes=\"auto, (max-width: 226px) 100vw, 226px\" \/><\/a><\/p>\n<h3>Centro Cultural de Espa\u00f1a en M\u00e9xico<br \/>\nMartes 17 de noviembre<\/h3>\n<p>19:00 horas \/ Presentaci\u00f3n de <em>Encore. Cuentos inspirados en el rock mexicano<\/em>, con\u00a0Armando Vega-Gil, Raquel Castro, Pilar Ortega, Alejandro Mancilla y yo.<\/p>\n[\/fusion_builder_column][fusion_builder_column type=\u00bb1_1&#8243; background_position=\u00bbleft top\u00bb background_color=\u00bb\u00bb border_size=\u00bb\u00bb border_color=\u00bb\u00bb border_style=\u00bbsolid\u00bb spacing=\u00bbyes\u00bb background_image=\u00bb\u00bb background_repeat=\u00bbno-repeat\u00bb padding=\u00bb\u00bb margin_top=\u00bb0px\u00bb margin_bottom=\u00bb0px\u00bb class=\u00bb\u00bb id=\u00bb\u00bb animation_type=\u00bb\u00bb animation_speed=\u00bb0.3&#8243; animation_direction=\u00bbleft\u00bb hide_on_mobile=\u00bbno\u00bb center_content=\u00bbno\u00bb min_height=\u00bbnone\u00bb]<figure id=\"attachment_11969\" aria-describedby=\"caption-attachment-11969\" style=\"width: 194px\" class=\"wp-caption aligncenter\"><a ref=\"magnificPopup\" href=\"https:\/\/www.lashistorias.com.mx\/wp-content\/uploads\/2015\/11\/Encore.png\"><img loading=\"lazy\" decoding=\"async\" data-attachment-id=\"11969\" data-permalink=\"https:\/\/www.lashistorias.com.mx\/index.php\/tanto-por-hacer-de-aqui-a-la-fil\/encore\/\" data-orig-file=\"https:\/\/www.lashistorias.com.mx\/wp-content\/uploads\/2015\/11\/Encore.png\" data-orig-size=\"792,1224\" data-comments-opened=\"1\" data-image-meta=\"{&quot;aperture&quot;:&quot;0&quot;,&quot;credit&quot;:&quot;&quot;,&quot;camera&quot;:&quot;&quot;,&quot;caption&quot;:&quot;&quot;,&quot;created_timestamp&quot;:&quot;0&quot;,&quot;copyright&quot;:&quot;&quot;,&quot;focal_length&quot;:&quot;0&quot;,&quot;iso&quot;:&quot;0&quot;,&quot;shutter_speed&quot;:&quot;0&quot;,&quot;title&quot;:&quot;&quot;,&quot;orientation&quot;:&quot;0&quot;}\" data-image-title=\"Encore\" data-image-description=\"\" data-image-caption=\"\" data-large-file=\"https:\/\/www.lashistorias.com.mx\/wp-content\/uploads\/2015\/11\/Encore-663x1024.png\" class=\"wp-image-11969 size-medium\" src=\"https:\/\/www.lashistorias.com.mx\/wp-content\/uploads\/2015\/11\/Encore-194x300.png\" alt=\"Encore\" width=\"194\" height=\"300\" srcset=\"https:\/\/www.lashistorias.com.mx\/wp-content\/uploads\/2015\/11\/Encore-194x300.png 194w, https:\/\/www.lashistorias.com.mx\/wp-content\/uploads\/2015\/11\/Encore-663x1024.png 663w, https:\/\/www.lashistorias.com.mx\/wp-content\/uploads\/2015\/11\/Encore.png 792w\" sizes=\"auto, (max-width: 194px) 100vw, 194px\" \/><\/a><figcaption id=\"caption-attachment-11969\" class=\"wp-caption-text\">(clic para ampliar)<\/figcaption><\/figure>\n<h3><a href=\"https:\/\/www.facebook.com\/feriaricardopalma\/\">Feria del Libro Ricardo Palma<\/a> de Miraflores (Lima, Per\u00fa)<br \/>\nS\u00e1bado 21 de noviembre<\/h3>\n<p>18:00 horas \/ Presentaci\u00f3n de\u00a0<em>Los atacantes<\/em> (P\u00e1ginas de Espuma)<\/p>\n<p><a ref=\"magnificPopup\" href=\"https:\/\/www.lashistorias.com.mx\/wp-content\/uploads\/2015\/09\/Atacantes.jpg\"><img loading=\"lazy\" decoding=\"async\" data-attachment-id=\"11915\" data-permalink=\"https:\/\/www.lashistorias.com.mx\/index.php\/los-atacantes\/atacantes\/\" data-orig-file=\"https:\/\/www.lashistorias.com.mx\/wp-content\/uploads\/2015\/09\/Atacantes.jpg\" data-orig-size=\"542,868\" data-comments-opened=\"1\" data-image-meta=\"{&quot;aperture&quot;:&quot;0&quot;,&quot;credit&quot;:&quot;&quot;,&quot;camera&quot;:&quot;&quot;,&quot;caption&quot;:&quot;&quot;,&quot;created_timestamp&quot;:&quot;0&quot;,&quot;copyright&quot;:&quot;&quot;,&quot;focal_length&quot;:&quot;0&quot;,&quot;iso&quot;:&quot;0&quot;,&quot;shutter_speed&quot;:&quot;0&quot;,&quot;title&quot;:&quot;&quot;,&quot;orientation&quot;:&quot;0&quot;}\" data-image-title=\"Los Atacantes\" data-image-description=\"\" data-image-caption=\"\" data-large-file=\"https:\/\/www.lashistorias.com.mx\/wp-content\/uploads\/2015\/09\/Atacantes.jpg\" class=\"aligncenter size-medium wp-image-11915\" src=\"https:\/\/www.lashistorias.com.mx\/wp-content\/uploads\/2015\/09\/Atacantes-187x300.jpg\" alt=\"Los Atacantes\" width=\"187\" height=\"300\" srcset=\"https:\/\/www.lashistorias.com.mx\/wp-content\/uploads\/2015\/09\/Atacantes-187x300.jpg 187w, https:\/\/www.lashistorias.com.mx\/wp-content\/uploads\/2015\/09\/Atacantes.jpg 542w\" sizes=\"auto, (max-width: 187px) 100vw, 187px\" \/><\/a><\/p>\n<h3><a href=\"https:\/\/www.facebook.com\/feriaricardopalma\/\">Feria del Libro Ricardo Palma<\/a> de Miraflores (Lima, Per\u00fa)<br \/>\nDomingo 22 de noviembre<\/h3>\n<p>17:00 horas \/ Conversatorio en torno del libro <em>El \u00faltimo explorador\u00a0<\/em>con Gabriel Rimachi<\/p>\n<h3>FIL &#8211; <a href=\"https:\/\/www.fil.com.mx\/\">Feria Internacional del Libro de Guadalajara<\/a><br \/>\nS\u00e1bado 28 de noviembre<\/h3>\n<p>18:30 horas \/ <a href=\"https:\/\/www.fil.com.mx\/prog\/prog_resul_der.asp?ide=166&amp;idr=6&amp;idsr=1&amp;e=2015&amp;lan=1\" target=\"_blank\">Presentaci\u00f3n de la antolog\u00eda <em>S\u00f3lo Cuento VII<\/em><\/a> (UNAM) con Rosa Beltr\u00e1n, Sara Poot Herrera, Marina Perezagua y yo, en la Sala Antonio Alatorre, planta alta de la Expo Guadalajara.<\/p>\n<p>19:30 horas \/ Firma de ejemplares de <em>La partida<\/em> (y cualquier otro, c\u00f3mo no)\u00a0en el stand del Fondo de Cultura Econ\u00f3mica<\/p>\n<p><a ref=\"magnificPopup\" href=\"https:\/\/www.lashistorias.com.mx\/wp-content\/uploads\/2015\/11\/LaPartida_Chimal_Final-1.jpg\"><img loading=\"lazy\" decoding=\"async\" data-attachment-id=\"11966\" data-permalink=\"https:\/\/www.lashistorias.com.mx\/index.php\/tanto-por-hacer-de-aqui-a-la-fil\/lapartida_chimal_final-1\/\" data-orig-file=\"https:\/\/www.lashistorias.com.mx\/wp-content\/uploads\/2015\/11\/LaPartida_Chimal_Final-1.jpg\" data-orig-size=\"2311,3062\" data-comments-opened=\"1\" data-image-meta=\"{&quot;aperture&quot;:&quot;0&quot;,&quot;credit&quot;:&quot;&quot;,&quot;camera&quot;:&quot;&quot;,&quot;caption&quot;:&quot;&quot;,&quot;created_timestamp&quot;:&quot;0&quot;,&quot;copyright&quot;:&quot;&quot;,&quot;focal_length&quot;:&quot;0&quot;,&quot;iso&quot;:&quot;0&quot;,&quot;shutter_speed&quot;:&quot;0&quot;,&quot;title&quot;:&quot;&quot;,&quot;orientation&quot;:&quot;0&quot;}\" data-image-title=\"La partida\" data-image-description=\"\" data-image-caption=\"\" data-large-file=\"https:\/\/www.lashistorias.com.mx\/wp-content\/uploads\/2015\/11\/LaPartida_Chimal_Final-1-773x1024.jpg\" class=\"aligncenter size-medium wp-image-11966\" src=\"https:\/\/www.lashistorias.com.mx\/wp-content\/uploads\/2015\/11\/LaPartida_Chimal_Final-1-226x300.jpg\" alt=\"La partida\" width=\"226\" height=\"300\" srcset=\"https:\/\/www.lashistorias.com.mx\/wp-content\/uploads\/2015\/11\/LaPartida_Chimal_Final-1-226x300.jpg 226w, https:\/\/www.lashistorias.com.mx\/wp-content\/uploads\/2015\/11\/LaPartida_Chimal_Final-1-773x1024.jpg 773w\" sizes=\"auto, (max-width: 226px) 100vw, 226px\" \/><\/a><\/p>\n<h3>FIL &#8211; <a href=\"https:\/\/www.fil.com.mx\/\">Feria Internacional del Libro de Guadalajara<\/a><br \/>\nDomingo 29 de noviembre<\/h3>\n<p>12:00 horas \/ Charla y firma de ejemplares de la antolog\u00eda <em>Fest\u00edn de muertos<\/em> (Oc\u00e9ano) en el Set de Dramaturgia de Conaculta.<\/p>\n<p>13:00 horas \/ Firma de ejemplares de la antolog\u00eda <em>Sombras. Cuentos de extra\u00f1a imaginaci\u00f3n<\/em> (Castillo) en el stand de Ediciones Castillo.<\/p>\n<p>19:30 horas \/ <a href=\"https:\/\/www.fil.com.mx\/prog\/prog_resul_der.asp?ide=69&amp;idr=6&amp;idsr=1&amp;e=2015&amp;lan=1\" target=\"_blank\">Presentaci\u00f3n de <em>Escenarios para el fin del mundo<\/em><\/a> (Oc\u00e9ano), cuentos de Bernardo Fern\u00e1ndez Bef, con Joselo Rangel, el autor y yo, en el Sal\u00f3n 6, planta baja de la Expo Guadalajara.<\/p>\n<hr \/>\n<h1>Diciembre<\/h1>\n<h2>(todo en la\u00a0FIL &#8211; <a href=\"https:\/\/www.fil.com.mx\/\">Feria Internacional del Libro de Guadalajara<\/a>)<\/h2>\n<h3>Martes 1\u00a0de\u00a0diciembre<\/h3>\n<p>18:00 horas \/ Mesa redonda<em style=\"line-height: 1.5;\"> <a href=\"https:\/\/www.fil.com.mx\/prog\/prog_resul_der.asp?ide=14&amp;idr=3&amp;idsr=1&amp;e=2015&amp;lan=1\" target=\"_blank\">La realidad es fantas\u00eda: ciencia ficci\u00f3n, steampunk y realidades alternativas<\/a><\/em>, con\u00a0Naomi Alderman, Gareth P. Jones y yo, en el Pabell\u00f3n del Reino Unido.<\/p>\n<p>20:00 horas \/ Mesa redonda <em><a href=\"https:\/\/www.fil.com.mx\/prog\/prog_resul_der.asp?ide=16&amp;idr=3&amp;idsr=1&amp;e=2015&amp;lan=1\">Realismo m\u00e1gico: de M\u00e9xico para el mundo<\/a><\/em>, con\u00a0Ned Beauman y Joanne Harris (yo ser\u00e9 el moderador); tambi\u00e9n en el Pabell\u00f3n del Reino Unido.<\/p>\n<p>&nbsp;<\/p>\n<h3>Mi\u00e9rcoles 2 de diciembre<\/h3>\n<p>20:00 horas \/ Mesa redonda <em><a href=\"https:\/\/www.fil.com.mx\/prog\/prog_resul_der.asp?ide=21&amp;idr=3&amp;idsr=1&amp;e=2015&amp;lan=1\">Una de espantos: el terror, lo sobrenatural y lo g\u00f3tico<\/a><\/em>, con\u00a0John Burnside, Sally Gardner y Louise Welsh (yo ser\u00e9 el moderador), en el Pabell\u00f3n del Reino Unido.<\/p>\n<h3>Jueves 3 de diciembre<\/h3>\n<p>17:00 horas \/ <a href=\"https:\/\/www.fil.com.mx\/prog\/prog_resul_der.asp?ide=5&amp;idr=4&amp;idsr=10&amp;e=2015&amp;lan=1\">Latinoam\u00e9rica viva: charla<\/a>\u00a0con\u00a0<span class=\"bodytext\"><a class=\"lnkautor\">Gabriela Alem\u00e1n<\/a>, <a class=\"lnkautor\">Juan \u00c1lvarez<\/a>, <a class=\"lnkautor\">Rubens Figueiredo<\/a>, Leonardo Padura y\u00a0<a class=\"lnkautor\">Daniel Centeno Maldonado (yo ser\u00e9 el moderador), en el Sal\u00f3n Juan Jos\u00e9 Arreola, planta alta de la Expo Guadalajara.<\/a><\/span><\/p>\n<p>20:00 horas \/ <a href=\"https:\/\/www.fil.com.mx\/prog\/prog_resul_der.asp?ide=156&amp;idr=6&amp;idsr=1&amp;e=2015&amp;lan=1\" target=\"_blank\">Presentaci\u00f3n de <em>Los atacantes<\/em><\/a> (P\u00e1ginas de Espuma) con Ignacio Padilla, Juan Casamayor y yo, en el Sal\u00f3n Mariano Azuela, planta alta de la Expo Guadalajara.<\/p>\n<p><a ref=\"magnificPopup\" href=\"https:\/\/www.lashistorias.com.mx\/wp-content\/uploads\/2015\/09\/Atacantes.jpg\"><img loading=\"lazy\" decoding=\"async\" data-attachment-id=\"11915\" data-permalink=\"https:\/\/www.lashistorias.com.mx\/index.php\/los-atacantes\/atacantes\/\" data-orig-file=\"https:\/\/www.lashistorias.com.mx\/wp-content\/uploads\/2015\/09\/Atacantes.jpg\" data-orig-size=\"542,868\" data-comments-opened=\"1\" data-image-meta=\"{&quot;aperture&quot;:&quot;0&quot;,&quot;credit&quot;:&quot;&quot;,&quot;camera&quot;:&quot;&quot;,&quot;caption&quot;:&quot;&quot;,&quot;created_timestamp&quot;:&quot;0&quot;,&quot;copyright&quot;:&quot;&quot;,&quot;focal_length&quot;:&quot;0&quot;,&quot;iso&quot;:&quot;0&quot;,&quot;shutter_speed&quot;:&quot;0&quot;,&quot;title&quot;:&quot;&quot;,&quot;orientation&quot;:&quot;0&quot;}\" data-image-title=\"Los Atacantes\" data-image-description=\"\" data-image-caption=\"\" data-large-file=\"https:\/\/www.lashistorias.com.mx\/wp-content\/uploads\/2015\/09\/Atacantes.jpg\" class=\"aligncenter size-medium wp-image-11915\" src=\"https:\/\/www.lashistorias.com.mx\/wp-content\/uploads\/2015\/09\/Atacantes-187x300.jpg\" alt=\"Los Atacantes\" width=\"187\" height=\"300\" srcset=\"https:\/\/www.lashistorias.com.mx\/wp-content\/uploads\/2015\/09\/Atacantes-187x300.jpg 187w, https:\/\/www.lashistorias.com.mx\/wp-content\/uploads\/2015\/09\/Atacantes.jpg 542w\" sizes=\"auto, (max-width: 187px) 100vw, 187px\" \/><\/a><\/p>\n<h3>Viernes 4 de diciembre<\/h3>\n<p>11:00 horas \/ Visita a la Preparatoria #8 de Guadalajara, dentro del programa <a href=\"https:\/\/www.fil.com.mx\/prog\/prog_resul_der.asp?ide=93&amp;idr=9&amp;idsr=9&amp;e=2015&amp;lan=1\" target=\"_blank\">Ecos de la FIL<\/a>.<\/p>\n<p>16:00 horas \/ <a href=\"https:\/\/www.fil.com.mx\/prog\/prog_resul_der.asp?ide=105&amp;idr=6&amp;idsr=1&amp;e=2015&amp;lan=1\" target=\"_blank\">Presentaci\u00f3n de <em>El evangelio del ni\u00f1o Fidencio<\/em> <\/a>(Acero\/UANL) de Felipe Montes, en el Sal\u00f3n C del \u00c1rea Internacional.<\/p>\n<p>17:00 horas \/ <em><a href=\"https:\/\/www.fil.com.mx\/prog\/prog_resul_der.asp?ide=1&amp;idr=4&amp;idsr=45&amp;e=2015&amp;lan=1\" target=\"_blank\">\u00bfEl futuro existe todav\u00eda?<\/a><\/em>, mesa redonda sobre ciencia ficci\u00f3n con Emilio Bueso, To\u00f1o Malpica y yo, con Benito Taibo como moderador, en el Sal\u00f3n 2, planta baja de la Expo Guadalajara.<\/p>\n<p>19:00 \/ <a href=\"https:\/\/www.fil.com.mx\/prog\/prog_resul_der.asp?ide=158&amp;idr=6&amp;idsr=1&amp;e=2015&amp;lan=1\" target=\"_blank\">Presentaci\u00f3n de <em>El cuerpo secreto<\/em><\/a> (P\u00e1ginas de Espuma), cuentos de Mariana Torres, con Juan Casamayor y yo, en el Sal\u00f3n Mariano Azuela, planta alta de la Expo Guadalajara.<\/p>\n<h3>S\u00e1bado 5 de diciembre<\/h3>\n<p>11:00 horas \/ <a href=\"https:\/\/www.fil.com.mx\/prog\/prog_resul_der.asp?ide=556&amp;idr=6&amp;idsr=1&amp;e=2015&amp;lan=1\" target=\"_blank\">Presentaci\u00f3n de la antolog\u00eda <em>Mexicanos en una nuez<\/em><\/a> (Posdata) de Paola Tinoco, con Bibiana Camacho, Sergio Andrica\u00edn, la antologadora\u00a0y yo, en el Sal\u00f3n B del \u00c1rea Internacional.<\/p>\n<hr \/>\n<div align=center><iframe loading=\"lazy\" src=\"\/\/giphy.com\/embed\/i8tV2kJB8Gig8\" width=\"480\" height=\"297\" frameBorder=\"0\" class=\"giphy-embed\" allowFullScreen><\/iframe><\/p>\n<p><a href=\"http:\/\/giphy.com\/gifs\/frustrated-fainting-pass-out-i8tV2kJB8Gig8\">v\u00eda GIPHY<\/a><\/p>\n<\/div>\n<hr \/>\n<p>&nbsp;<\/p>\n<p>Y dos recomendaciones: la banda sonora de la serie animada<em> Cowboy Bebop<\/em>, compuesta por Yoko Kanno (seis horas de maravilla):<\/p>\n<p><iframe loading=\"lazy\" src=\"https:\/\/www.youtube.com\/embed\/N82fP5hKZPY\" width=\"560\" height=\"315\" frameborder=\"0\" allowfullscreen=\"allowfullscreen\"><\/iframe><br \/>\n&#8230;y una novela: <em>Dolly City<\/em>, de Orly Castel-Bloom, autora israel\u00ed rar\u00edsima, delirante, divertid\u00edsima. Se dice que Etgar Keret se dedica a recomendar y regalar sus libros y no ser\u00eda de extra\u00f1ar, porque el sentido del humor y la inventiva de los dos son igualmente extraordinarios. \u00c9sta es la historia de una ciudad que\u00a0podr\u00eda ser Tel Aviv o podr\u00eda ser una pesadilla apocal\u00edptica, repleta de ciencia loca, violencia, horror, y risa. Publicada inicialmente en 1992, hay edici\u00f3n en espa\u00f1ol en la editorial <a href=\"http:\/\/shop.turnerlibros.com\/Ent\/Products\/ProductDetail.aspx?ID=580\">Turner<\/a>.<\/p>\n<p><a ref=\"magnificPopup\" href=\"https:\/\/www.lashistorias.com.mx\/wp-content\/uploads\/2015\/11\/libro_1438342271.jpg\"><img loading=\"lazy\" decoding=\"async\" data-attachment-id=\"11972\" data-permalink=\"https:\/\/www.lashistorias.com.mx\/index.php\/tanto-por-hacer-de-aqui-a-la-fil\/libro_1438342271\/\" data-orig-file=\"https:\/\/www.lashistorias.com.mx\/wp-content\/uploads\/2015\/11\/libro_1438342271.jpg\" data-orig-size=\"1476,2244\" data-comments-opened=\"1\" data-image-meta=\"{&quot;aperture&quot;:&quot;0&quot;,&quot;credit&quot;:&quot;&quot;,&quot;camera&quot;:&quot;&quot;,&quot;caption&quot;:&quot;&quot;,&quot;created_timestamp&quot;:&quot;0&quot;,&quot;copyright&quot;:&quot;&quot;,&quot;focal_length&quot;:&quot;0&quot;,&quot;iso&quot;:&quot;0&quot;,&quot;shutter_speed&quot;:&quot;0&quot;,&quot;title&quot;:&quot;&quot;,&quot;orientation&quot;:&quot;0&quot;}\" data-image-title=\"Dolly City\" data-image-description=\"\" data-image-caption=\"\" data-large-file=\"https:\/\/www.lashistorias.com.mx\/wp-content\/uploads\/2015\/11\/libro_1438342271-674x1024.jpg\" class=\"aligncenter size-medium wp-image-11972\" src=\"https:\/\/www.lashistorias.com.mx\/wp-content\/uploads\/2015\/11\/libro_1438342271-197x300.jpg\" alt=\"Dolly City\" width=\"197\" height=\"300\" srcset=\"https:\/\/www.lashistorias.com.mx\/wp-content\/uploads\/2015\/11\/libro_1438342271-197x300.jpg 197w, https:\/\/www.lashistorias.com.mx\/wp-content\/uploads\/2015\/11\/libro_1438342271-674x1024.jpg 674w, https:\/\/www.lashistorias.com.mx\/wp-content\/uploads\/2015\/11\/libro_1438342271.jpg 1476w\" sizes=\"auto, (max-width: 197px) 100vw, 197px\" \/><\/a><\/p>\n<p>&nbsp;[\/fusion_builder_column][\/fusion_builder_row][\/fusion_builder_container]\n","protected":false},"excerpt":{"rendered":"<p>Actividades por venir (\u00a1muchas!) en la FILIJ, la FIL de Guadalajara y otros lugares.<\/p>\n","protected":false},"author":1,"featured_media":11966,"comment_status":"open","ping_status":"open","sticky":false,"template":"","format":"standard","meta":{"advanced_seo_description":"","jetpack_seo_html_title":"","jetpack_seo_noindex":false,"jetpack_post_was_ever_published":false,"_jetpack_newsletter_access":"","_jetpack_dont_email_post_to_subs":true,"_jetpack_newsletter_tier_id":0,"_jetpack_memberships_contains_paywalled_content":false,"_jetpack_memberships_contains_paid_content":false,"footnotes":"","jetpack_publicize_message":"Muchas cosas por venir (invito) de aqu\u00ed a la FIL:","jetpack_publicize_feature_enabled":true,"jetpack_social_post_already_shared":true,"jetpack_social_options":{"image_generator_settings":{"template":"highway","default_image_id":0,"font":"","enabled":false},"version":2}},"categories":[3],"tags":[2918,2919,99,1218,2921,2923,2916,2816,2925,2915,185,25,2917,1613,231,2913,2855,2849,2863,2511,2922,12,469,2924,2914,2878,2920],"class_list":["post-11961","post","type-post","status-publish","format-standard","has-post-thumbnail","hentry","category-lo-nuevo","tag-agenda","tag-calendario","tag-ciencia-ficcion","tag-conferencias","tag-cowboy-bebop","tag-dolly-city","tag-el-cuerpo-secreto","tag-el-evangelio-del-nino-fidencio","tag-emilio-bueso","tag-escenarios-para-el-fin-del-mundo","tag-escritoras","tag-escritores","tag-escritores-del-reino-unido","tag-fil","tag-filij","tag-la-partida","tag-literatura","tag-los-atacantes","tag-musica","tag-noticias","tag-orly-castel-bloom","tag-presentaciones","tag-recomendaciones","tag-reino-unido","tag-solo-cuento-vii","tag-tono-malpica","tag-yoko-kanno"],"jetpack_publicize_connections":[],"jetpack_featured_media_url":"https:\/\/www.lashistorias.com.mx\/wp-content\/uploads\/2015\/11\/LaPartida_Chimal_Final-1.jpg","jetpack_shortlink":"https:\/\/wp.me\/pjEhq-36V","jetpack_sharing_enabled":true,"_links":{"self":[{"href":"https:\/\/www.lashistorias.com.mx\/index.php\/wp-json\/wp\/v2\/posts\/11961","targetHints":{"allow":["GET"]}}],"collection":[{"href":"https:\/\/www.lashistorias.com.mx\/index.php\/wp-json\/wp\/v2\/posts"}],"about":[{"href":"https:\/\/www.lashistorias.com.mx\/index.php\/wp-json\/wp\/v2\/types\/post"}],"author":[{"embeddable":true,"href":"https:\/\/www.lashistorias.com.mx\/index.php\/wp-json\/wp\/v2\/users\/1"}],"replies":[{"embeddable":true,"href":"https:\/\/www.lashistorias.com.mx\/index.php\/wp-json\/wp\/v2\/comments?post=11961"}],"version-history":[{"count":14,"href":"https:\/\/www.lashistorias.com.mx\/index.php\/wp-json\/wp\/v2\/posts\/11961\/revisions"}],"predecessor-version":[{"id":12536,"href":"https:\/\/www.lashistorias.com.mx\/index.php\/wp-json\/wp\/v2\/posts\/11961\/revisions\/12536"}],"wp:featuredmedia":[{"embeddable":true,"href":"https:\/\/www.lashistorias.com.mx\/index.php\/wp-json\/wp\/v2\/media\/11966"}],"wp:attachment":[{"href":"https:\/\/www.lashistorias.com.mx\/index.php\/wp-json\/wp\/v2\/media?parent=11961"}],"wp:term":[{"taxonomy":"category","embeddable":true,"href":"https:\/\/www.lashistorias.com.mx\/index.php\/wp-json\/wp\/v2\/categories?post=11961"},{"taxonomy":"post_tag","embeddable":true,"href":"https:\/\/www.lashistorias.com.mx\/index.php\/wp-json\/wp\/v2\/tags?post=11961"}],"curies":[{"name":"wp","href":"https:\/\/api.w.org\/{rel}","templated":true}]}}