{"id":11907,"date":"2015-10-08T16:26:51","date_gmt":"2015-10-08T21:26:51","guid":{"rendered":"http:\/\/www.lashistorias.com.mx\/?p=11907"},"modified":"2016-10-26T10:19:14","modified_gmt":"2016-10-26T15:19:14","slug":"los-atacantes-en-espana-y-la-imaginacion-en-mexico","status":"publish","type":"post","link":"https:\/\/www.lashistorias.com.mx\/index.php\/los-atacantes-en-espana-y-la-imaginacion-en-mexico\/","title":{"rendered":"<em>Los atacantes<\/em> en Espa\u00f1a y la imaginaci\u00f3n en M\u00e9xico"},"content":{"rendered":"<p><a ref=\"magnificPopup\" href=\"https:\/\/www.lashistorias.com.mx\/wp-content\/uploads\/2015\/09\/figuraciones-de-lo-insolito.jpg\"><img loading=\"lazy\" decoding=\"async\" data-attachment-id=\"11908\" data-permalink=\"https:\/\/www.lashistorias.com.mx\/index.php\/los-atacantes-en-espana-y-la-imaginacion-en-mexico\/figuraciones-de-lo-insolito\/\" data-orig-file=\"https:\/\/www.lashistorias.com.mx\/wp-content\/uploads\/2015\/09\/figuraciones-de-lo-insolito.jpg\" data-orig-size=\"501,570\" data-comments-opened=\"1\" data-image-meta=\"{&quot;aperture&quot;:&quot;0&quot;,&quot;credit&quot;:&quot;&quot;,&quot;camera&quot;:&quot;&quot;,&quot;caption&quot;:&quot;&quot;,&quot;created_timestamp&quot;:&quot;0&quot;,&quot;copyright&quot;:&quot;&quot;,&quot;focal_length&quot;:&quot;0&quot;,&quot;iso&quot;:&quot;0&quot;,&quot;shutter_speed&quot;:&quot;0&quot;,&quot;title&quot;:&quot;&quot;,&quot;orientation&quot;:&quot;0&quot;}\" data-image-title=\"figuraciones-de-lo-insolito\" data-image-description=\"\" data-image-caption=\"\" data-large-file=\"https:\/\/www.lashistorias.com.mx\/wp-content\/uploads\/2015\/09\/figuraciones-de-lo-insolito.jpg\" src=\"https:\/\/www.lashistorias.com.mx\/wp-content\/uploads\/2015\/09\/figuraciones-de-lo-insolito.jpg\" alt=\"figuraciones-de-lo-insolito\" width=\"501\" height=\"570\" class=\"aligncenter size-full wp-image-11908\" srcset=\"https:\/\/www.lashistorias.com.mx\/wp-content\/uploads\/2015\/09\/figuraciones-de-lo-insolito.jpg 501w, https:\/\/www.lashistorias.com.mx\/wp-content\/uploads\/2015\/09\/figuraciones-de-lo-insolito-264x300.jpg 264w\" sizes=\"auto, (max-width: 501px) 100vw, 501px\" \/><\/a><\/p>\n<p>Ma\u00f1ana, 9 de octubre, salgo a Espa\u00f1a: estar\u00e9 en Madrid para promover <a href=\"https:\/\/www.lashistorias.com.mx\/index.php\/archivo\/los-atacantes\/\"><em>Los atacantes<\/em><\/a>, mi nuevo libro de cuentos, reci\u00e9n aparecido en la estupenda editorial espa\u00f1ola P\u00e1ginas de Espuma. Adem\u00e1s, voy a las II Jornadas \u00abFiguraciones de lo ins\u00f3lito en las Literaturas Espa\u00f1ola e Hispanoamericana\u00bb, organizadas por la Facultad de Filosof\u00eda y Letras de la Universidad de Le\u00f3n, y tambi\u00e9n a Sevilla, al X Recital Chilango Andaluz. Los programas completos de estos eventos, y los detalles de por d\u00f3nde andar\u00e9, a continuaci\u00f3n:<\/p>\n<p><strong>SEVILLA<\/strong> (<a href=\"http:\/\/recitalchilangoandaluz.blogspot.mx\/2015\/09\/10-rca-recitalchilango-andaluz-mexes.html\">programa completo<\/a>)<br \/>\n<em>Lunes 12 de octubre<\/em><br \/>\nCasa Ensambl\u00e1 (Clavellinas 14)<\/p>\n<p>20:30 horas<br \/>\nDar\u00edo Villas\u00eds &#8211; Exposici\u00f3n &#8216;Oda a la Vida&#8217;.<br \/>\nFausto Esparza &#8211; Exposici\u00f3n (M\u00e9xico)<br \/>\nLectura de textos:<br \/>\nAlberto Chimal (M\u00e9xico)<br \/>\nJavier S\u00e1nchez Men\u00e9ndez<br \/>\nIsrael Pintor (M\u00e9xico)<br \/>\nCarlos Wamba<br \/>\n[fusion_builder_container hundred_percent=\u00bbyes\u00bb overflow=\u00bbvisible\u00bb][fusion_builder_row][fusion_builder_column type=\u00bb1_1&#8243; background_position=\u00bbleft top\u00bb background_color=\u00bb\u00bb border_size=\u00bb\u00bb border_color=\u00bb\u00bb border_style=\u00bbsolid\u00bb spacing=\u00bbyes\u00bb background_image=\u00bb\u00bb background_repeat=\u00bbno-repeat\u00bb padding=\u00bb\u00bb margin_top=\u00bb0px\u00bb margin_bottom=\u00bb0px\u00bb class=\u00bb\u00bb id=\u00bb\u00bb animation_type=\u00bb\u00bb animation_speed=\u00bb0.3&#8243; animation_direction=\u00bbleft\u00bb hide_on_mobile=\u00bbno\u00bb center_content=\u00bbno\u00bb min_height=\u00bbnone\u00bb][Donaci\u00f3n sugerida 2\u20ac]\n<p><strong>LE\u00d3N<\/strong> (<a href=\"http:\/\/bibliotecas.unileon.es\/tULEctura\/2015\/09\/21\/3787\/\">programa completo, detalles de transmisi\u00f3n e inscripciones<\/a>)<br \/>\n<em>Viernes 16 de octubre<\/em><br \/>\nAula Magna de la Facultad de Filosof\u00eda y Letras<\/p>\n<p>12:00 horas<br \/>\nConferencia \u00abLa imaginaci\u00f3n en M\u00e9xico\u00bb<br \/>\ncon Alberto Chimal<\/p>\n<p>17:00 horas<br \/>\nMesa redonda \u00abEscritores de la imaginaci\u00f3n\u00bb<br \/>\nAlberto Chimal, Patricia Esteban Erl\u00e9s y Juan Jacinto Mu\u00f1oz Rengel<\/p>\n<p>19:00 horas<br \/>\nVelada fant\u00e1stica y homenaje a la editorial P\u00e1ginas de Espuma<br \/>\nLectura de textos con Alberto Chimal, Patricia Esteban Erl\u00e9s y Juan Jacinto Mu\u00f1oz Rengel<\/p>\n<p>Si gustan, nos vemos por all\u00e1. No se sorprendan, si me encuentran, de verme sonre\u00edr: este es un viaje largamente esperado por varias razones, que incluyen ver un libro nuevo puesto a disposici\u00f3n de lectores de ambos lados del Atl\u00e1ntico&#8230;, y de la mano de P\u00e1ginas de Espuma, una editorial que le ha apostado siempre al cuento como g\u00e9nero y como posibilidad de apasionar y sorprender. (Y adem\u00e1s, en la Universidad de Le\u00f3n prepararon <a href=\"http:\/\/bibliotecas.unileon.es\/tULEctura\/tag\/los-atacantes\/\">este <em>dossier <\/em>estupendo<\/a> alrededor de Los atacantes&#8230;)<\/p>\n<p>En cuanto los tenga, aqu\u00ed estar\u00e1n los datos de las cosas por hacer que tambi\u00e9n habr\u00e1 en Madrid.<\/p>\n<p>Muchas gracias a Juan Casamayor, Pablo Raphael, Eloy Barajas, Natalia \u00c1lvarez M\u00e9ndez e Iv\u00e1n Vergara.[\/fusion_builder_column][\/fusion_builder_row][\/fusion_builder_container]\n","protected":false},"excerpt":{"rendered":"<p>Este octubre, a Espa\u00f1a, a promover <em>Los atacantes<\/em> y a participar en eventos en Le\u00f3n y Sevilla. All\u00e1 nos vemos&#8230;<\/p>\n","protected":false},"author":1,"featured_media":11908,"comment_status":"open","ping_status":"open","sticky":false,"template":"","format":"standard","meta":{"advanced_seo_description":"","jetpack_seo_html_title":"","jetpack_seo_noindex":false,"jetpack_post_was_ever_published":false,"_jetpack_newsletter_access":"","_jetpack_dont_email_post_to_subs":true,"_jetpack_newsletter_tier_id":0,"_jetpack_memberships_contains_paywalled_content":false,"_jetpack_memberships_contains_paid_content":false,"footnotes":"","jetpack_publicize_message":"#LosAtacantes se van a Espa\u00f1a y yo tambi\u00e9n, a hablar de la imaginaci\u00f3n en M\u00e9xico.","jetpack_publicize_feature_enabled":true,"jetpack_social_post_already_shared":true,"jetpack_social_options":{"image_generator_settings":{"template":"highway","default_image_id":0,"font":"","enabled":false},"version":2}},"categories":[3],"tags":[2900,2898,2902,2899,2625,1821,2849,2895,2901,2511,426,12,2896,469,2894,2897],"class_list":["post-11907","post","type-post","status-publish","format-standard","has-post-thumbnail","hentry","category-lo-nuevo","tag-eloy-barajas","tag-figuraciones-de-lo-insolito-en-las-literaturas-espanola-e-hispanoamericana","tag-ivan-vergara","tag-juan-casamayor","tag-leon","tag-libros","tag-los-atacantes","tag-madrid","tag-natalia-alvarez-mendez","tag-noticias","tag-pablo-raphael","tag-presentaciones","tag-recital-chilango-andaluz","tag-recomendaciones","tag-sevilla","tag-universidad-de-leon"],"jetpack_publicize_connections":[],"jetpack_featured_media_url":"https:\/\/www.lashistorias.com.mx\/wp-content\/uploads\/2015\/09\/figuraciones-de-lo-insolito.jpg","jetpack_shortlink":"https:\/\/wp.me\/pjEhq-363","jetpack_sharing_enabled":true,"_links":{"self":[{"href":"https:\/\/www.lashistorias.com.mx\/index.php\/wp-json\/wp\/v2\/posts\/11907","targetHints":{"allow":["GET"]}}],"collection":[{"href":"https:\/\/www.lashistorias.com.mx\/index.php\/wp-json\/wp\/v2\/posts"}],"about":[{"href":"https:\/\/www.lashistorias.com.mx\/index.php\/wp-json\/wp\/v2\/types\/post"}],"author":[{"embeddable":true,"href":"https:\/\/www.lashistorias.com.mx\/index.php\/wp-json\/wp\/v2\/users\/1"}],"replies":[{"embeddable":true,"href":"https:\/\/www.lashistorias.com.mx\/index.php\/wp-json\/wp\/v2\/comments?post=11907"}],"version-history":[{"count":8,"href":"https:\/\/www.lashistorias.com.mx\/index.php\/wp-json\/wp\/v2\/posts\/11907\/revisions"}],"predecessor-version":[{"id":12537,"href":"https:\/\/www.lashistorias.com.mx\/index.php\/wp-json\/wp\/v2\/posts\/11907\/revisions\/12537"}],"wp:featuredmedia":[{"embeddable":true,"href":"https:\/\/www.lashistorias.com.mx\/index.php\/wp-json\/wp\/v2\/media\/11908"}],"wp:attachment":[{"href":"https:\/\/www.lashistorias.com.mx\/index.php\/wp-json\/wp\/v2\/media?parent=11907"}],"wp:term":[{"taxonomy":"category","embeddable":true,"href":"https:\/\/www.lashistorias.com.mx\/index.php\/wp-json\/wp\/v2\/categories?post=11907"},{"taxonomy":"post_tag","embeddable":true,"href":"https:\/\/www.lashistorias.com.mx\/index.php\/wp-json\/wp\/v2\/tags?post=11907"}],"curies":[{"name":"wp","href":"https:\/\/api.w.org\/{rel}","templated":true}]}}