{"id":11789,"date":"2015-08-27T21:19:06","date_gmt":"2015-08-28T02:19:06","guid":{"rendered":"http:\/\/www.lashistorias.com.mx\/?p=11789"},"modified":"2016-10-26T10:19:20","modified_gmt":"2016-10-26T15:19:20","slug":"de-las-grandes-reformas","status":"publish","type":"post","link":"https:\/\/www.lashistorias.com.mx\/index.php\/de-las-grandes-reformas\/","title":{"rendered":"De las Grandes Reformas"},"content":{"rendered":"<p>Hace rato me dio por colgar en redes sociales (lo hago de vez en vez) un enlace a alg\u00fan texto del archivo en esta bit\u00e1cora. Siguiendo el hilo de una conversaci\u00f3n, fuera de l\u00ednea, sobre el poder judicial, y tras haber escuchado en la radio uno de tantos anuncios gubernamentales que hablan, al parecer, de un mundo paralelo cuyo M\u00e9xico va de maravilla, record\u00e9 <a href=\"https:\/\/www.lashistorias.com.mx\/index.php\/archivo\/cronica-del-gran-reformador\/\">\u00abCr\u00f3nica del Gran Reformador\u00bb<\/a> de H\u00e9ctor Chavarr\u00eda, aquel cuento \u2013cl\u00e1sico subterr\u00e1neo, de la muy mal entendida ciencia ficci\u00f3n nacional\u2013 en el que los aztecas conquistan Europa creando una realidad alterna. \u00c9sta apenas se vislumbra, pero en ella la cultura mexica predomina en el mundo entero, env\u00eda sondas a otros planetas y tiene un desarrollo tecnol\u00f3gico, y filos\u00f3fico, que parece superar a los del Occidente de nuestro mundo \u00abreal\u00bb.<br \/>\n&nbsp;&nbsp;&nbsp;&nbsp;&nbsp;&nbsp;Puse el enlace, y pienso ahora, como hace rato, que el mero acto de proponer una narraci\u00f3n triunfal para las culturas originarias de este pa\u00eds tiene que ser un acto provocador: va en contra de siglos de prejuicios fomentados por el racismo nacional.<br \/>\n&nbsp;&nbsp;&nbsp;&nbsp;&nbsp;&nbsp;Por otra parte, hay un detalle que cabe considerar: si bien el texto est\u00e1 escrito en espa\u00f1ol, que es la lengua materna del autor y aquella en la que ha creado toda su obra, se supone escrito desde esa <em>otra<\/em> realidad en la que todos hablan n\u00e1huatl y tienen nombres semejantes a los de los antiguos aztecas. Estar\u00eda \u2013en su propio mundo ficcional\u2013 escrito en n\u00e1huatl. Pero hasta donde s\u00e9 el cuento no ha sido traducido nunca: ni al n\u00e1huatl ni a ninguna otra lengua.<br \/>\n&nbsp;&nbsp;&nbsp;&nbsp;&nbsp;&nbsp;Fuera de M\u00e9xico, traducida a otras de las lenguas occidentales, la narraci\u00f3n de Chavarr\u00eda podr\u00eda tal vez insertarse en el movimiento, <a href=\"http:\/\/www.akashicbooks.com\/catalog\/mexico-city-noir\/\">todav\u00eda en sus comienzos<\/a>, de <a href=\"http:\/\/smallbeerpress.com\/books\/2012\/01\/24\/three-messages-and-a-warning\/\">traducci\u00f3n de autores mexicanos<\/a> <a href=\"http:\/\/www.apexbookcompany.com\/products\/the-apex-book-of-world-sf-4\">ajenos a las \u00e9lites<\/a> establecidas y los subg\u00e9neros \u00abautorizados\u00bb durante el siglo pasado de la literatura nacional. Pero creo que ser\u00eda a\u00fan m\u00e1s importante que la reflexi\u00f3n sobre la historia que propone el texto de Chavarr\u00eda \u2013y que otros m\u00e1s podr\u00edan proponer tambi\u00e9n\u2013 se abriera paso entre los hablantes de las lenguas mexicanas. \u00bfCu\u00e1l ser\u00eda la lectura de la ucron\u00eda propuesta en \u00abCr\u00f3nica del Gran Reformador\u00bb entre los hablantes del n\u00e1huatl? \u00bfO, para el caso, del mixe, o del zapoteco, o del tzotzil?<br \/>\n&nbsp;&nbsp;&nbsp;&nbsp;&nbsp;&nbsp;Apenas hay <a href=\"http:\/\/www.lja.mx\/2014\/05\/sobre-la-coleccion-lileeme-literatura-en-lenguas-mexicanas\/\">traducciones<\/a> de la literatura mexicana en espa\u00f1ol a <a href=\"http:\/\/www.lileeme.com\/\">esas lenguas<\/a>. Y apenas hay atenci\u00f3n a lo escrito inicialmente en ellas, en especial si sale de cierto conjunto de temas preestablecidos desde fuera de ellas: de una visi\u00f3n, francamente colonialista, de lo que las lenguas mexicanas <a href=\"http:\/\/leecirce.com\/yasnaya-aguilar-gil\/\">tienen autorizaci\u00f3n a decir<\/a>.<br \/>\n&nbsp;&nbsp;&nbsp;&nbsp;&nbsp;&nbsp;Si no una traducci\u00f3n del texto de Chavarr\u00eda, s\u00ed ser\u00eda interesante (provocador, contestatario: necesario) que existieran otras ucron\u00edas semejantes escritas en las lenguas originarias de M\u00e9xico, y disponibles para los hablantes de esas lenguas. <\/p>\n[fusion_builder_container hundred_percent=\u00bbyes\u00bb overflow=\u00bbvisible\u00bb][fusion_builder_row][fusion_builder_column type=\u00bb1_1&#8243; background_position=\u00bbleft top\u00bb background_color=\u00bb\u00bb border_size=\u00bb\u00bb border_color=\u00bb\u00bb border_style=\u00bbsolid\u00bb spacing=\u00bbyes\u00bb background_image=\u00bb\u00bb background_repeat=\u00bbno-repeat\u00bb padding=\u00bb\u00bb margin_top=\u00bb0px\u00bb margin_bottom=\u00bb0px\u00bb class=\u00bb\u00bb id=\u00bb\u00bb animation_type=\u00bb\u00bb animation_speed=\u00bb0.3&#8243; animation_direction=\u00bbleft\u00bb hide_on_mobile=\u00bbno\u00bb center_content=\u00bbno\u00bb min_height=\u00bbnone\u00bb]<figure id=\"attachment_11790\" aria-describedby=\"caption-attachment-11790\" style=\"width: 669px\" class=\"wp-caption aligncenter\"><a ref=\"magnificPopup\" href=\"https:\/\/www.lashistorias.com.mx\/wp-content\/uploads\/2015\/08\/Fundacion_de_la_Ciudad_de_Mexico-Extracto_del_codice_Duran.jpg\"><img loading=\"lazy\" decoding=\"async\" data-attachment-id=\"11790\" data-permalink=\"https:\/\/www.lashistorias.com.mx\/index.php\/de-las-grandes-reformas\/fundacion_de_la_ciudad_de_mexico-extracto_del_codice_duran\/\" data-orig-file=\"https:\/\/www.lashistorias.com.mx\/wp-content\/uploads\/2015\/08\/Fundacion_de_la_Ciudad_de_Mexico-Extracto_del_codice_Duran.jpg\" data-orig-size=\"1333,802\" data-comments-opened=\"1\" data-image-meta=\"{&quot;aperture&quot;:&quot;0&quot;,&quot;credit&quot;:&quot;&quot;,&quot;camera&quot;:&quot;&quot;,&quot;caption&quot;:&quot;&quot;,&quot;created_timestamp&quot;:&quot;0&quot;,&quot;copyright&quot;:&quot;&quot;,&quot;focal_length&quot;:&quot;0&quot;,&quot;iso&quot;:&quot;0&quot;,&quot;shutter_speed&quot;:&quot;0&quot;,&quot;title&quot;:&quot;&quot;,&quot;orientation&quot;:&quot;0&quot;}\" data-image-title=\"Fundacion_de_la_Ciudad_de_Mexico-Extracto_del_codice_Duran\" data-image-description=\"\" data-image-caption=\"&lt;p&gt;Fundacion de la Ciudad de M\u00e9xico-Tenochtitlan (Extracto del Codice Dur\u00e1n)&lt;\/p&gt;\n\" data-large-file=\"https:\/\/www.lashistorias.com.mx\/wp-content\/uploads\/2015\/08\/Fundacion_de_la_Ciudad_de_Mexico-Extracto_del_codice_Duran-1024x616.jpg\" src=\"https:\/\/www.lashistorias.com.mx\/wp-content\/uploads\/2015\/08\/Fundacion_de_la_Ciudad_de_Mexico-Extracto_del_codice_Duran-1024x616.jpg\" alt=\"Fundacion de la Ciudad de M\u00e9xico-Tenochtitlan (Extracto del Codice Dur\u00e1n)\" width=\"669\" height=\"402\" class=\"size-large wp-image-11790\" srcset=\"https:\/\/www.lashistorias.com.mx\/wp-content\/uploads\/2015\/08\/Fundacion_de_la_Ciudad_de_Mexico-Extracto_del_codice_Duran-1024x616.jpg 1024w, https:\/\/www.lashistorias.com.mx\/wp-content\/uploads\/2015\/08\/Fundacion_de_la_Ciudad_de_Mexico-Extracto_del_codice_Duran-300x180.jpg 300w, https:\/\/www.lashistorias.com.mx\/wp-content\/uploads\/2015\/08\/Fundacion_de_la_Ciudad_de_Mexico-Extracto_del_codice_Duran.jpg 1333w\" sizes=\"auto, (max-width: 669px) 100vw, 669px\" \/><\/a><figcaption id=\"caption-attachment-11790\" class=\"wp-caption-text\">Fundacion de la Ciudad de M\u00e9xico-Tenochtitlan (Extracto del Codice Dur\u00e1n)<\/figcaption><\/figure>\n<p>* * *<\/p>\n<p>Recomendaci\u00f3n: <em><a href=\"http:\/\/www.bookdepository.com\/Seveneves-Neal-Stephenson\/9780008132514\">Seveneves<\/a><\/em>, una novela de Neal Stephenson, narrador estadounidense famoso como miembro de la \u00faltima generaci\u00f3n del movimiento Cyberpunk (<em>Snowcrash<\/em>, <em>Cryptonomicon<\/em>). Esta novela es ciencia ficci\u00f3n de la vieja escuela: le importan menos los \u00abdeberes\u00bb convencionales de la construcci\u00f3n novelesca que el especular con grandes ideas: la novela comienza \u00abLa Luna explot\u00f3 sin aviso y sin raz\u00f3n aparente\u00bb y el hecho precipita la devastaci\u00f3n total de la superficie terrestre: s\u00f3lo un pu\u00f1ado de personas consigue abandonarla y sobrevivir en el espacio. Sin embargo se trata de ideas de hoy, ancladas en <a href=\"https:\/\/lareviewofbooks.org\/essay\/neal-stephensons-ideal-forms\">consideraciones profundas<\/a>: la supervivencia de las sociedades y de la especie ante una crisis inevitable y apocal\u00edptica, el enfrentamiento de la pol\u00edtica y la ciencia, los caminos que todav\u00eda pueden tomar la civilizaci\u00f3n y la reproducci\u00f3n humanas. Ah, y casi todos los personajes importantes son mujeres, al contrario de lo que suced\u00eda <a href=\"http:\/\/www.wired.com\/2015\/08\/won-science-fictions-hugo-awards-matters\/\">en otros tiempos<\/a> de este tipo de literatura.<\/p>\n<p><a ref=\"magnificPopup\" href=\"https:\/\/www.lashistorias.com.mx\/wp-content\/uploads\/2015\/08\/Seveneves.png\"><img loading=\"lazy\" decoding=\"async\" data-attachment-id=\"11792\" data-permalink=\"https:\/\/www.lashistorias.com.mx\/index.php\/de-las-grandes-reformas\/seveneves\/\" data-orig-file=\"https:\/\/www.lashistorias.com.mx\/wp-content\/uploads\/2015\/08\/Seveneves.png\" data-orig-size=\"510,660\" data-comments-opened=\"1\" data-image-meta=\"{&quot;aperture&quot;:&quot;0&quot;,&quot;credit&quot;:&quot;&quot;,&quot;camera&quot;:&quot;&quot;,&quot;caption&quot;:&quot;&quot;,&quot;created_timestamp&quot;:&quot;0&quot;,&quot;copyright&quot;:&quot;&quot;,&quot;focal_length&quot;:&quot;0&quot;,&quot;iso&quot;:&quot;0&quot;,&quot;shutter_speed&quot;:&quot;0&quot;,&quot;title&quot;:&quot;&quot;,&quot;orientation&quot;:&quot;0&quot;}\" data-image-title=\"Seveneves\" data-image-description=\"\" data-image-caption=\"\" data-large-file=\"https:\/\/www.lashistorias.com.mx\/wp-content\/uploads\/2015\/08\/Seveneves.png\" src=\"https:\/\/www.lashistorias.com.mx\/wp-content\/uploads\/2015\/08\/Seveneves.png\" alt=\"Seveneves\" width=\"510\" height=\"660\" class=\"aligncenter size-full wp-image-11792\" srcset=\"https:\/\/www.lashistorias.com.mx\/wp-content\/uploads\/2015\/08\/Seveneves.png 510w, https:\/\/www.lashistorias.com.mx\/wp-content\/uploads\/2015\/08\/Seveneves-232x300.png 232w\" sizes=\"auto, (max-width: 510px) 100vw, 510px\" \/><\/a>[\/fusion_builder_column][\/fusion_builder_row][\/fusion_builder_container]\n","protected":false},"excerpt":{"rendered":"<p>&#8230;o Por qu\u00e9 deber\u00eda existir ciencia ficci\u00f3n escrita en las lenguas originarias de M\u00e9xico.<\/p>\n","protected":false},"author":1,"featured_media":11790,"comment_status":"open","ping_status":"open","sticky":false,"template":"","format":"standard","meta":{"advanced_seo_description":"","jetpack_seo_html_title":"","jetpack_seo_noindex":false,"jetpack_post_was_ever_published":false,"_jetpack_newsletter_access":"","_jetpack_dont_email_post_to_subs":true,"_jetpack_newsletter_tier_id":0,"_jetpack_memberships_contains_paywalled_content":false,"_jetpack_memberships_contains_paid_content":false,"footnotes":"","jetpack_publicize_message":"Por qu\u00e9 deber\u00eda existir #CienciaFicci\u00f3n escrita en las lenguas originarias de M\u00e9xico:","jetpack_publicize_feature_enabled":true,"jetpack_social_post_already_shared":true,"jetpack_social_options":{"image_generator_settings":{"template":"highway","default_image_id":0,"font":"","enabled":false},"version":2}},"categories":[1520],"tags":[99,2843,2866,2842,2872,2871,2855,2291,2870,1667,443,2874,469,2873,530],"class_list":["post-11789","post","type-post","status-publish","format-standard","has-post-thumbnail","hentry","category-cuaderno","tag-ciencia-ficcion","tag-cronica-del-gran-reformador","tag-cuaderno","tag-hector-chavarria","tag-lenguas-mexicanas","tag-lenguas-originarias","tag-literatura","tag-literatura-de-imaginacion","tag-narrativa-especulativa","tag-neal-stephenson","tag-politica","tag-por-que-deberia-existir-ciencia-ficcion-escrita-en-las-lenguas-originarias-de-mexico","tag-recomendaciones","tag-seveneves","tag-traducciones"],"jetpack_publicize_connections":[],"jetpack_featured_media_url":"https:\/\/www.lashistorias.com.mx\/wp-content\/uploads\/2015\/08\/Fundacion_de_la_Ciudad_de_Mexico-Extracto_del_codice_Duran.jpg","jetpack_shortlink":"https:\/\/wp.me\/pjEhq-349","jetpack_sharing_enabled":true,"_links":{"self":[{"href":"https:\/\/www.lashistorias.com.mx\/index.php\/wp-json\/wp\/v2\/posts\/11789","targetHints":{"allow":["GET"]}}],"collection":[{"href":"https:\/\/www.lashistorias.com.mx\/index.php\/wp-json\/wp\/v2\/posts"}],"about":[{"href":"https:\/\/www.lashistorias.com.mx\/index.php\/wp-json\/wp\/v2\/types\/post"}],"author":[{"embeddable":true,"href":"https:\/\/www.lashistorias.com.mx\/index.php\/wp-json\/wp\/v2\/users\/1"}],"replies":[{"embeddable":true,"href":"https:\/\/www.lashistorias.com.mx\/index.php\/wp-json\/wp\/v2\/comments?post=11789"}],"version-history":[{"count":15,"href":"https:\/\/www.lashistorias.com.mx\/index.php\/wp-json\/wp\/v2\/posts\/11789\/revisions"}],"predecessor-version":[{"id":12542,"href":"https:\/\/www.lashistorias.com.mx\/index.php\/wp-json\/wp\/v2\/posts\/11789\/revisions\/12542"}],"wp:featuredmedia":[{"embeddable":true,"href":"https:\/\/www.lashistorias.com.mx\/index.php\/wp-json\/wp\/v2\/media\/11790"}],"wp:attachment":[{"href":"https:\/\/www.lashistorias.com.mx\/index.php\/wp-json\/wp\/v2\/media?parent=11789"}],"wp:term":[{"taxonomy":"category","embeddable":true,"href":"https:\/\/www.lashistorias.com.mx\/index.php\/wp-json\/wp\/v2\/categories?post=11789"},{"taxonomy":"post_tag","embeddable":true,"href":"https:\/\/www.lashistorias.com.mx\/index.php\/wp-json\/wp\/v2\/tags?post=11789"}],"curies":[{"name":"wp","href":"https:\/\/api.w.org\/{rel}","templated":true}]}}