{"id":11723,"date":"2015-07-08T12:00:28","date_gmt":"2015-07-08T17:00:28","guid":{"rendered":"http:\/\/www.lashistorias.com.mx\/?p=11723"},"modified":"2016-10-26T10:19:20","modified_gmt":"2016-10-26T15:19:20","slug":"ganadores-del-concurso-109","status":"publish","type":"post","link":"https:\/\/www.lashistorias.com.mx\/index.php\/ganadores-del-concurso-109\/","title":{"rendered":"Ganadores del concurso #109"},"content":{"rendered":"<p>He aqu\u00ed a la ganadora y las menciones honor\u00edficas del concurso #109 de minificci\u00f3n o microrrelato de esta bit\u00e1cora.<\/p>\n<p>Gana el premio <a href=\"https:\/\/www.lashistorias.com.mx\/index.php\/archivo\/concurso-109\/#comment-30773\">\u201cLa espera\u201d<\/a> de Paula Romero, por convertir lo que parec\u00eda un relato convencional (el de un sue\u00f1o, comparado con la vigilia) en algo a la vez m\u00e1s inusitado y m\u00e1s cl\u00e1sico.<\/p>\n<p>Y reciben menci\u00f3n <a href=\"https:\/\/www.lashistorias.com.mx\/index.php\/archivo\/concurso-109\/#comment-30878\">\u201cAnuncios clasificados\u201d<\/a> de Iv\u00e1n Landazuri, el <a href=\"https:\/\/www.lashistorias.com.mx\/index.php\/archivo\/concurso-109\/#comment-30876\">texto sin t\u00edtulo<\/a> de Fernando Brambila, <a href=\"https:\/\/www.lashistorias.com.mx\/index.php\/archivo\/concurso-109\/#comment-30557\">\u201cLaberinto de laberintos\u201d<\/a> de Pl\u00e1cido Romero y el <a href=\"https:\/\/www.lashistorias.com.mx\/index.php\/archivo\/concurso-109\/#comment-30655\">texto sin t\u00edtulo<\/a> de Maynn\u00e9 Cort\u00e9s.<\/p>\n<p>Muchas felicidades a la ganadora, as\u00ed como a quienes recibieron menciones, y gracias a todos los participantes. Hoy en la noche, las bases del siguiente concurso.<\/p>\n<p>(La foto, por cierto, es de la maqueta que aparece en <em>El resplandor<\/em> de Stanley Kubrick.)<\/p>\n<p><a ref=\"magnificPopup\" href=\"https:\/\/www.lashistorias.com.mx\/wp-content\/uploads\/2015\/06\/Laberinto2.jpg\"><img loading=\"lazy\" decoding=\"async\" data-attachment-id=\"11672\" data-permalink=\"https:\/\/www.lashistorias.com.mx\/index.php\/concurso-109\/laberinto2\/\" data-orig-file=\"https:\/\/www.lashistorias.com.mx\/wp-content\/uploads\/2015\/06\/Laberinto2.jpg\" data-orig-size=\"3120,3550\" data-comments-opened=\"1\" data-image-meta=\"{&quot;aperture&quot;:&quot;0&quot;,&quot;credit&quot;:&quot;&quot;,&quot;camera&quot;:&quot;&quot;,&quot;caption&quot;:&quot;&quot;,&quot;created_timestamp&quot;:&quot;0&quot;,&quot;copyright&quot;:&quot;&quot;,&quot;focal_length&quot;:&quot;0&quot;,&quot;iso&quot;:&quot;0&quot;,&quot;shutter_speed&quot;:&quot;0&quot;,&quot;title&quot;:&quot;&quot;,&quot;orientation&quot;:&quot;0&quot;}\" data-image-title=\"Laberinto2\" data-image-description=\"\" data-image-caption=\"\" data-large-file=\"https:\/\/www.lashistorias.com.mx\/wp-content\/uploads\/2015\/06\/Laberinto2-900x1024.jpg\" src=\"https:\/\/www.lashistorias.com.mx\/wp-content\/uploads\/2015\/06\/Laberinto2-900x1024.jpg\" alt=\"Laberinto2\" width=\"669\" height=\"761\" class=\"aligncenter size-large wp-image-11672\" srcset=\"https:\/\/www.lashistorias.com.mx\/wp-content\/uploads\/2015\/06\/Laberinto2-900x1024.jpg 900w, https:\/\/www.lashistorias.com.mx\/wp-content\/uploads\/2015\/06\/Laberinto2-264x300.jpg 264w\" sizes=\"auto, (max-width: 669px) 100vw, 669px\" \/><\/a><\/p>\n","protected":false},"excerpt":{"rendered":"<p>Una ganadora y cuatro menciones en el concurso de minificci\u00f3n (o microrrelato) de junio de 2015 en Las Historias.<\/p>\n","protected":false},"author":1,"featured_media":11672,"comment_status":"open","ping_status":"open","sticky":false,"template":"","format":"standard","meta":{"advanced_seo_description":"","jetpack_seo_html_title":"","jetpack_seo_noindex":false,"jetpack_post_was_ever_published":false,"_jetpack_newsletter_access":"","_jetpack_dont_email_post_to_subs":true,"_jetpack_newsletter_tier_id":0,"_jetpack_memberships_contains_paywalled_content":false,"_jetpack_memberships_contains_paid_content":false,"footnotes":"","jetpack_publicize_message":"Ya est\u00e1n aqu\u00ed los ganadores del concurso #109 de Las Historias.","jetpack_publicize_feature_enabled":true,"jetpack_social_post_already_shared":true,"jetpack_social_options":{"image_generator_settings":{"template":"highway","default_image_id":0,"font":"","enabled":false},"version":2}},"categories":[557],"tags":[2865,2549,397],"class_list":["post-11723","post","type-post","status-publish","format-standard","has-post-thumbnail","hentry","category-concurso","tag-concurso","tag-microrrelato","tag-minificcion"],"jetpack_publicize_connections":[],"jetpack_featured_media_url":"https:\/\/www.lashistorias.com.mx\/wp-content\/uploads\/2015\/06\/Laberinto2.jpg","jetpack_shortlink":"https:\/\/wp.me\/pjEhq-335","jetpack_sharing_enabled":true,"_links":{"self":[{"href":"https:\/\/www.lashistorias.com.mx\/index.php\/wp-json\/wp\/v2\/posts\/11723","targetHints":{"allow":["GET"]}}],"collection":[{"href":"https:\/\/www.lashistorias.com.mx\/index.php\/wp-json\/wp\/v2\/posts"}],"about":[{"href":"https:\/\/www.lashistorias.com.mx\/index.php\/wp-json\/wp\/v2\/types\/post"}],"author":[{"embeddable":true,"href":"https:\/\/www.lashistorias.com.mx\/index.php\/wp-json\/wp\/v2\/users\/1"}],"replies":[{"embeddable":true,"href":"https:\/\/www.lashistorias.com.mx\/index.php\/wp-json\/wp\/v2\/comments?post=11723"}],"version-history":[{"count":2,"href":"https:\/\/www.lashistorias.com.mx\/index.php\/wp-json\/wp\/v2\/posts\/11723\/revisions"}],"predecessor-version":[{"id":11725,"href":"https:\/\/www.lashistorias.com.mx\/index.php\/wp-json\/wp\/v2\/posts\/11723\/revisions\/11725"}],"wp:featuredmedia":[{"embeddable":true,"href":"https:\/\/www.lashistorias.com.mx\/index.php\/wp-json\/wp\/v2\/media\/11672"}],"wp:attachment":[{"href":"https:\/\/www.lashistorias.com.mx\/index.php\/wp-json\/wp\/v2\/media?parent=11723"}],"wp:term":[{"taxonomy":"category","embeddable":true,"href":"https:\/\/www.lashistorias.com.mx\/index.php\/wp-json\/wp\/v2\/categories?post=11723"},{"taxonomy":"post_tag","embeddable":true,"href":"https:\/\/www.lashistorias.com.mx\/index.php\/wp-json\/wp\/v2\/tags?post=11723"}],"curies":[{"name":"wp","href":"https:\/\/api.w.org\/{rel}","templated":true}]}}