{"id":117,"date":"2006-09-05T00:00:05","date_gmt":"2006-09-05T04:00:05","guid":{"rendered":"http:\/\/www.lashistorias.com.mx\/blog\/?p=138"},"modified":"2016-10-26T10:24:48","modified_gmt":"2016-10-26T15:24:48","slug":"varios-avisos","status":"publish","type":"post","link":"https:\/\/www.lashistorias.com.mx\/index.php\/varios-avisos\/","title":{"rendered":"Varios avisos"},"content":{"rendered":"<p>1. Confirmado: <em>Grey<\/em> se presentar\u00e1 este mi\u00e9rcoles 13, a las 19:00 horas, en el sal\u00f3n de usos m\u00faltiples de la Casa del Poeta (Alvaro Obreg\u00f3n 73, colonia Roma). Comentar\u00e1n el libro Lauro Zavala y Erika Mergruen. Ah, y me dicen que habr\u00e1 vino de honor&#8230;<br \/>\n&nbsp;&nbsp;&nbsp;&nbsp;&nbsp;&nbsp;2. <em>[fusion_builder_container hundred_percent=\u00bbyes\u00bb overflow=\u00bbvisible\u00bb][fusion_builder_row][fusion_builder_column type=\u00bb1_1&#8243; background_position=\u00bbleft top\u00bb background_color=\u00bb\u00bb border_size=\u00bb\u00bb border_color=\u00bb\u00bb border_style=\u00bbsolid\u00bb spacing=\u00bbyes\u00bb background_image=\u00bb\u00bb background_repeat=\u00bbno-repeat\u00bb padding=\u00bb\u00bb margin_top=\u00bb0px\u00bb margin_bottom=\u00bb0px\u00bb class=\u00bb\u00bb id=\u00bb\u00bb animation_type=\u00bb\u00bb animation_speed=\u00bb0.3&#8243; animation_direction=\u00bbleft\u00bb hide_on_mobile=\u00bbno\u00bb center_content=\u00bbno\u00bb min_height=\u00bbnone\u00bb][Los datos de este evento estaban mal; ya est\u00e1n corregidos]<\/em> El d\u00eda 11, a las 12:00, me tocar\u00e1 presentar a m\u00ed el nuevo n\u00famero de la revista <em>Tierra Adentro<\/em>, dedicado a \u00abEl placer de ver cine\u00bb. La cita es en las salas A y B de la Facultad de Filosof\u00eda y Letras de la UNAM; aqu\u00ed dudo que haya vino pero la revista est\u00e1 muy bien.<br \/>\n&nbsp;&nbsp;&nbsp;&nbsp;&nbsp;&nbsp;3. Este jueves 7, a las 17:00 horas, el programa <em>Los libros tienen la palabra<\/em> de <a href=\"http:\/\/www.unam.mx\/radiounam\/htm\/index.htm\">Radio UNAM<\/a> (860 de AM en la ciudad de M\u00e9xico) tratar\u00e1 sobre <em>Grey<\/em>.<\/p>\n<p>M\u00e1s en camino, mientras el trabajo se reanuda&#8230; Un saludo.[\/fusion_builder_column][\/fusion_builder_row][\/fusion_builder_container]\n","protected":false},"excerpt":{"rendered":"<p>1. Confirmado: Grey se presentar\u00e1 este mi\u00e9rcoles 13, a las 19:00 horas, en el sal\u00f3n de usos m\u00faltiples de la Casa del Poeta (Alvaro Obreg\u00f3n 73, colonia Roma). Comentar\u00e1n el libro Lauro Zavala y Erika Mergruen. Ah, y me dicen que habr\u00e1 vino de honor&#8230; &nbsp;&nbsp;&nbsp;&nbsp;&nbsp;&nbsp;2. [fusion_builder_container hundred_percent=\u00bbyes\u00bb overflow=\u00bbvisible\u00bb][fusion_builder_row][fusion_builder_column type=\u00bb1_1&#8243; background_position=\u00bbleft top\u00bb background_color=\u00bb\u00bb border_size=\u00bb\u00bb border_color=\u00bb\u00bb&#8230;<\/p>\n","protected":false},"author":1,"featured_media":0,"comment_status":"open","ping_status":"open","sticky":false,"template":"","format":"standard","meta":{"advanced_seo_description":"","jetpack_seo_html_title":"","jetpack_seo_noindex":false,"jetpack_post_was_ever_published":false,"_jetpack_newsletter_access":"","_jetpack_dont_email_post_to_subs":true,"_jetpack_newsletter_tier_id":0,"_jetpack_memberships_contains_paywalled_content":false,"_jetpack_memberships_contains_paid_content":false,"footnotes":"","jetpack_publicize_message":"","jetpack_publicize_feature_enabled":true,"jetpack_social_post_already_shared":false,"jetpack_social_options":{"image_generator_settings":{"template":"highway","default_image_id":0,"font":"","enabled":false},"version":2}},"categories":[14],"tags":[2857],"class_list":["post-117","post","type-post","status-publish","format-standard","hentry","category-sin-clasificar","tag-sin-clasificar"],"jetpack_publicize_connections":[],"jetpack_featured_media_url":"","jetpack_shortlink":"https:\/\/wp.me\/pjEhq-1T","jetpack_sharing_enabled":true,"_links":{"self":[{"href":"https:\/\/www.lashistorias.com.mx\/index.php\/wp-json\/wp\/v2\/posts\/117","targetHints":{"allow":["GET"]}}],"collection":[{"href":"https:\/\/www.lashistorias.com.mx\/index.php\/wp-json\/wp\/v2\/posts"}],"about":[{"href":"https:\/\/www.lashistorias.com.mx\/index.php\/wp-json\/wp\/v2\/types\/post"}],"author":[{"embeddable":true,"href":"https:\/\/www.lashistorias.com.mx\/index.php\/wp-json\/wp\/v2\/users\/1"}],"replies":[{"embeddable":true,"href":"https:\/\/www.lashistorias.com.mx\/index.php\/wp-json\/wp\/v2\/comments?post=117"}],"version-history":[{"count":1,"href":"https:\/\/www.lashistorias.com.mx\/index.php\/wp-json\/wp\/v2\/posts\/117\/revisions"}],"predecessor-version":[{"id":12977,"href":"https:\/\/www.lashistorias.com.mx\/index.php\/wp-json\/wp\/v2\/posts\/117\/revisions\/12977"}],"wp:attachment":[{"href":"https:\/\/www.lashistorias.com.mx\/index.php\/wp-json\/wp\/v2\/media?parent=117"}],"wp:term":[{"taxonomy":"category","embeddable":true,"href":"https:\/\/www.lashistorias.com.mx\/index.php\/wp-json\/wp\/v2\/categories?post=117"},{"taxonomy":"post_tag","embeddable":true,"href":"https:\/\/www.lashistorias.com.mx\/index.php\/wp-json\/wp\/v2\/tags?post=117"}],"curies":[{"name":"wp","href":"https:\/\/api.w.org\/{rel}","templated":true}]}}