{"id":11669,"date":"2015-06-03T10:39:22","date_gmt":"2015-06-03T15:39:22","guid":{"rendered":"http:\/\/www.lashistorias.com.mx\/?p=11669"},"modified":"2016-10-26T10:19:21","modified_gmt":"2016-10-26T15:19:21","slug":"concurso-109","status":"publish","type":"post","link":"https:\/\/www.lashistorias.com.mx\/index.php\/concurso-109\/","title":{"rendered":"Concurso #109"},"content":{"rendered":"<p>Las Historias convoca a su concurso #109 de minificci\u00f3n o microrrelato. Los interesados pueden comenzar observando esta imagen:<\/p>\n<p><a ref=\"magnificPopup\" href=\"https:\/\/www.lashistorias.com.mx\/wp-content\/uploads\/2015\/06\/Laberinto2.jpg\"><img loading=\"lazy\" decoding=\"async\" data-attachment-id=\"11672\" data-permalink=\"https:\/\/www.lashistorias.com.mx\/index.php\/concurso-109\/laberinto2\/\" data-orig-file=\"https:\/\/www.lashistorias.com.mx\/wp-content\/uploads\/2015\/06\/Laberinto2.jpg\" data-orig-size=\"3120,3550\" data-comments-opened=\"1\" data-image-meta=\"{&quot;aperture&quot;:&quot;0&quot;,&quot;credit&quot;:&quot;&quot;,&quot;camera&quot;:&quot;&quot;,&quot;caption&quot;:&quot;&quot;,&quot;created_timestamp&quot;:&quot;0&quot;,&quot;copyright&quot;:&quot;&quot;,&quot;focal_length&quot;:&quot;0&quot;,&quot;iso&quot;:&quot;0&quot;,&quot;shutter_speed&quot;:&quot;0&quot;,&quot;title&quot;:&quot;&quot;,&quot;orientation&quot;:&quot;0&quot;}\" data-image-title=\"Laberinto2\" data-image-description=\"\" data-image-caption=\"\" data-large-file=\"https:\/\/www.lashistorias.com.mx\/wp-content\/uploads\/2015\/06\/Laberinto2-900x1024.jpg\" src=\"https:\/\/www.lashistorias.com.mx\/wp-content\/uploads\/2015\/06\/Laberinto2-900x1024.jpg\" alt=\"Laberinto2\" width=\"669\" height=\"761\" class=\"aligncenter size-large wp-image-11672\" srcset=\"https:\/\/www.lashistorias.com.mx\/wp-content\/uploads\/2015\/06\/Laberinto2-900x1024.jpg 900w, https:\/\/www.lashistorias.com.mx\/wp-content\/uploads\/2015\/06\/Laberinto2-264x300.jpg 264w\" sizes=\"auto, (max-width: 669px) 100vw, 669px\" \/><\/a><\/p>\n<p>Instrucciones:<\/p>\n<p>1) Suponer que esta imagen representa un instante de una historia.<\/p>\n<p>2) Imaginar cu\u00e1l es esa historia: qu\u00e9 est\u00e1 pasando all\u00ed, qu\u00e9 momento se anuncia, por qu\u00e9, qui\u00e9nes est\u00e1n presentes, qu\u00e9 hacen. No se trata de explicar la imagen, ni de escribirle un pie de foto, sino de tomarla como punto de partida para imaginar una historia propia.<\/p>\n<p>3) Escribir la historia, en forma de cuento brev\u00edsimo (minificci\u00f3n, microrrelato; el nombre es lo de menos), en los comentarios de esta misma nota.<\/p>\n<p>El o los textos ganadores recibir\u00e1n un trofeo virtual y ser\u00e1n seleccionados considerando la opini\u00f3n de quienes decidan opinar. La fecha l\u00edmite para participar es el\u00a0<strong>30 de junio<\/strong>. Quedan invitados.<\/p>\n","protected":false},"excerpt":{"rendered":"<p>Est\u00e1 abierto el concurso #109 de este sitio. Cualquier persona puede participar hasta el 30 de junio.<\/p>\n","protected":false},"author":1,"featured_media":11672,"comment_status":"open","ping_status":"open","sticky":false,"template":"","format":"standard","meta":{"advanced_seo_description":"","jetpack_seo_html_title":"","jetpack_seo_noindex":false,"jetpack_post_was_ever_published":false,"_jetpack_newsletter_access":"","_jetpack_dont_email_post_to_subs":true,"_jetpack_newsletter_tier_id":0,"_jetpack_memberships_contains_paywalled_content":false,"_jetpack_memberships_contains_paid_content":false,"footnotes":"","jetpack_publicize_message":"Ya est\u00e1 abierto el concurso #109 de #minificci\u00f3n de Las Historias. http:\/\/wp.me\/pjEhq-32d","jetpack_publicize_feature_enabled":true,"jetpack_social_post_already_shared":true,"jetpack_social_options":{"image_generator_settings":{"template":"highway","default_image_id":0,"font":"","enabled":false},"version":2}},"categories":[557],"tags":[2865,2549,397],"class_list":["post-11669","post","type-post","status-publish","format-standard","has-post-thumbnail","hentry","category-concurso","tag-concurso","tag-microrrelato","tag-minificcion"],"jetpack_publicize_connections":[],"jetpack_featured_media_url":"https:\/\/www.lashistorias.com.mx\/wp-content\/uploads\/2015\/06\/Laberinto2.jpg","jetpack_shortlink":"https:\/\/wp.me\/pjEhq-32d","jetpack_sharing_enabled":true,"_links":{"self":[{"href":"https:\/\/www.lashistorias.com.mx\/index.php\/wp-json\/wp\/v2\/posts\/11669","targetHints":{"allow":["GET"]}}],"collection":[{"href":"https:\/\/www.lashistorias.com.mx\/index.php\/wp-json\/wp\/v2\/posts"}],"about":[{"href":"https:\/\/www.lashistorias.com.mx\/index.php\/wp-json\/wp\/v2\/types\/post"}],"author":[{"embeddable":true,"href":"https:\/\/www.lashistorias.com.mx\/index.php\/wp-json\/wp\/v2\/users\/1"}],"replies":[{"embeddable":true,"href":"https:\/\/www.lashistorias.com.mx\/index.php\/wp-json\/wp\/v2\/comments?post=11669"}],"version-history":[{"count":2,"href":"https:\/\/www.lashistorias.com.mx\/index.php\/wp-json\/wp\/v2\/posts\/11669\/revisions"}],"predecessor-version":[{"id":11673,"href":"https:\/\/www.lashistorias.com.mx\/index.php\/wp-json\/wp\/v2\/posts\/11669\/revisions\/11673"}],"wp:featuredmedia":[{"embeddable":true,"href":"https:\/\/www.lashistorias.com.mx\/index.php\/wp-json\/wp\/v2\/media\/11672"}],"wp:attachment":[{"href":"https:\/\/www.lashistorias.com.mx\/index.php\/wp-json\/wp\/v2\/media?parent=11669"}],"wp:term":[{"taxonomy":"category","embeddable":true,"href":"https:\/\/www.lashistorias.com.mx\/index.php\/wp-json\/wp\/v2\/categories?post=11669"},{"taxonomy":"post_tag","embeddable":true,"href":"https:\/\/www.lashistorias.com.mx\/index.php\/wp-json\/wp\/v2\/tags?post=11669"}],"curies":[{"name":"wp","href":"https:\/\/api.w.org\/{rel}","templated":true}]}}