{"id":11531,"date":"2015-02-17T16:43:34","date_gmt":"2015-02-17T22:43:34","guid":{"rendered":"http:\/\/www.lashistorias.com.mx\/?p=11531"},"modified":"2025-03-22T00:37:07","modified_gmt":"2025-03-22T06:37:07","slug":"como-en-feria","status":"publish","type":"post","link":"https:\/\/www.lashistorias.com.mx\/index.php\/como-en-feria\/","title":{"rendered":"Como en feria"},"content":{"rendered":"<p>Varios avisos.<\/p>\n<p>1.\u00a0Primero, una\u00a0invitaci\u00f3n a varias presentaciones\u00a0en la <a href=\"http:\/\/www.ferialibromineria.mx\/xxxvi\/\">Feria del Libro del Palacio de Miner\u00eda<\/a>\u00a0en la ciudad de M\u00e9xico.\u00a0Yo iba a estar f\u00edsicamente en todas ellas pero entonces pas\u00f3 esto:<\/p>\n<p><a ref=\"magnificPopup\" href=\"https:\/\/www.lashistorias.com.mx\/wp-content\/uploads\/2015\/02\/ferula.jpg\"><img loading=\"lazy\" decoding=\"async\" data-attachment-id=\"11532\" data-permalink=\"https:\/\/www.lashistorias.com.mx\/index.php\/como-en-feria\/ferula\/\" data-orig-file=\"https:\/\/www.lashistorias.com.mx\/wp-content\/uploads\/2015\/02\/ferula.jpg\" data-orig-size=\"3120,4208\" data-comments-opened=\"1\" data-image-meta=\"{&quot;aperture&quot;:&quot;0&quot;,&quot;credit&quot;:&quot;&quot;,&quot;camera&quot;:&quot;&quot;,&quot;caption&quot;:&quot;&quot;,&quot;created_timestamp&quot;:&quot;0&quot;,&quot;copyright&quot;:&quot;&quot;,&quot;focal_length&quot;:&quot;0&quot;,&quot;iso&quot;:&quot;0&quot;,&quot;shutter_speed&quot;:&quot;0&quot;,&quot;title&quot;:&quot;&quot;,&quot;orientation&quot;:&quot;0&quot;}\" data-image-title=\"F\u00e9rula\" data-image-description=\"\" data-image-caption=\"\" data-large-file=\"https:\/\/www.lashistorias.com.mx\/wp-content\/uploads\/2015\/02\/ferula-759x1024.jpg\" class=\" wp-image-11532 size-medium aligncenter\" src=\"https:\/\/www.lashistorias.com.mx\/wp-content\/uploads\/2015\/02\/ferula-222x300.jpg\" alt=\"F\u00e9rula\" width=\"222\" height=\"300\" srcset=\"https:\/\/www.lashistorias.com.mx\/wp-content\/uploads\/2015\/02\/ferula-222x300.jpg 222w, https:\/\/www.lashistorias.com.mx\/wp-content\/uploads\/2015\/02\/ferula-759x1024.jpg 759w\" sizes=\"auto, (max-width: 222px) 100vw, 222px\" \/><\/a><\/p>\n<p>El domingo pasado tuve un accidente y me hice un esguince en el tobillo. Traigo ahora una f\u00e9rula de yeso y tengo que estar en reposo varios d\u00edas.\u00a0La propuesta que hice a los organizadores de las diferentes presentaciones dentro de la Feria fue escribir un texto\u00a0para cada libro y que \u00e9ste se leyera en el evento. Los libros que presentar\u00e9 en ausencia son:<\/p>\n<ul>\n<li><a href=\"http:\/\/www.ferialibromineria.mx\/xxxvi\/index.php\/actividades-culturales\/presentaciones-libros-y-revistas\/2531-canto-al-fin-del-mundo-de-vanessa-garza\"><em>Canto al fin del mundo<\/em> de Vanessa Garza<\/a> (Acero\/UANL). Viernes 20 de febrero, 8:00 PM, Sal\u00f3n El Caballito. Una novela en la que se juntan la imaginaci\u00f3n fant\u00e1stica y la narrativa de la violencia.<\/li>\n<li><a href=\"http:\/\/www.ferialibromineria.mx\/xxxvi\/index.php\/actividades-culturales\/presentaciones-libros-y-revistas\/3213-pretextos-para-una-literatura-inadjetiva-de-jose-juan-aboytia-zaragoza\"><em>Pretextos para una literatura inadjetiva<\/em> de J. J. Aboytia<\/a> (Nortestaci\u00f3n). S\u00e1bado 21 de febrero, 6:00 PM, Auditorio 5. Una serie muy extra\u00f1a y muy especial de minificciones.<\/li>\n<li><a href=\"http:\/\/www.ferialibromineria.mx\/xxxvi\/index.php\/actividades-culturales\/presentaciones-libros-y-revistas\/2995-la-primavera-del-mars-de-jose-antonio-sanchez-cetina-ganador-del-xix-premio-gran-angular\"><em>La primavera del Mars<\/em> de Pepe S\u00e1nchez Cetina<\/a> (SM, Premio Gran Angular 2014). Domingo 22 de febrero,\u00a06:00 PM, Sal\u00f3n Filomeno Mata. Una novela muy entra\u00f1able sobre\u00a0adicci\u00f3n, responsabilidad y buenas intenciones que se tuercen.<\/li>\n<\/ul>\n<p>Existe la posibilidad de que pueda estar \u00aben vivo\u00bb en dos presentaciones m\u00e1s:<\/p>\n<ul>\n<li><a href=\"http:\/\/www.ferialibromineria.mx\/xxxvi\/index.php\/actividades-culturales\/presentaciones-libros-y-revistas\/3052-el-evangelio-del-nino-fidencio-de-felipe-montes\"><em>El evangelio del Ni\u00f1o Fidencio<\/em> de Felipe Montes<\/a> (Acero\/UANL). Viernes 27 de febrero, 8:00 PM, Auditorio 4.<\/li>\n<li><a href=\"http:\/\/www.ferialibromineria.mx\/xxxvi\/index.php\/actividades-culturales\/presentaciones-libros-y-revistas\/3195-teoria-general-de-lo-fantastico-del-fantastico-clasico-al-posmoderno-de-omar-nieto\"><em>Teor\u00eda general de lo fant\u00e1stico<\/em> de Omar Nieto<\/a> (UACM). S\u00e1bado 28 de febrero, 20:00 horas, Auditorio 4.<\/li>\n<\/ul>\n<p>&#8230;y me voy a perder la mesa redonda alrededor de la colecci\u00f3n <a href=\"http:\/\/www.ferialibromineria.mx\/xxxvi\/index.php\/actividades-culturales\/conferencias-y-mesas-redondas\/2361-encuentro-en-el-hotel-de-las-letras\">Hotel de las Letras, de Editorial Oc\u00e9ano<\/a>, en la que iba a participar y que se\u00a0va a celebrar de todos modos el domingo 22 de febrero, a las 13:00 horas, en la Capilla del Palacio de Miner\u00eda, con la presencia de Hugo Hiriart, Adriana Gonz\u00e1lez Mateos, Ignacio Padilla y Mart\u00edn Solares. Si van a alguna de estas presentaciones, estar\u00e9 por aqu\u00ed sin duda, as\u00ed que\u00a0no dejen de contarme.<\/p>\n<p>&nbsp;<\/p>\n<ol>\n<li>Una presentaci\u00f3n m\u00e1s en la que s\u00ed espero estar ser\u00e1 esta: la de El gato del Viajero del Tiempo dentro del Seminario de An\u00e1lisis y Estudios de la Minificci\u00f3n en la Facultad de Filosof\u00eda y Letras de la UNAM. La cita es el martes 24 de febrero en el Sal\u00f3n de Actos de la Facultad, a las 12:00 del d\u00eda. Es la primera vez que este libro se presenta en la ciudad de M\u00e9xico.<\/li>\n<\/ol>\n<p><a ref=\"magnificPopup\" href=\"https:\/\/www.lashistorias.com.mx\/wp-content\/uploads\/2015\/02\/ElGatoDelViajero.jpg\"><img loading=\"lazy\" decoding=\"async\" data-attachment-id=\"11535\" data-permalink=\"https:\/\/www.lashistorias.com.mx\/index.php\/como-en-feria\/elgatodelviajero\/\" data-orig-file=\"https:\/\/www.lashistorias.com.mx\/wp-content\/uploads\/2015\/02\/ElGatoDelViajero.jpg\" data-orig-size=\"960,727\" data-comments-opened=\"1\" data-image-meta=\"{&quot;aperture&quot;:&quot;0&quot;,&quot;credit&quot;:&quot;&quot;,&quot;camera&quot;:&quot;&quot;,&quot;caption&quot;:&quot;&quot;,&quot;created_timestamp&quot;:&quot;0&quot;,&quot;copyright&quot;:&quot;&quot;,&quot;focal_length&quot;:&quot;0&quot;,&quot;iso&quot;:&quot;0&quot;,&quot;shutter_speed&quot;:&quot;0&quot;,&quot;title&quot;:&quot;&quot;,&quot;orientation&quot;:&quot;0&quot;}\" data-image-title=\"ElGatoDelViajero\" data-image-description=\"\" data-image-caption=\"\" data-large-file=\"https:\/\/www.lashistorias.com.mx\/wp-content\/uploads\/2015\/02\/ElGatoDelViajero.jpg\" class=\"alignnone size-full wp-image-11535\" src=\"https:\/\/www.lashistorias.com.mx\/wp-content\/uploads\/2015\/02\/ElGatoDelViajero.jpg\" alt=\"ElGatoDelViajero\" width=\"960\" height=\"727\" srcset=\"https:\/\/www.lashistorias.com.mx\/wp-content\/uploads\/2015\/02\/ElGatoDelViajero.jpg 960w, https:\/\/www.lashistorias.com.mx\/wp-content\/uploads\/2015\/02\/ElGatoDelViajero-300x227.jpg 300w\" sizes=\"auto, (max-width: 960px) 100vw, 960px\" \/><\/a><\/p>\n<ol>\n<li>Finalmente, un aviso distinto: la revista en l\u00ednea <em>Weird Fiction Review<\/em>\u00a0&#8211;una de las mejores publicaciones de la actualidad dedicadas a la imaginaci\u00f3n fant\u00e1stica&#8211; ha reproducido <a href=\"http:\/\/weirdfictionreview.com\/2015\/02\/latin-cities\/\">\u00abThe Latin Cities\u00bb<\/a>,\u00a0una historia de Horacio Kustos traducida al ingl\u00e9s por Fionn Petch y publicada primero en el proyecto <em>Palabras Errantes<\/em>. Le agradezco al\u00a0excelente autor y editor Jeff Vandermeer. Quiz\u00e1 (y esto me alegra mucho) no sea la \u00faltima vez&#8230;<\/li>\n<\/ol>\n<p>&nbsp;<\/p>\n","protected":false},"excerpt":{"rendered":"<p>Avisos: varias presentaciones en los pr\u00f3ximos d\u00edas, tanto en vivo como en ausencia. Y un texto nuevo en una revista muy especial.<\/p>\n","protected":false},"author":1,"featured_media":11535,"comment_status":"open","ping_status":"open","sticky":false,"template":"","format":"standard","meta":{"advanced_seo_description":"","jetpack_seo_html_title":"","jetpack_seo_noindex":false,"jetpack_post_was_ever_published":false,"_jetpack_newsletter_access":"","_jetpack_dont_email_post_to_subs":true,"_jetpack_newsletter_tier_id":0,"_jetpack_memberships_contains_paywalled_content":false,"_jetpack_memberships_contains_paid_content":false,"footnotes":"","jetpack_publicize_message":"Invitaciones, en vivo y en ausencia, y otras publicaciones... http:\/\/wp.me\/pjEhq-2ZZ","jetpack_publicize_feature_enabled":true,"jetpack_social_post_already_shared":true,"jetpack_social_options":{"image_generator_settings":{"template":"highway","default_image_id":0,"font":"","enabled":false},"version":2}},"categories":[3],"tags":[2815,2866,2816,2705,2820,1771,2823,2821,2822,2814,2855,2511,958,12,2817,2218,2818,2824,2819],"class_list":["post-11531","post","type-post","status-publish","format-standard","has-post-thumbnail","hentry","category-lo-nuevo","tag-canto-al-fin-del-mundo","tag-cuaderno","tag-el-evangelio-del-nino-fidencio","tag-el-gato-del-viajero-del-tiempo","tag-felipe-montes","tag-feria-del-libro-del-palacio-de-mineria","tag-jeff-vandermeer","tag-jose-antonio-sanchez-cetina","tag-jose-juan-aboytia","tag-la-primavera-del-mars","tag-literatura","tag-noticias","tag-omar-nieto","tag-presentaciones","tag-pretextos-para-una-literatura-inadjetiva","tag-publicaciones-2","tag-teoria-general-de-lo-fantastico","tag-the-latin-cities","tag-vanessa-garza"],"jetpack_publicize_connections":[],"jetpack_featured_media_url":"https:\/\/www.lashistorias.com.mx\/wp-content\/uploads\/2015\/02\/ElGatoDelViajero.jpg","jetpack_shortlink":"https:\/\/wp.me\/pjEhq-2ZZ","jetpack_sharing_enabled":true,"_links":{"self":[{"href":"https:\/\/www.lashistorias.com.mx\/index.php\/wp-json\/wp\/v2\/posts\/11531","targetHints":{"allow":["GET"]}}],"collection":[{"href":"https:\/\/www.lashistorias.com.mx\/index.php\/wp-json\/wp\/v2\/posts"}],"about":[{"href":"https:\/\/www.lashistorias.com.mx\/index.php\/wp-json\/wp\/v2\/types\/post"}],"author":[{"embeddable":true,"href":"https:\/\/www.lashistorias.com.mx\/index.php\/wp-json\/wp\/v2\/users\/1"}],"replies":[{"embeddable":true,"href":"https:\/\/www.lashistorias.com.mx\/index.php\/wp-json\/wp\/v2\/comments?post=11531"}],"version-history":[{"count":5,"href":"https:\/\/www.lashistorias.com.mx\/index.php\/wp-json\/wp\/v2\/posts\/11531\/revisions"}],"predecessor-version":[{"id":16814,"href":"https:\/\/www.lashistorias.com.mx\/index.php\/wp-json\/wp\/v2\/posts\/11531\/revisions\/16814"}],"wp:featuredmedia":[{"embeddable":true,"href":"https:\/\/www.lashistorias.com.mx\/index.php\/wp-json\/wp\/v2\/media\/11535"}],"wp:attachment":[{"href":"https:\/\/www.lashistorias.com.mx\/index.php\/wp-json\/wp\/v2\/media?parent=11531"}],"wp:term":[{"taxonomy":"category","embeddable":true,"href":"https:\/\/www.lashistorias.com.mx\/index.php\/wp-json\/wp\/v2\/categories?post=11531"},{"taxonomy":"post_tag","embeddable":true,"href":"https:\/\/www.lashistorias.com.mx\/index.php\/wp-json\/wp\/v2\/tags?post=11531"}],"curies":[{"name":"wp","href":"https:\/\/api.w.org\/{rel}","templated":true}]}}