{"id":11513,"date":"2015-01-09T11:01:06","date_gmt":"2015-01-09T17:01:06","guid":{"rendered":"http:\/\/www.lashistorias.com.mx\/?p=11513"},"modified":"2016-10-26T10:19:25","modified_gmt":"2016-10-26T15:19:25","slug":"concurso-106","status":"publish","type":"post","link":"https:\/\/www.lashistorias.com.mx\/index.php\/concurso-106\/","title":{"rendered":"Concurso #106"},"content":{"rendered":"<p>Este sitio convoca a su concurso #106 de minificci\u00f3n (o microrrelato).<\/p>\n<p>Los interesados en participar pueden comenzar observando la siguiente imagen:<\/p>\n<p><a ref=\"magnificPopup\" href=\"https:\/\/www.lashistorias.com.mx\/wp-content\/uploads\/2015\/01\/concurso106.jpg\"><img loading=\"lazy\" decoding=\"async\" data-attachment-id=\"11514\" data-permalink=\"https:\/\/www.lashistorias.com.mx\/index.php\/concurso-106\/concurso106\/\" data-orig-file=\"https:\/\/www.lashistorias.com.mx\/wp-content\/uploads\/2015\/01\/concurso106.jpg\" data-orig-size=\"3264,2448\" data-comments-opened=\"1\" data-image-meta=\"{&quot;aperture&quot;:&quot;0&quot;,&quot;credit&quot;:&quot;&quot;,&quot;camera&quot;:&quot;&quot;,&quot;caption&quot;:&quot;&quot;,&quot;created_timestamp&quot;:&quot;0&quot;,&quot;copyright&quot;:&quot;&quot;,&quot;focal_length&quot;:&quot;0&quot;,&quot;iso&quot;:&quot;0&quot;,&quot;shutter_speed&quot;:&quot;0&quot;,&quot;title&quot;:&quot;&quot;,&quot;orientation&quot;:&quot;0&quot;}\" data-image-title=\"concurso106\" data-image-description=\"\" data-image-caption=\"\" data-large-file=\"https:\/\/www.lashistorias.com.mx\/wp-content\/uploads\/2015\/01\/concurso106-1024x768.jpg\" src=\"https:\/\/www.lashistorias.com.mx\/wp-content\/uploads\/2015\/01\/concurso106-1024x768.jpg\" alt=\"concurso106\" width=\"669\" height=\"502\" class=\"alignnone size-large wp-image-11514\" srcset=\"https:\/\/www.lashistorias.com.mx\/wp-content\/uploads\/2015\/01\/concurso106-1024x768.jpg 1024w, https:\/\/www.lashistorias.com.mx\/wp-content\/uploads\/2015\/01\/concurso106-300x225.jpg 300w\" sizes=\"auto, (max-width: 669px) 100vw, 669px\" \/><\/a><\/p>\n<p>Instrucciones:<br \/>\n1) Suponer que esta imagen representa un instante de una historia.<br \/>\n2) Imaginar cu\u00e1l es esa historia: qu\u00e9 est\u00e1 pasando all\u00ed, qu\u00e9 momento se anuncia, por qu\u00e9, qui\u00e9nes est\u00e1n presentes, qu\u00e9 hacen. No se trata de explicar la imagen, ni de escribirle un pie de foto, sino de tomarla como punto de partida para imaginar una historia propia.<br \/>\n3) Escribir la historia, en forma de cuento brev\u00edsimo (minificci\u00f3n, microrrelato; el nombre es lo de menos), en los comentarios de esta misma nota.<\/p>\n<p>El o los textos ganadores recibir\u00e1n un trofeo virtual y ser\u00e1n seleccionados considerando la opini\u00f3n de quienes decidan opinar. La fecha l\u00edmite para participar es el <strong>29 de enero<\/strong>. Quedan invitados.<\/p>\n","protected":false},"excerpt":{"rendered":"<p>El concurso de minificci\u00f3n para enero de 2015, abierto a cualquier persona interesada.<\/p>\n","protected":false},"author":1,"featured_media":11514,"comment_status":"open","ping_status":"open","sticky":false,"template":"","format":"standard","meta":{"advanced_seo_description":"","jetpack_seo_html_title":"","jetpack_seo_noindex":false,"jetpack_post_was_ever_published":false,"_jetpack_newsletter_access":"","_jetpack_dont_email_post_to_subs":true,"_jetpack_newsletter_tier_id":0,"_jetpack_memberships_contains_paywalled_content":false,"_jetpack_memberships_contains_paid_content":false,"footnotes":"","jetpack_publicize_message":"Ya est\u00e1 abierto el concurso #106 de Las Historias. http:\/\/wp.me\/pjEhq-2ZH","jetpack_publicize_feature_enabled":true,"jetpack_social_post_already_shared":true,"jetpack_social_options":{"image_generator_settings":{"template":"highway","default_image_id":0,"font":"","enabled":false},"version":2}},"categories":[557],"tags":[2865,2549,397],"class_list":["post-11513","post","type-post","status-publish","format-standard","has-post-thumbnail","hentry","category-concurso","tag-concurso","tag-microrrelato","tag-minificcion"],"jetpack_publicize_connections":[],"jetpack_featured_media_url":"https:\/\/www.lashistorias.com.mx\/wp-content\/uploads\/2015\/01\/concurso106.jpg","jetpack_shortlink":"https:\/\/wp.me\/pjEhq-2ZH","jetpack_sharing_enabled":true,"_links":{"self":[{"href":"https:\/\/www.lashistorias.com.mx\/index.php\/wp-json\/wp\/v2\/posts\/11513","targetHints":{"allow":["GET"]}}],"collection":[{"href":"https:\/\/www.lashistorias.com.mx\/index.php\/wp-json\/wp\/v2\/posts"}],"about":[{"href":"https:\/\/www.lashistorias.com.mx\/index.php\/wp-json\/wp\/v2\/types\/post"}],"author":[{"embeddable":true,"href":"https:\/\/www.lashistorias.com.mx\/index.php\/wp-json\/wp\/v2\/users\/1"}],"replies":[{"embeddable":true,"href":"https:\/\/www.lashistorias.com.mx\/index.php\/wp-json\/wp\/v2\/comments?post=11513"}],"version-history":[{"count":2,"href":"https:\/\/www.lashistorias.com.mx\/index.php\/wp-json\/wp\/v2\/posts\/11513\/revisions"}],"predecessor-version":[{"id":11516,"href":"https:\/\/www.lashistorias.com.mx\/index.php\/wp-json\/wp\/v2\/posts\/11513\/revisions\/11516"}],"wp:featuredmedia":[{"embeddable":true,"href":"https:\/\/www.lashistorias.com.mx\/index.php\/wp-json\/wp\/v2\/media\/11514"}],"wp:attachment":[{"href":"https:\/\/www.lashistorias.com.mx\/index.php\/wp-json\/wp\/v2\/media?parent=11513"}],"wp:term":[{"taxonomy":"category","embeddable":true,"href":"https:\/\/www.lashistorias.com.mx\/index.php\/wp-json\/wp\/v2\/categories?post=11513"},{"taxonomy":"post_tag","embeddable":true,"href":"https:\/\/www.lashistorias.com.mx\/index.php\/wp-json\/wp\/v2\/tags?post=11513"}],"curies":[{"name":"wp","href":"https:\/\/api.w.org\/{rel}","templated":true}]}}