{"id":11368,"date":"2014-11-18T10:35:39","date_gmt":"2014-11-18T16:35:39","guid":{"rendered":"http:\/\/www.lashistorias.com.mx\/?p=11368"},"modified":"2016-10-26T10:19:26","modified_gmt":"2016-10-26T15:19:26","slug":"enlaces-e-invitaciones","status":"publish","type":"post","link":"https:\/\/www.lashistorias.com.mx\/index.php\/enlaces-e-invitaciones\/","title":{"rendered":"Enlaces e invitaciones"},"content":{"rendered":"<p><em>Estar\u00e9\u00a0lejos de la red por algunas semanas. Aqu\u00ed se ver\u00e1n los resultados del concurso de minificci\u00f3n\u00a0y aparecer\u00e1 (casi con seguridad) un cuento\u00a0nuevo de la serie mensual, pero dif\u00edcilmente podr\u00e9 responder mensajes. Dejar\u00e9 dos entradas en esta bit\u00e1cora. La primera fue <a href=\"https:\/\/www.lashistorias.com.mx\/index.php\/archivo\/falta-inventar-otras-historias\/\">una nota sobre la situaci\u00f3n actual en M\u00e9xico<\/a>. La segunda es \u00e9sta: una serie de enlaces y varias\u00a0invitaciones para la Feria del Libro de Guadalajara.<\/em><\/p>\n<p class=\"graf--p\" style=\"text-align: left;\"><em>Gracias a los lectores que visitan este sitio. Y hasta pronto.<\/em><\/p>\n<p class=\"graf--p\" style=\"text-align: center;\">* * *<\/p>\n<p class=\"graf--p\" style=\"text-align: left;\">Por si van\u00a0a la Feria del Libro de Guadalajara, los invito a lo siguiente:\u00a0presentaciones y varias actividades del Encuentro Internacional de Cuentistas.<\/p>\n<p class=\"graf--p\" style=\"text-align: left;\"><em>Jueves 4 de diciembre<\/em><\/p>\n<p class=\"graf--p\" style=\"text-align: left;\">17:00 a 18:50 hrs.<br \/>\nMesa redonda \u00abLatinoam\u00e9rica Viva\u00bb<br \/>\nSal\u00f3n Juan Jos\u00e9 Arreola, planta alta, Expo Guadalajara<br \/>\nParticipa: Gabriela Alem\u00e1n, Mario Delgado Apara\u00edn, Rodrigo Fres\u00e1n, Ver\u00f3nica Stigger<br \/>\nModera: Alberto Chimal<\/p>\n<p class=\"graf--p\" style=\"text-align: left;\">20:00 a 20:50 hrs.<br \/>\nPresentaci\u00f3n de <em>Las fauces del abismo<\/em> de Ignacio Padilla<br \/>\nSala El\u00edas Nandino, planta alta, Expo Guadalajara<br \/>\nParticipan: Paco Ignacio Taibo II, Benito Taibo, Alberto Chimal<\/p>\n<p><em>Viernes 5 de diciembre<\/em><\/p>\n<p class=\"graf--p\" style=\"text-align: left;\">10:00 a 11:00 hrs.<br \/>\nPresentaci\u00f3n de libros de Editorial Resistencia: <em>Kustos, libro II: Todos juntos ya<\/em>, <em>Los gachos y el evenflo<\/em> y <em>El Sombra<\/em> dentro del Encuentro Internacional de Caricatura e Historieta<br \/>\nSal\u00f3n 4, planta baja, Expo Guadalajara<br \/>\nParticipan: Josefina Larragoiti, Alberto Chimal, Ricardo Garc\u00eda \u00abMicro\u00bb, Gonzalo Rocha, Edu Molina<\/p>\n<p class=\"graf--p\" style=\"text-align: left;\">16:00 a 16:50 hrs.<br \/>\nPresentaci\u00f3n de la novela <em>Dark Doll<\/em> de Raquel Castro<br \/>\nEdiciones B<br \/>\nSal\u00f3n C, \u00c1rea Internacional, Expo Guadalajara<br \/>\nParticipan: Raquel Castro, Yeana Gonz\u00e1lez y Alberto Chimal<\/p>\n<p>18:00 a 19:50 hrs.<br \/>\nMesa redonda \u00abEl nuevo Decamer\u00f3n\u00bb dentro del Encuentro Internacional de Cuentistas<br \/>\nSal\u00f3n 3, planta baja, Expo Guadalajara<br \/>\nParticipan: Mario Delgado Apara\u00edn, Luis Jorge Boone, Alberto Chimal, Hebe Uhart<br \/>\nModera: Ignacio Padilla<\/p>\n<p><em>Domingo 7 de diciembre<\/em><\/p>\n<p class=\"graf--p\" style=\"text-align: left;\">17:00 a 18:50 hrs.<br \/>\nGalas de El Placer de la Lectura<br \/>\nSal\u00f3n 4, planta baja, Expo Guadalajara<br \/>\nParticipan: Eduardo Punset, Eloy Tiz\u00f3n, Gioconda Belli, Ver\u00f3nica Murgu\u00eda, Alberto Chimal<\/p>\n<div align=\"center\"><\/div>\n<p class=\"graf--p\" style=\"text-align: center;\">* * *<\/p>\n<p class=\"graf--p\" style=\"text-align: left;\">Los enlaces:<\/p>\n<ul>\n<li class=\"graf--p\" style=\"text-align: left;\">El poema <a href=\"http:\/\/www.asymptotejournal.com\/blog\/2014\/11\/18\/say-ayotzinapa\/\">\u00abAyotzinapa\u00bb de David Huerta<\/a> en muchas lenguas.<\/li>\n<li class=\"graf--p\" style=\"text-align: left;\">En el diario <em>El Colombiano\u00a0<\/em>public\u00f3 <a href=\"http:\/\/www.elcolombiano.com\/literatura-de-pocas-letras-FD476106\">una nota sobre escritura en Twitter<\/a> con algunas opiniones m\u00edas. Gracias a Melissa Guti\u00e9rrez Morales.<\/li>\n<li class=\"graf--p\" style=\"text-align: left;\">En Storify <a href=\"https:\/\/storify.com\/albertochimal\">he recogido<\/a> algunos experimentos recientes de escritura por internet: dos de ellos son historias de horror compuestas a base de textos brev\u00edsimos. <a href=\"https:\/\/storify.com\/albertochimal\/dia-comun#_=_\">\u00abD\u00eda Com\u00fan\u00bb<\/a> engrana los textos con im\u00e1genes aparentemente inocuas; <a href=\"https:\/\/storify.com\/albertochimal\/ciudadx#_=_\">\u00abCiudad X\u00bb<\/a> se refiere a una ciudad presente y a sucesos actuales y quiere ser una imagen del malestar de estos d\u00edas. (Sobre\u00a0ese tema, por cierto, <a href=\"http:\/\/ask.fm\/albertochimal\/answer\/119605124573?utm_content=buffere3df2&amp;utm_medium=social&amp;utm_source=twitter.com&amp;utm_campaign=buffer\">pienso tambi\u00e9n esto<\/a>.)<\/li>\n<li class=\"graf--p\" style=\"text-align: left;\">La secci\u00f3n de libros descargables de Las Historias crecer\u00e1 en 2015. Mientras, <a href=\"https:\/\/www.lashistorias.com.mx\/index.php\/descargas\/\">he aqu\u00ed lo que contiene ahora<\/a>.<\/li>\n<li class=\"graf--p\" style=\"text-align: left;\">Y para acabar, m\u00fasica.<\/li>\n<\/ul>\n<p><iframe loading=\"lazy\" src=\"\/\/www.youtube.com\/embed\/8oYWfJuMGMA\" width=\"420\" height=\"315\" frameborder=\"0\" allowfullscreen=\"allowfullscreen\"><\/iframe><br \/>\nhttps:\/\/twitter.com\/albertochimal\/status\/532369016275210240[fusion_builder_container hundred_percent=\u00bbyes\u00bb overflow=\u00bbvisible\u00bb][fusion_builder_row][\/fusion_text][\/fusion_builder_row][\/fusion_builder_container]\n","protected":false},"excerpt":{"rendered":"<p>Enlaces y noticias para el fin de 2014.<\/p>\n","protected":false},"author":1,"featured_media":11165,"comment_status":"open","ping_status":"open","sticky":false,"template":"","format":"standard","meta":{"advanced_seo_description":"","jetpack_seo_html_title":"","jetpack_seo_noindex":false,"jetpack_post_was_ever_published":false,"_jetpack_newsletter_access":"","_jetpack_dont_email_post_to_subs":true,"_jetpack_newsletter_tier_id":0,"_jetpack_memberships_contains_paywalled_content":false,"_jetpack_memberships_contains_paid_content":false,"footnotes":"","jetpack_publicize_message":"Enlaces e invitaciones para el final del a\u00f1o. http:\/\/wp.me\/pjEhq-2Xm","jetpack_publicize_feature_enabled":true,"jetpack_social_post_already_shared":true,"jetpack_social_options":{"image_generator_settings":{"template":"highway","default_image_id":0,"font":"","enabled":false},"version":2}},"categories":[3],"tags":[2806,2859,22,2805,2804,1614,1613,2739,2855,2511,10,823],"class_list":["post-11368","post","type-post","status-publish","format-standard","has-post-thumbnail","hentry","category-lo-nuevo","tag-ciudadx","tag-comic","tag-cuento","tag-dia-comun","tag-encuentro-internacional-de-cuentistas","tag-feria-internacional-del-libro-de-guadalajara","tag-fil","tag-kustos","tag-literatura","tag-noticias","tag-novela","tag-novela-grafica"],"jetpack_publicize_connections":[],"jetpack_featured_media_url":"https:\/\/www.lashistorias.com.mx\/wp-content\/uploads\/2014\/07\/LibrosPrevios.jpg","jetpack_shortlink":"https:\/\/wp.me\/pjEhq-2Xm","jetpack_sharing_enabled":true,"_links":{"self":[{"href":"https:\/\/www.lashistorias.com.mx\/index.php\/wp-json\/wp\/v2\/posts\/11368","targetHints":{"allow":["GET"]}}],"collection":[{"href":"https:\/\/www.lashistorias.com.mx\/index.php\/wp-json\/wp\/v2\/posts"}],"about":[{"href":"https:\/\/www.lashistorias.com.mx\/index.php\/wp-json\/wp\/v2\/types\/post"}],"author":[{"embeddable":true,"href":"https:\/\/www.lashistorias.com.mx\/index.php\/wp-json\/wp\/v2\/users\/1"}],"replies":[{"embeddable":true,"href":"https:\/\/www.lashistorias.com.mx\/index.php\/wp-json\/wp\/v2\/comments?post=11368"}],"version-history":[{"count":13,"href":"https:\/\/www.lashistorias.com.mx\/index.php\/wp-json\/wp\/v2\/posts\/11368\/revisions"}],"predecessor-version":[{"id":12545,"href":"https:\/\/www.lashistorias.com.mx\/index.php\/wp-json\/wp\/v2\/posts\/11368\/revisions\/12545"}],"wp:featuredmedia":[{"embeddable":true,"href":"https:\/\/www.lashistorias.com.mx\/index.php\/wp-json\/wp\/v2\/media\/11165"}],"wp:attachment":[{"href":"https:\/\/www.lashistorias.com.mx\/index.php\/wp-json\/wp\/v2\/media?parent=11368"}],"wp:term":[{"taxonomy":"category","embeddable":true,"href":"https:\/\/www.lashistorias.com.mx\/index.php\/wp-json\/wp\/v2\/categories?post=11368"},{"taxonomy":"post_tag","embeddable":true,"href":"https:\/\/www.lashistorias.com.mx\/index.php\/wp-json\/wp\/v2\/tags?post=11368"}],"curies":[{"name":"wp","href":"https:\/\/api.w.org\/{rel}","templated":true}]}}