{"id":11253,"date":"2014-08-26T05:40:12","date_gmt":"2014-08-26T10:40:12","guid":{"rendered":"http:\/\/www.lashistorias.com.mx\/?p=11253"},"modified":"2016-10-26T10:19:27","modified_gmt":"2016-10-26T15:19:27","slug":"la-risa-y-el-misterio","status":"publish","type":"post","link":"https:\/\/www.lashistorias.com.mx\/index.php\/la-risa-y-el-misterio\/","title":{"rendered":"La risa y el misterio"},"content":{"rendered":"<p>Este a\u00f1o, varios autores famosos del siglo XX cumplen centenarios. Y hoy es el de Julio Cort\u00e1zar.<\/p>\n<p><a ref=\"magnificPopup\" href=\"https:\/\/www.lashistorias.com.mx\/wp-content\/uploads\/2014\/08\/JCyelG.jpg\"><img loading=\"lazy\" decoding=\"async\" data-attachment-id=\"11254\" data-permalink=\"https:\/\/www.lashistorias.com.mx\/index.php\/la-risa-y-el-misterio\/jcyelg\/\" data-orig-file=\"https:\/\/www.lashistorias.com.mx\/wp-content\/uploads\/2014\/08\/JCyelG.jpg\" data-orig-size=\"1200,884\" data-comments-opened=\"1\" data-image-meta=\"{&quot;aperture&quot;:&quot;0&quot;,&quot;credit&quot;:&quot;&quot;,&quot;camera&quot;:&quot;&quot;,&quot;caption&quot;:&quot;&quot;,&quot;created_timestamp&quot;:&quot;0&quot;,&quot;copyright&quot;:&quot;&quot;,&quot;focal_length&quot;:&quot;0&quot;,&quot;iso&quot;:&quot;0&quot;,&quot;shutter_speed&quot;:&quot;0&quot;,&quot;title&quot;:&quot;&quot;}\" data-image-title=\"Julio Cort\u00e1zar y un gato\" data-image-description=\"\" data-image-caption=\"\" data-large-file=\"https:\/\/www.lashistorias.com.mx\/wp-content\/uploads\/2014\/08\/JCyelG-1024x754.jpg\" class=\"aligncenter size-large wp-image-11254\" src=\"https:\/\/www.lashistorias.com.mx\/wp-content\/uploads\/2014\/08\/JCyelG-1024x754.jpg\" alt=\"Julio Cort\u00e1zar y un gato\" width=\"600\" height=\"441\" srcset=\"https:\/\/www.lashistorias.com.mx\/wp-content\/uploads\/2014\/08\/JCyelG-1024x754.jpg 1024w, https:\/\/www.lashistorias.com.mx\/wp-content\/uploads\/2014\/08\/JCyelG-300x221.jpg 300w, https:\/\/www.lashistorias.com.mx\/wp-content\/uploads\/2014\/08\/JCyelG.jpg 1200w\" sizes=\"auto, (max-width: 600px) 100vw, 600px\" \/><\/a><\/p>\n<p>De \u00e9l, lo primero que le\u00ed fue hace mucho tiempo: su cuento <a href=\"http:\/\/www.literatura.us\/cortazar\/nadie.html\">\u00abNo se culpe a nadie\u00bb<\/a>, que aparece entre muchos otros en una antolog\u00eda rar\u00edsima, puesta en el librero de la casa en la que crec\u00ed por una de esas <a href=\"http:\/\/www.literatura.us\/cortazar\/puerta.html\">coincidencias insondables<\/a>, inexplicables, que tanto le gustaba imaginar al propio Cort\u00e1zar: <em>Miedo en castellano<\/em> de Emiliano Gonz\u00e1lez.<\/p>\n<p>All\u00ed estaba (junto con muchos otros cuentos que de ni\u00f1o <a href=\"https:\/\/www.lashistorias.com.mx\/index.php\/archivo\/mi-primer-jose-emilio-pacheco\/\">me hicieron creer<\/a> que a todos los escritores latinoamericanos les gustaban las narraciones de miedo) esta historia de un misterio a la vez horrible y rid\u00edculo: un su\u00e9ter asesino, o una mano posesa, o un rapto de locura, o qui\u00e9n sabe qu\u00e9, empe\u00f1ado en destruir una vida humana \u2013y tiene \u00e9xito\u2013 en el lapso de unos pocos minutos.<\/p>\n<p>Para m\u00ed hubo muchas lecturas posteriores, algunas deslumbrantes, otras no, y algunos distanciamientos con la obra de Julio Cort\u00e1zar.\u00a0\u00a0Pero est\u00e1 intacta mi admiraci\u00f3n por sus aspiraciones en la escritura y hasta en la vida, que casi nadie retoma ahora que en su idioma parece estar de moda una literatura m\u00e1s conservadora, de menos riesgo, de m\u00e1s solemnidad y santurroner\u00eda o bien de m\u00e1s espect\u00e1culo y morbo.\u00a0\u00c9l y otros como \u00e9l fueron los autores que me tocaron en suerte, por el momento en que nac\u00ed, para encontrar\u00a0la literatura (llegu\u00e9 demasiado pronto, digamos, para Roberto Bola\u00f1o, que hoy es el Cort\u00e1zar de muchas personas) y tambi\u00e9n la forma en la que la vida\u00a0puede adquirir sentido desde la literatura.\u00a0La verdad, creo\u00a0que podr\u00eda haber tenido anfitriones mucho peores a esa casa.<\/p>\n<p>En\u00a0los\u00a0textos\u00a0que siempre me han acompa\u00f1ado de Cort\u00e1zar est\u00e1,\u00a0para m\u00ed al menos, un descubrimiento doble: la risa y el misterio del mundo. La forma en la que (como en \u00abNo se culpe a nadie\u00bb, o <em>Rayuela<\/em>, o <a href=\"http:\/\/www.lamaquinadeltiempo.com\/cortazar\/howell.htm\">\u00abInstrucciones para John Howell\u00bb<\/a> o las mism\u00edsimas <em><a href=\"http:\/\/nuevaliteratura.com.ar\/descargas\/Historia%20De%20Cronopios%20Y%20De%20Famas%20-%20Julio%20Cortazar.pdf\">Historias de cronopios y de famas<\/a>, <\/em>si se lee m\u00e1s all\u00e1 de su superficie)\u00a0la escritura puede ser al mismo tiempo un juego transgresor, y gozoso, y un\u00a0se\u00f1alamiento de todo lo que est\u00e1 m\u00e1s all\u00e1 de nosotros: la comprobaci\u00f3n, dur\u00edsima, dif\u00edcil, imprescindible, de lo peque\u00f1o de\u00a0la estatura humana, y de c\u00f3mo enfrentamos\u00a0&#8211;o no&#8211; esa peque\u00f1ez. La risa ensancha el misterio a la vez que lo vuelve tolerable.<\/p>\n<p><a href=\"https:\/\/storify.com\/albertochimal\/cortazartop5\">Aqu\u00ed<\/a> hay\u00a0enlaces a cinco cuentos m\u00e1s, de mis favoritos de Cort\u00e1zar. Y su obra entera est\u00e1 donde debe estar: en el mundo, hacia\u00a0todos los que a\u00fan la encontrar\u00e1n.<\/p>\n","protected":false},"excerpt":{"rendered":"<p>Una nota breve alrededor del centenario de Julio Cort\u00e1zar<\/p>\n","protected":false},"author":1,"featured_media":11254,"comment_status":"open","ping_status":"open","sticky":false,"template":"","format":"standard","meta":{"advanced_seo_description":"","jetpack_seo_html_title":"","jetpack_seo_noindex":false,"jetpack_post_was_ever_published":false,"_jetpack_newsletter_access":"","_jetpack_dont_email_post_to_subs":true,"_jetpack_newsletter_tier_id":0,"_jetpack_memberships_contains_paywalled_content":false,"_jetpack_memberships_contains_paid_content":false,"footnotes":"","jetpack_publicize_message":"Feliz cumplea\u00f1os a Julio Cort\u00e1zar. Este texto lo celebra. http:\/\/wp.me\/pjEhq-2Vv","jetpack_publicize_feature_enabled":true,"jetpack_social_post_already_shared":true,"jetpack_social_options":{"image_generator_settings":{"template":"highway","default_image_id":0,"font":"","enabled":false},"version":2}},"categories":[1520],"tags":[2787,2866,205,2789,2788,1065,2855,2786,2003],"class_list":["post-11253","post","type-post","status-publish","format-standard","has-post-thumbnail","hentry","category-cuaderno","tag-centenario-de-julio-cortazar","tag-cuaderno","tag-escritura-y-vida","tag-historias-de-cronopios-y-de-famas","tag-instrucciones-para-john-howell","tag-julio-cortazar","tag-literatura","tag-no-se-culpe-a-nadie","tag-rayuela"],"jetpack_publicize_connections":[],"jetpack_featured_media_url":"https:\/\/www.lashistorias.com.mx\/wp-content\/uploads\/2014\/08\/JCyelG.jpg","jetpack_shortlink":"https:\/\/wp.me\/pjEhq-2Vv","jetpack_sharing_enabled":true,"_links":{"self":[{"href":"https:\/\/www.lashistorias.com.mx\/index.php\/wp-json\/wp\/v2\/posts\/11253","targetHints":{"allow":["GET"]}}],"collection":[{"href":"https:\/\/www.lashistorias.com.mx\/index.php\/wp-json\/wp\/v2\/posts"}],"about":[{"href":"https:\/\/www.lashistorias.com.mx\/index.php\/wp-json\/wp\/v2\/types\/post"}],"author":[{"embeddable":true,"href":"https:\/\/www.lashistorias.com.mx\/index.php\/wp-json\/wp\/v2\/users\/1"}],"replies":[{"embeddable":true,"href":"https:\/\/www.lashistorias.com.mx\/index.php\/wp-json\/wp\/v2\/comments?post=11253"}],"version-history":[{"count":4,"href":"https:\/\/www.lashistorias.com.mx\/index.php\/wp-json\/wp\/v2\/posts\/11253\/revisions"}],"predecessor-version":[{"id":11258,"href":"https:\/\/www.lashistorias.com.mx\/index.php\/wp-json\/wp\/v2\/posts\/11253\/revisions\/11258"}],"wp:featuredmedia":[{"embeddable":true,"href":"https:\/\/www.lashistorias.com.mx\/index.php\/wp-json\/wp\/v2\/media\/11254"}],"wp:attachment":[{"href":"https:\/\/www.lashistorias.com.mx\/index.php\/wp-json\/wp\/v2\/media?parent=11253"}],"wp:term":[{"taxonomy":"category","embeddable":true,"href":"https:\/\/www.lashistorias.com.mx\/index.php\/wp-json\/wp\/v2\/categories?post=11253"},{"taxonomy":"post_tag","embeddable":true,"href":"https:\/\/www.lashistorias.com.mx\/index.php\/wp-json\/wp\/v2\/tags?post=11253"}],"curies":[{"name":"wp","href":"https:\/\/api.w.org\/{rel}","templated":true}]}}