{"id":11169,"date":"2014-07-10T23:59:51","date_gmt":"2014-07-11T04:59:51","guid":{"rendered":"http:\/\/www.lashistorias.com.mx\/?p=11169"},"modified":"2018-11-10T18:57:35","modified_gmt":"2018-11-11T00:57:35","slug":"gente-del-mundo-2","status":"publish","type":"post","link":"https:\/\/www.lashistorias.com.mx\/index.php\/gente-del-mundo-2\/","title":{"rendered":"Gente del mundo"},"content":{"rendered":"<h4 style=\"text-align: left;\" align=\"center\"><strong><img loading=\"lazy\" decoding=\"async\" data-attachment-id=\"11152\" data-permalink=\"https:\/\/www.lashistorias.com.mx\/index.php\/la-historia-de-gente-del-mundo-2\/20140705-180246-64966624-jpg\/\" data-orig-file=\"https:\/\/www.lashistorias.com.mx\/wp-content\/uploads\/2014\/07\/20140705-180246-64966624.jpg\" data-orig-size=\"260,393\" data-comments-opened=\"1\" data-image-meta=\"{&quot;aperture&quot;:&quot;0&quot;,&quot;credit&quot;:&quot;&quot;,&quot;camera&quot;:&quot;&quot;,&quot;caption&quot;:&quot;&quot;,&quot;created_timestamp&quot;:&quot;0&quot;,&quot;copyright&quot;:&quot;&quot;,&quot;focal_length&quot;:&quot;0&quot;,&quot;iso&quot;:&quot;0&quot;,&quot;shutter_speed&quot;:&quot;0&quot;,&quot;title&quot;:&quot;&quot;}\" data-image-title=\"Gente del Mundo\" data-image-description=\"\" data-image-caption=\"\" data-large-file=\"https:\/\/www.lashistorias.com.mx\/wp-content\/uploads\/2014\/07\/20140705-180246-64966624.jpg\" class=\"alignnone wp-image-11152 size-medium\" src=\"https:\/\/www.lashistorias.com.mx\/wp-content\/uploads\/2014\/07\/20140705-180246-64966624-198x300.jpg\" alt=\"20140705-180246-64966624.jpg\" width=\"198\" height=\"300\" srcset=\"https:\/\/www.lashistorias.com.mx\/wp-content\/uploads\/2014\/07\/20140705-180246-64966624-198x300.jpg 198w, https:\/\/www.lashistorias.com.mx\/wp-content\/uploads\/2014\/07\/20140705-180246-64966624.jpg 260w\" sizes=\"auto, (max-width: 198px) 100vw, 198px\" \/><\/strong><\/h4>\n<h4 style=\"text-align: left;\" align=\"center\"><strong>Cuento. ERA, 2014 (reedici\u00f3n)<\/strong><\/h4>\n<p><em>Gente del Mundo<\/em>, <a href=\"https:\/\/www.lashistorias.com.mx\/index.php\/archivo\/la-historia-de-gente-del-mundo-2\/\">publicado originalmente en 1998<\/a> y reeditado en 2014 en una versi\u00f3n ampliada, corregida y definitiva, no cuenta una sola historia sino muchas: es el cat\u00e1logo de los pueblos que habitan un mundo imaginario, o tal vez nuestro propio mundo en un tiempo muy remoto.<\/p>\n<p>Un pueblo conquistado que se niega a mostrar cualquier sentimiento para volverse m\u00e1s fuerte que sus opresores; otro de guerreros tan gordos que deben ser lanzados por catapulta para llegar al campo de batalla; otro que asusta a todos los dem\u00e1s con sus ideas de lo que es bello; otro de gente que escribe todos los hechos de su vida a medida que suceden; otro que vive en un trance perpetuo; otro que no entierra a sus muertos y en cambio llena con ellos sus ciudades\u2026 Textos breves, de no m\u00e1s de una o dos p\u00e1ginas cada uno, describen cada cultura dando el nombre que \u00e9sta se da a s\u00ed misma, sus caracter\u00edsticas y costumbres, y casi siempre alguna an\u00e9cdota. En cada texto se cuentan sucesos extraordinarios\u2026 y a la vez se pueden encontrar semejanzas con nuestro propio presente: las pasiones son las mismas que aqu\u00ed, as\u00ed como los errores, los miedos, la capacidad para la violencia y para la belleza.<br \/>\nAlternadas con estas narraciones hay tambi\u00e9n una serie de im\u00e1genes que, se supone, ilustran la vida de algunos otros pueblos\u2026, pero son im\u00e1genes \u201cperdidas\u201d: s\u00f3lo quedan sus descripciones, de modo que cada lector podr\u00e1 imaginarlas como desee.<br \/>\nEl libro se presenta como una edici\u00f3n de un texto antiguo y rodeado de misterios: no se sabe si est\u00e1 completo, se nos dice; no est\u00e1 claro c\u00f3mo se perdieron las ilustraciones, no se sabe tampoco qu\u00e9 tanto es verdad de las biograf\u00edas de sus autores: un explorador llamado Damac de Jeramow y una artista llamada Auko la Ignota, que incluso podr\u00edan no haber existido en absoluto, y ser s\u00f3lo parte de una leyenda, como lo son Homero o Vyasa en la historia de la literatura que conocemos.<br \/>\nUn ap\u00e9ndice, que se convierte en dos, que se convierten en tres, propone diferentes versiones de la historia detr\u00e1s del libro y termina por decir algo acerca de por qu\u00e9, pese a todo lo que puede salir mal en el empe\u00f1o, es importante mirar el mundo, representarlo, y tambi\u00e9n imaginarlo: inventarlo otra vez.<br \/>\nEl libro fue considerado uno de los mejores t\u00edtulos de narrativa publicados en el a\u00f1o de su aparici\u00f3n por el suplemento <em>La Jornada Semanal<\/em> y es uno de los m\u00e1s celebrados de su autor.<\/p>\n<p>De la contraportada:<\/p>\n<blockquote><p>Puede que este breve libro sea apenas un resto, una ruina, lo que queda de una mir\u00edada de civilizaciones. Un pu\u00f1ado de textos muy breves, donde en un gesto crucial queda esbozada una cultura. Una colecci\u00f3n de ilustraciones que producen la imagen aleg\u00f3rica de todo un pueblo.<br \/>\nPuede que este breve libro sea una colecci\u00f3n de futuros, un lugar donde algunos ejemplos sirven como conjuros que, adem\u00e1s de convocar con la precisi\u00f3n de muy pocas palabras, sugieren variaciones, series. Se quedan en la memoria y sugieren tambi\u00e9n lo que no dicen.<br \/>\nAlberto Chimal es el mejor lector en los \u00faltimos a\u00f1os de Calvino y de Borges porque en vez de admirarlos desde la cita, se aboca a volver a imaginar. En un medio sobresaturado de fidelidades a la prensa, este libro reaparece y refresca un panorama editorial un\u00e1nime. Hay que celebrarlo. Hoy <em>Gente del Mundo<\/em> es m\u00e1s importante que nunca.<\/p><\/blockquote>\n<p><a name=\"notas\"><\/a>M\u00e1s informaci\u00f3n sobre el libro se puede encontrar en <a href=\"http:\/\/us2.campaign-archive2.com\/?u=0a1eb4a8cd63a526e4984f312&amp;id=8b48240505&amp;e=b756c9553a\">esta p\u00e1gina<\/a>.<\/p>\n<h4>Muestras disponibles en l\u00ednea<\/h4>\n<ul>\n<li><a href=\"https:\/\/www.lashistorias.com.mx\/index.php\/textos\/gente-del-mundo-fragmentos\/\">Cinco fragmentos<\/a> alojados en Las Historias.<\/li>\n<\/ul>\n<p><a name=\"notas\"><\/a><\/p>\n<h4>Notas sobre <em>Gente del mundo<\/em><\/h4>\n<ul>\n<li><a href=\"http:\/\/www.jornada.unam.mx\/2014\/08\/31\/sem-veronica.html\">Rese\u00f1a de Ver\u00f3nica Murgu\u00eda<\/a> en <em>La Jornada Semanal<\/em>.<\/li>\n<li><a href=\"http:\/\/palabrasaflordepiel.com\/2014\/09\/13\/alberto-chimal-escritor-sin-complejos\/\">Rese\u00f1a de Julia Santib\u00e1\u00f1ez<\/a> en su bit\u00e1cora.<\/li>\n<li><a href=\"http:\/\/aristeguinoticias.com\/1908\/lomasdestacado\/alberto-chimal-habla-de-su-nuevo-libro-gente-del-mundo\/\">Entrevista a Alberto Chimal<\/a> sobre el libro en el sitio <em>Aristegui Noticias<\/em>.<\/li>\n<li><a href=\"http:\/\/www.sinembargo.mx\/22-09-2014\/1122542\">Entrevista a Alberto Chimal<\/a> sobre el libro en el <em>Sin Embargo<\/em>.<\/li>\n<li><a href=\"http:\/\/www.excelsior.com.mx\/expresiones\/2014\/08\/18\/976760\">Nota sobre el libro<\/a> en el diario <em>Exc\u00e9lsior<\/em>.<\/li>\n<li><a href=\"http:\/\/www.jornada.unam.mx\/2014\/08\/23\/cultura\/a04n2cul\">Nota sobre el libro<\/a> en el diario <em>La Jornada<\/em>.<\/li>\n<li><a href=\"http:\/\/www.m-x.com.mx\/2014-08-24\/la-mas-amada\/\">Nota sobre el libro<\/a> en el portal Eme Equis.<\/li>\n<li><a href=\"http:\/\/www.razon.com.mx\/spip.php?article230930\">Entrevista<\/a> en el diario <em>La Raz\u00f3n<\/em>.<\/li>\n<\/ul>\n<h4><em>Booktrailer<\/em><\/h4>\n<p><iframe loading=\"lazy\" src=\"\/\/www.youtube.com\/embed\/jo4P5Ggd09w?rel=0\" width=\"500\" height=\"281\" frameborder=\"0\" allowfullscreen=\"allowfullscreen\"><\/iframe><\/p>\n","protected":false},"excerpt":{"rendered":"<p>Cuentos. ERA, 2014 (reedici\u00f3n)<\/p>\n","protected":false},"author":2,"featured_media":11152,"comment_status":"open","ping_status":"open","sticky":false,"template":"","format":"standard","meta":{"advanced_seo_description":"","jetpack_seo_html_title":"","jetpack_seo_noindex":false,"jetpack_post_was_ever_published":false,"_jetpack_newsletter_access":"","_jetpack_dont_email_post_to_subs":true,"_jetpack_newsletter_tier_id":0,"_jetpack_memberships_contains_paywalled_content":false,"_jetpack_memberships_contains_paid_content":false,"footnotes":"","jetpack_publicize_message":"Gente del Mundo http:\/\/wp.me\/pjEhq-2U9","jetpack_publicize_feature_enabled":true,"jetpack_social_post_already_shared":true,"jetpack_social_options":{"image_generator_settings":{"template":"highway","default_image_id":0,"font":"","enabled":false},"version":2}},"categories":[13],"tags":[22,1643,677,760],"class_list":["post-11169","post","type-post","status-publish","format-standard","has-post-thumbnail","hentry","category-publicaciones","tag-cuento","tag-ediciones-era","tag-gente-del-mundo","tag-reedicion"],"jetpack_publicize_connections":[],"jetpack_featured_media_url":"https:\/\/www.lashistorias.com.mx\/wp-content\/uploads\/2014\/07\/20140705-180246-64966624.jpg","jetpack_shortlink":"https:\/\/wp.me\/pjEhq-2U9","jetpack_sharing_enabled":true,"_links":{"self":[{"href":"https:\/\/www.lashistorias.com.mx\/index.php\/wp-json\/wp\/v2\/posts\/11169","targetHints":{"allow":["GET"]}}],"collection":[{"href":"https:\/\/www.lashistorias.com.mx\/index.php\/wp-json\/wp\/v2\/posts"}],"about":[{"href":"https:\/\/www.lashistorias.com.mx\/index.php\/wp-json\/wp\/v2\/types\/post"}],"author":[{"embeddable":true,"href":"https:\/\/www.lashistorias.com.mx\/index.php\/wp-json\/wp\/v2\/users\/2"}],"replies":[{"embeddable":true,"href":"https:\/\/www.lashistorias.com.mx\/index.php\/wp-json\/wp\/v2\/comments?post=11169"}],"version-history":[{"count":19,"href":"https:\/\/www.lashistorias.com.mx\/index.php\/wp-json\/wp\/v2\/posts\/11169\/revisions"}],"predecessor-version":[{"id":14696,"href":"https:\/\/www.lashistorias.com.mx\/index.php\/wp-json\/wp\/v2\/posts\/11169\/revisions\/14696"}],"wp:featuredmedia":[{"embeddable":true,"href":"https:\/\/www.lashistorias.com.mx\/index.php\/wp-json\/wp\/v2\/media\/11152"}],"wp:attachment":[{"href":"https:\/\/www.lashistorias.com.mx\/index.php\/wp-json\/wp\/v2\/media?parent=11169"}],"wp:term":[{"taxonomy":"category","embeddable":true,"href":"https:\/\/www.lashistorias.com.mx\/index.php\/wp-json\/wp\/v2\/categories?post=11169"},{"taxonomy":"post_tag","embeddable":true,"href":"https:\/\/www.lashistorias.com.mx\/index.php\/wp-json\/wp\/v2\/tags?post=11169"}],"curies":[{"name":"wp","href":"https:\/\/api.w.org\/{rel}","templated":true}]}}