{"id":11157,"date":"2014-07-10T12:00:26","date_gmt":"2014-07-10T17:00:26","guid":{"rendered":"http:\/\/www.lashistorias.com.mx\/?p=11157"},"modified":"2025-03-17T22:52:43","modified_gmt":"2025-03-18T04:52:43","slug":"la-historia-de-gente-del-mundo-2","status":"publish","type":"post","link":"https:\/\/www.lashistorias.com.mx\/index.php\/la-historia-de-gente-del-mundo-2\/","title":{"rendered":"La historia de <em>Gente del Mundo<\/em>"},"content":{"rendered":"<p>La historia de c\u00f3mo se escriben ciertos libros puede ser larga e intrincada. As\u00ed ocurre con \u00e9ste: su t\u00edtulo es <em>Gente del mundo<\/em>, apareci\u00f3 por primera vez en 1998 y ahora, 16 a\u00f1os despu\u00e9s, vuelve en una edici\u00f3n muy hermosa \u2013y <em>aumentada<\/em>\u2013 que publica ERA.<\/p>\n<p><a ref=\"magnificPopup\" href=\"https:\/\/www.lashistorias.com.mx\/wp-content\/uploads\/2014\/07\/Gdm2014-1.jpg\"><img loading=\"lazy\" decoding=\"async\" data-attachment-id=\"11163\" data-permalink=\"https:\/\/www.lashistorias.com.mx\/index.php\/la-historia-de-gente-del-mundo-2\/gdm2014-1\/\" data-orig-file=\"https:\/\/www.lashistorias.com.mx\/wp-content\/uploads\/2014\/07\/Gdm2014-1.jpg\" data-orig-size=\"2310,2828\" data-comments-opened=\"1\" data-image-meta=\"{&quot;aperture&quot;:&quot;0&quot;,&quot;credit&quot;:&quot;&quot;,&quot;camera&quot;:&quot;&quot;,&quot;caption&quot;:&quot;&quot;,&quot;created_timestamp&quot;:&quot;0&quot;,&quot;copyright&quot;:&quot;&quot;,&quot;focal_length&quot;:&quot;0&quot;,&quot;iso&quot;:&quot;0&quot;,&quot;shutter_speed&quot;:&quot;0&quot;,&quot;title&quot;:&quot;&quot;}\" data-image-title=\"Gdm2014-1\" data-image-description=\"\" data-image-caption=\"\" data-large-file=\"https:\/\/www.lashistorias.com.mx\/wp-content\/uploads\/2014\/07\/Gdm2014-1-836x1024.jpg\" class=\"aligncenter size-large wp-image-11163\" src=\"https:\/\/www.lashistorias.com.mx\/wp-content\/uploads\/2014\/07\/Gdm2014-1-836x1024.jpg\" alt=\"Gdm2014-1\" width=\"600\" height=\"734\" srcset=\"https:\/\/www.lashistorias.com.mx\/wp-content\/uploads\/2014\/07\/Gdm2014-1-836x1024.jpg 836w, https:\/\/www.lashistorias.com.mx\/wp-content\/uploads\/2014\/07\/Gdm2014-1-245x300.jpg 245w\" sizes=\"auto, (max-width: 600px) 100vw, 600px\" \/><\/a><\/p>\n<p>\u00bfDe qu\u00e9 trata? No cuenta una sola historia sino muchas: es el cat\u00e1logo de los pueblos que habitan un mundo imaginario, o tal vez nuestro propio mundo en un tiempo muy remoto.<\/p>\n<p>Un pueblo conquistado que se niega a mostrar cualquier sentimiento para volverse m\u00e1s fuerte que sus opresores; otro de guerreros tan gordos que deben ser lanzados por catapulta para llegar al campo de batalla; otro que asusta a todos los dem\u00e1s con sus ideas de lo que es bello; otro de gente que escribe todos los hechos de su vida a medida que suceden; otro que vive en un trance perpetuo; otro que no entierra a sus muertos y en cambio llena con ellos sus ciudades\u2026 Textos breves, de no m\u00e1s de una o dos p\u00e1ginas cada uno, describen cada cultura dando el nombre que \u00e9sta se da a s\u00ed misma, sus caracter\u00edsticas y costumbres, y casi siempre alguna an\u00e9cdota. En cada texto se cuentan sucesos extraordinarios\u2026 y a la vez se pueden encontrar semejanzas con nuestro propio presente: las pasiones son las mismas que aqu\u00ed, as\u00ed como los errores, los miedos, la capacidad para la violencia y para la belleza.<\/p>\n<p>Alternadas con estas narraciones hay tambi\u00e9n una serie de im\u00e1genes que, se supone, ilustran la vida de algunos otros pueblos\u2026, pero son im\u00e1genes \u201cperdidas\u201d: s\u00f3lo quedan sus descripciones, de modo que cada lector podr\u00e1 imaginarlas como desee.<\/p>\n<p>El libro se presenta como una edici\u00f3n de un texto antiguo y rodeado de misterios: no se sabe si est\u00e1 completo, se nos dice; no est\u00e1 claro c\u00f3mo se perdieron las ilustraciones, no se sabe tampoco qu\u00e9 tanto es verdad de las biograf\u00edas de sus autores: un explorador llamado Damac de Jeramow y una artista llamada Auko la Ignota, que incluso podr\u00edan no haber existido en absoluto, y ser s\u00f3lo parte de una leyenda, como lo son Homero o Vyasa en la historia de la literatura que conocemos.<\/p>\n<p>Un ap\u00e9ndice, que se convierte en dos, que se convierten en tres, propone diferentes versiones de la historia detr\u00e1s del libro y termina por decir algo acerca de por qu\u00e9, pese a todo lo que puede salir mal en el empe\u00f1o, es importante mirar el mundo, representarlo, y tambi\u00e9n imaginarlo: inventarlo otra vez.<\/p>\n<p>&nbsp;<\/p>\n<p>&nbsp;<\/p>\n<p>El libro comenz\u00f3 a existir en el milenio pasado: en 1996. Yo ten\u00eda 25 a\u00f1os cuando lo comenc\u00e9 \u2013llevaba un a\u00f1o de vivir por mi cuenta, fuera de mi ciudad natal\u2013 y mis intenciones al escribirlo tienen mucho que ver con varios libros y autores muy queridos. La idea de las historias breves viene de la minificci\u00f3n: las historias peque\u00f1\u00edsimas, que yo descubr\u00ed leyendo a Jorge Luis Borges, a Juan Jos\u00e9 Arreola, a Mario Levrero y a Ana Mar\u00eda Shua, entre otros. La idea de crear otro mundo \u2013o una versi\u00f3n disfrazada, transfigurada de <em>este<\/em> mundo\u2013 se deriva de muchas historias de imaginaci\u00f3n fant\u00e1stica: aquellas que describen lo que no puede ser <em>a sabiendas<\/em>, porque al hacerlo pueden revelar aspectos diferentes, poco frecuentados, de la vida real. Tambi\u00e9n hab\u00eda le\u00eddo <em>Las ciudades invisibles<\/em> de Italo Calvino y <em>Kalpa imperial<\/em> de Ang\u00e9lica Gorodischer y los <em>Ejercicios de estilo<\/em> de Raymond Queneau, libros que juegan muy en serio a inventar, y adem\u00e1s a inventar mucho: series de m\u00faltiples historias en las que el placer no est\u00e1 s\u00f3lo en ver qu\u00e9 pasa, sino c\u00f3mo difiere cada texto de los que lo preceden y los que los siguen: c\u00f3mo a partir de un concepto muy simple se pueden crear numerosas variaciones diferentes.<\/p>\n<p>En el fondo, simplemente quer\u00eda crear historias como aquellas que me hab\u00edan fascinado, pero tambi\u00e9n algo que pudiera ser de alg\u00fan modo mi propia historia: la de alguien que comenzaba a descubrir el mundo, deseaba entenderlo, no estaba seguro de poder lograrlo y, pese a todo, ten\u00eda la audacia o el descaro de creer que el intento pod\u00eda valer por s\u00ed mismo, si se contaba de un modo que pudiera llamar la atenci\u00f3n de otras personas. Tampoco es algo tan raro. El escribir parte siempre del mismo acto de locura: de la fe de que se tiene algo que decir.<\/p>\n<p>&nbsp;<\/p>\n<p>&nbsp;<\/p>\n<p>Una versi\u00f3n temprana y muy breve del libro apareci\u00f3 en Toluca en 1996, con el t\u00edtulo <em>Vecinos de la Tierra,<\/em> en una edici\u00f3n ya perdida del Centro Toluque\u00f1o de Escritores. Dos a\u00f1os despu\u00e9s, a invitaci\u00f3n de Juan Domingo Arg\u00fcelles \u2013quien entonces estaba al frente de las ediciones de Tierra Adentro\u2013, me puse a pensar en qu\u00e9 pod\u00eda proponer para esa colecci\u00f3n y revis\u00e9 el texto de<em> Vecinos de la Tierra<\/em>, elimin\u00e9 algunas porciones, ampli\u00e9 otras; tambi\u00e9n agregu\u00e9 descripciones de muchos pueblos y todas las im\u00e1genes \u201cextraviadas\u201d, que fueron atribuidas a un personaje llamado Kadous\u00ef el Magn\u00edfico. Tambi\u00e9n, un ap\u00e9ndice amplificado con muchas teor\u00edas contrapuestas sobre el origen del libro misterioso. Propuse esta nueva versi\u00f3n y fue aceptada. Poco despu\u00e9s se public\u00f3, con el n\u00famero 174 de la colecci\u00f3n de Tierra Adentro y el t\u00edtulo que deseaba darle desde el principio: <em>Gente del mundo<\/em>.<\/p>\n<p><a ref=\"magnificPopup\" href=\"https:\/\/www.lashistorias.com.mx\/wp-content\/uploads\/2014\/07\/LibrosPrevios.jpg\"><img loading=\"lazy\" decoding=\"async\" data-attachment-id=\"11165\" data-permalink=\"https:\/\/www.lashistorias.com.mx\/index.php\/la-historia-de-gente-del-mundo-2\/librosprevios\/\" data-orig-file=\"https:\/\/www.lashistorias.com.mx\/wp-content\/uploads\/2014\/07\/LibrosPrevios.jpg\" data-orig-size=\"3090,2287\" data-comments-opened=\"1\" data-image-meta=\"{&quot;aperture&quot;:&quot;0&quot;,&quot;credit&quot;:&quot;&quot;,&quot;camera&quot;:&quot;&quot;,&quot;caption&quot;:&quot;&quot;,&quot;created_timestamp&quot;:&quot;0&quot;,&quot;copyright&quot;:&quot;&quot;,&quot;focal_length&quot;:&quot;0&quot;,&quot;iso&quot;:&quot;0&quot;,&quot;shutter_speed&quot;:&quot;0&quot;,&quot;title&quot;:&quot;&quot;}\" data-image-title=\"LibrosPrevios\" data-image-description=\"\" data-image-caption=\"\" data-large-file=\"https:\/\/www.lashistorias.com.mx\/wp-content\/uploads\/2014\/07\/LibrosPrevios-1024x757.jpg\" class=\"aligncenter size-large wp-image-11165\" src=\"https:\/\/www.lashistorias.com.mx\/wp-content\/uploads\/2014\/07\/LibrosPrevios-1024x757.jpg\" alt=\"LibrosPrevios\" width=\"600\" height=\"443\" srcset=\"https:\/\/www.lashistorias.com.mx\/wp-content\/uploads\/2014\/07\/LibrosPrevios-1024x757.jpg 1024w, https:\/\/www.lashistorias.com.mx\/wp-content\/uploads\/2014\/07\/LibrosPrevios-300x222.jpg 300w\" sizes=\"auto, (max-width: 600px) 100vw, 600px\" \/><\/a><\/p>\n<p>La prensa le hizo en general poco caso \u2013la verdad, era un libro raro y lo sigue siendo\u2013, pero me dio tres satisfacciones: fue el primero de los m\u00edos en aparecer en alguna lista de \u201cLos mejores libros del a\u00f1o\u201d (lo que es vertiginoso y muy emocionante); fue el tema del primer trabajo acad\u00e9mico realizado sobre algo escrito por m\u00ed (un libro coordinado por el doctor Samuel Gordon) y, sobre todo, no tuvo mala suerte con sus lectores. Fue reimpreso en 2001 al agotarse el primer tiraje y volvi\u00f3 a agotarse. Lo he visto circular en fotocopias. Durante m\u00e1s de una d\u00e9cada ha habido personas que me preguntan d\u00f3nde encontrarlo.<\/p>\n<p>La raz\u00f3n de esto \u00faltimo es que, tras aquellos dos tirajes, el libro se qued\u00f3 en el limbo por un largo rato. Hubo que esperar un tiempo para verificar que se considerara definitivamente agotado y se pudiera pensar en reeditarlo. Entonces hubo una serie de contratiempos<\/p>\n<p>Una editorial independiente espa\u00f1ola se interes\u00f3 en la reedici\u00f3n pero solicit\u00f3 algunos cambios, para que el libro pudiese llevar ilustraciones y verse un poco m\u00e1s como novela convencional, de modo que tuviera mejores probabilidades de venta. Esto me molest\u00f3 un poco: obviamente me interesa que lo que escribo sea le\u00eddo, pero tampoco es que todo libro deba o siquiera pueda ser una novela. Finalmente llegamos al acuerdo de agregar un poco m\u00e1s de \u201ctrama\u201d\u2026 pero en forma de un ap\u00e9ndice adicional, que sugiriera posibles conexiones entre los textos del libro y el misterio de su hechura. Adem\u00e1s, la serie de falsas ilustraciones originales ser\u00eda acompa\u00f1ada de otra serie de ilustraciones \u201cde verdad\u201d, atribuidas a una artista con sus propios misterios y realizadas por un ilustrador para \u201cparecer\u201d provenientes de un tiempo m\u00edtico. El contrato se firm\u00f3 en 2006. Entonces la editorial no pudo sacar el libro de inmediato, entre otras razones porque no iba a poder encargar todas las ilustraciones de la serie propuesta. Entonces lleg\u00f3 la recesi\u00f3n de 2008, no volv\u00ed a saber del editor\u2026 y a comienzos de 2013 supe que la editorial entera hab\u00eda desaparecido.<\/p>\n<p>A fines de ese a\u00f1o, Marcelo Uribe, el gran editor de ERA, acept\u00f3 que le enviara el manuscrito de esa versi\u00f3n extraviada, y tra\u00edda, y llevada, de otro mundo y sus relatores.<\/p>\n<p>Y me puse a revisar el texto una vez m\u00e1s. Lo que los lectores de ahora conocer\u00e1n en esta edici\u00f3n nueva \u2013y definitiva\u2013 de <em>Gente del mundo<\/em> es una versi\u00f3n todav\u00eda m\u00e1s trabajada que quiere reunir lo mejor de todas las anteriores. Hay m\u00e1s historias de aquellos pueblos misteriosos; las im\u00e1genes son m\u00e1s y son todas para imaginar; en lugar de haber varios personajes dibujando el libro de Damac, hay una sola, que tiene tambi\u00e9n su propia historia, y los nuevos ap\u00e9ndices sugieren, m\u00e1s all\u00e1 de las aventuras de sus personajes principales, la imagen de un mundo parecido al nuestro de varias formas: con vaivenes de pol\u00edtica y de violencia, con intervalos de paz, con indiferencia y curiosidad.<\/p>\n<p>Jos\u00e9 Luis Z\u00e1rate, colega y amigo muy querido, sabe la historia de <em>Gente del mundo<\/em> y ha dicho con mucha generosidad que, pese a todas las dificultades, el libro pod\u00eda considerarse desde el principio como una novela: una hecha de fragmentos, con su forma vuelta al rev\u00e9s como un guante. Nunca lo pens\u00e9 as\u00ed, pero la lectura de Jos\u00e9 Luis me alegra precisamente por eso: porque parte del texto escrito para ir m\u00e1s all\u00e1 de lo que pod\u00eda prever quien lo escribi\u00f3. Mi deseo es que ahora, con esta nueva edici\u00f3n, otras personas puedan hacer sus propias lecturas y tener sus propias experiencias con <em>Gente del mundo<\/em>: adentrarse a su manera con las p\u00e1ginas y, con suerte, hallar en ellas algo digno de recordarse.<\/p>\n<p><a ref=\"magnificPopup\" href=\"https:\/\/www.lashistorias.com.mx\/wp-content\/uploads\/2014\/07\/TodasLasEdiciones.jpg\"><img loading=\"lazy\" decoding=\"async\" data-attachment-id=\"11167\" data-permalink=\"https:\/\/www.lashistorias.com.mx\/index.php\/la-historia-de-gente-del-mundo-2\/todaslasediciones\/\" data-orig-file=\"https:\/\/www.lashistorias.com.mx\/wp-content\/uploads\/2014\/07\/TodasLasEdiciones.jpg\" data-orig-size=\"2873,2420\" data-comments-opened=\"1\" data-image-meta=\"{&quot;aperture&quot;:&quot;0&quot;,&quot;credit&quot;:&quot;&quot;,&quot;camera&quot;:&quot;&quot;,&quot;caption&quot;:&quot;&quot;,&quot;created_timestamp&quot;:&quot;0&quot;,&quot;copyright&quot;:&quot;&quot;,&quot;focal_length&quot;:&quot;0&quot;,&quot;iso&quot;:&quot;0&quot;,&quot;shutter_speed&quot;:&quot;0&quot;,&quot;title&quot;:&quot;&quot;}\" data-image-title=\"TodasLasEdiciones\" data-image-description=\"\" data-image-caption=\"\" data-large-file=\"https:\/\/www.lashistorias.com.mx\/wp-content\/uploads\/2014\/07\/TodasLasEdiciones-1024x862.jpg\" class=\"aligncenter size-large wp-image-11167\" src=\"https:\/\/www.lashistorias.com.mx\/wp-content\/uploads\/2014\/07\/TodasLasEdiciones-1024x862.jpg\" alt=\"TodasLasEdiciones\" width=\"600\" height=\"505\" srcset=\"https:\/\/www.lashistorias.com.mx\/wp-content\/uploads\/2014\/07\/TodasLasEdiciones-1024x862.jpg 1024w, https:\/\/www.lashistorias.com.mx\/wp-content\/uploads\/2014\/07\/TodasLasEdiciones-300x252.jpg 300w\" sizes=\"auto, (max-width: 600px) 100vw, 600px\" \/><\/a><\/p>\n<p>&nbsp;<\/p>\n","protected":false},"excerpt":{"rendered":"<p>Un libro publicado en 1998 regresa en 2014: he aqu\u00ed su historia.<\/p>\n","protected":false},"author":1,"featured_media":11163,"comment_status":"open","ping_status":"open","sticky":false,"template":"","format":"standard","meta":{"advanced_seo_description":"","jetpack_seo_html_title":"","jetpack_seo_noindex":false,"jetpack_post_was_ever_published":false,"_jetpack_newsletter_access":"","_jetpack_dont_email_post_to_subs":true,"_jetpack_newsletter_tier_id":0,"_jetpack_memberships_contains_paywalled_content":false,"_jetpack_memberships_contains_paid_content":false,"footnotes":"","jetpack_publicize_message":"Un libro publicado en 1998 regresa en 2014: he aqu\u00ed su historia. http:\/\/wp.me\/pjEhq-2TX","jetpack_publicize_feature_enabled":true,"jetpack_social_post_already_shared":true,"jetpack_social_options":{"image_generator_settings":{"template":"highway","default_image_id":0,"font":"","enabled":false},"version":2}},"categories":[1520],"tags":[2866,2779,1643,1150,205,2744,677,324,2781,790,2780],"class_list":["post-11157","post","type-post","status-publish","format-standard","has-post-thumbnail","hentry","category-cuaderno","tag-cuaderno","tag-edicion","tag-ediciones-era","tag-editores","tag-escritura-y-vida","tag-experiencia-de-la-escritura","tag-gente-del-mundo","tag-jose-luis-zarate","tag-marcelo-uribe","tag-tierra-adentro","tag-vecinos-de-la-tierra"],"jetpack_publicize_connections":[],"jetpack_featured_media_url":"https:\/\/www.lashistorias.com.mx\/wp-content\/uploads\/2014\/07\/Gdm2014-1.jpg","jetpack_shortlink":"https:\/\/wp.me\/pjEhq-2TX","jetpack_sharing_enabled":true,"_links":{"self":[{"href":"https:\/\/www.lashistorias.com.mx\/index.php\/wp-json\/wp\/v2\/posts\/11157","targetHints":{"allow":["GET"]}}],"collection":[{"href":"https:\/\/www.lashistorias.com.mx\/index.php\/wp-json\/wp\/v2\/posts"}],"about":[{"href":"https:\/\/www.lashistorias.com.mx\/index.php\/wp-json\/wp\/v2\/types\/post"}],"author":[{"embeddable":true,"href":"https:\/\/www.lashistorias.com.mx\/index.php\/wp-json\/wp\/v2\/users\/1"}],"replies":[{"embeddable":true,"href":"https:\/\/www.lashistorias.com.mx\/index.php\/wp-json\/wp\/v2\/comments?post=11157"}],"version-history":[{"count":7,"href":"https:\/\/www.lashistorias.com.mx\/index.php\/wp-json\/wp\/v2\/posts\/11157\/revisions"}],"predecessor-version":[{"id":16770,"href":"https:\/\/www.lashistorias.com.mx\/index.php\/wp-json\/wp\/v2\/posts\/11157\/revisions\/16770"}],"wp:featuredmedia":[{"embeddable":true,"href":"https:\/\/www.lashistorias.com.mx\/index.php\/wp-json\/wp\/v2\/media\/11163"}],"wp:attachment":[{"href":"https:\/\/www.lashistorias.com.mx\/index.php\/wp-json\/wp\/v2\/media?parent=11157"}],"wp:term":[{"taxonomy":"category","embeddable":true,"href":"https:\/\/www.lashistorias.com.mx\/index.php\/wp-json\/wp\/v2\/categories?post=11157"},{"taxonomy":"post_tag","embeddable":true,"href":"https:\/\/www.lashistorias.com.mx\/index.php\/wp-json\/wp\/v2\/tags?post=11157"}],"curies":[{"name":"wp","href":"https:\/\/api.w.org\/{rel}","templated":true}]}}