{"id":11019,"date":"2014-04-03T18:46:25","date_gmt":"2014-04-04T00:46:25","guid":{"rendered":"http:\/\/www.lashistorias.com.mx\/?p=11019"},"modified":"2016-10-26T10:19:33","modified_gmt":"2016-10-26T15:19:33","slug":"kustos-i-la-puerta-secreta","status":"publish","type":"post","link":"https:\/\/www.lashistorias.com.mx\/index.php\/kustos-i-la-puerta-secreta\/","title":{"rendered":"Kustos"},"content":{"rendered":"<h4 style=\"text-align: left;\" align=\"center\"><a ref=\"magnificPopup\" href=\"https:\/\/www.lashistorias.com.mx\/wp-content\/uploads\/2014\/04\/kustoslps.jpg\" rel=\"attachment wp-att-11021\"><img loading=\"lazy\" decoding=\"async\" data-attachment-id=\"11021\" data-permalink=\"https:\/\/www.lashistorias.com.mx\/index.php\/kustos-i-la-puerta-secreta\/kustoslps-3\/\" data-orig-file=\"https:\/\/www.lashistorias.com.mx\/wp-content\/uploads\/2014\/04\/kustoslps.jpg\" data-orig-size=\"1977,3011\" data-comments-opened=\"1\" data-image-meta=\"{&quot;aperture&quot;:&quot;0&quot;,&quot;credit&quot;:&quot;&quot;,&quot;camera&quot;:&quot;&quot;,&quot;caption&quot;:&quot;&quot;,&quot;created_timestamp&quot;:&quot;0&quot;,&quot;copyright&quot;:&quot;&quot;,&quot;focal_length&quot;:&quot;0&quot;,&quot;iso&quot;:&quot;0&quot;,&quot;shutter_speed&quot;:&quot;0&quot;,&quot;title&quot;:&quot;&quot;}\" data-image-title=\"Kustos\" data-image-description=\"\" data-image-caption=\"\" data-large-file=\"https:\/\/www.lashistorias.com.mx\/wp-content\/uploads\/2014\/04\/kustoslps-672x1024.jpg\" class=\"alignnone size-medium wp-image-11021\" src=\"https:\/\/www.lashistorias.com.mx\/wp-content\/uploads\/2014\/04\/kustoslps-196x300.jpg\" alt=\"Kustos\" width=\"196\" height=\"300\" srcset=\"https:\/\/www.lashistorias.com.mx\/wp-content\/uploads\/2014\/04\/kustoslps-196x300.jpg 196w, https:\/\/www.lashistorias.com.mx\/wp-content\/uploads\/2014\/04\/kustoslps-672x1024.jpg 672w, https:\/\/www.lashistorias.com.mx\/wp-content\/uploads\/2014\/04\/kustoslps.jpg 1977w\" sizes=\"auto, (max-width: 196px) 100vw, 196px\" \/><\/a><\/h4>\n<h4 style=\"text-align: left;\" align=\"center\"><em>Kustos. Libro 1. La puerta secreta \/ Kustos. Libro 2. \u00a1Todos juntos ya!<\/em><\/h4>\n<h4 style=\"text-align: left;\" align=\"center\"><strong>Novela gr\u00e1fica \/ c\u00f3mic. M\u00e9xico, Resistencia, 2013\/2014<\/strong><\/h4>\n<h4>(El libro puede adquirirse en l\u00ednea en la <a href=\"https:\/\/www.kichink.com\/buy\/97268\/editorialresistencia\/kustos-libro-1-la-puerta-secreta#.Uz38tvl5NrU\">tienda virtual de Editorial Resistencia<\/a>.)<\/h4>\n<p>&nbsp;<\/p>\n<p><span style=\"line-height: 1.5em;\">Las aventuras de Horacio Kustos, explorador, buscador de lo maravilloso y lo extra\u00f1o, han sido escritas por Alberto Chimal a lo largo de m\u00e1s de una d\u00e9cada e incluyen ya dos libros completos: la novela <em>La torre y el jard\u00edn<\/em> y el libro de cuentos <em>El \u00faltimo explorador<\/em>. A ellos se agrega ahora <em>Kustos<\/em>, una novela gr\u00e1fica\u00a0en dos partes.<\/span><\/p>\n<p>Con ilustraciones de Ricardo \u00abMicro\u00bb Garc\u00eda, uno de los mejores dibujantes mexicanos de c\u00f3mic en la actualidad, <em>Kustos<\/em>\u00a0cuenta una historia t\u00edpica del personaje &#8211;quien suele encontrar sucesos extraordinarios y personajes inusuales en los sitios m\u00e1s cotidianos&#8211;, pero desde el punto de vista de dos ni\u00f1os comunes de la ciudad de M\u00e9xico. Samuel y Paulina, compa\u00f1eros de escuela que se encuentran con lo extra\u00f1o de su propio entorno sin propon\u00e9rselo, se unen a Kustos, y a un anciano id\u00e9ntico al escritor de culto belga Jean Ray, en un viaje hacia un mundo paralelo que es y no es el Centro Hist\u00f3rico de la ciudad, y en el que todo lo habitual se vuelve extra\u00f1o y peligroso.<\/p>\n<h4><strong><span style=\"font-size: 1em; line-height: 1.5em;\">Notas sobre\u00a0<\/span><em style=\"font-size: 1em; line-height: 1.5em;\">Kustos, 1. La puerta secreta<\/em><\/strong><\/h4>\n<ul>\n<li><a href=\"http:\/\/tatbestand.wordpress.com\/2014\/01\/19\/kustos-la-puerta-secreta\/\">Rese\u00f1a del libro<\/a> en el blog Cuentos y Monos<\/li>\n<li><a href=\"http:\/\/elvortex.com\/mexicanos-lanzan-novela-grafica\/\">Noticia<\/a> de la publicaci\u00f3n de la novela gr\u00e1fica<\/li>\n<\/ul>\n<p><strong>M\u00e1s de Horacio Kustos<\/strong><\/p>\n<ul>\n<li><a href=\"http:\/\/kustos.tumblr.com\">El cuaderno de Horacio Kustos<\/a> (bit\u00e1cora con historias diferentes a las publicadas en libro)<\/li>\n<li><a href=\"https:\/\/storify.com\/albertochimal\/dia-comun\">D\u00eda com\u00fan<\/a> (historia en tuits seleccionada en el festival internacional #TwitterFiction)<\/li>\n<\/ul>\n","protected":false},"excerpt":{"rendered":"<p>Novela gr\u00e1fica \/ c\u00f3mic (2 vols.). Resistencia, 2013-2014<\/p>\n","protected":false},"author":2,"featured_media":11021,"comment_status":"open","ping_status":"open","sticky":false,"template":"","format":"standard","meta":{"advanced_seo_description":"","jetpack_seo_html_title":"","jetpack_seo_noindex":false,"jetpack_post_was_ever_published":false,"_jetpack_newsletter_access":"","_jetpack_dont_email_post_to_subs":true,"_jetpack_newsletter_tier_id":0,"_jetpack_memberships_contains_paywalled_content":false,"_jetpack_memberships_contains_paid_content":false,"footnotes":"","jetpack_publicize_message":"","jetpack_publicize_feature_enabled":true,"jetpack_social_post_already_shared":true,"jetpack_social_options":{"image_generator_settings":{"template":"highway","default_image_id":0,"font":"","enabled":false},"version":2}},"categories":[13],"tags":[],"class_list":["post-11019","post","type-post","status-publish","format-standard","has-post-thumbnail","hentry","category-publicaciones"],"jetpack_publicize_connections":[],"jetpack_featured_media_url":"https:\/\/www.lashistorias.com.mx\/wp-content\/uploads\/2014\/04\/kustoslps.jpg","jetpack_shortlink":"https:\/\/wp.me\/pjEhq-2RJ","jetpack_sharing_enabled":true,"_links":{"self":[{"href":"https:\/\/www.lashistorias.com.mx\/index.php\/wp-json\/wp\/v2\/posts\/11019","targetHints":{"allow":["GET"]}}],"collection":[{"href":"https:\/\/www.lashistorias.com.mx\/index.php\/wp-json\/wp\/v2\/posts"}],"about":[{"href":"https:\/\/www.lashistorias.com.mx\/index.php\/wp-json\/wp\/v2\/types\/post"}],"author":[{"embeddable":true,"href":"https:\/\/www.lashistorias.com.mx\/index.php\/wp-json\/wp\/v2\/users\/2"}],"replies":[{"embeddable":true,"href":"https:\/\/www.lashistorias.com.mx\/index.php\/wp-json\/wp\/v2\/comments?post=11019"}],"version-history":[{"count":11,"href":"https:\/\/www.lashistorias.com.mx\/index.php\/wp-json\/wp\/v2\/posts\/11019\/revisions"}],"predecessor-version":[{"id":12314,"href":"https:\/\/www.lashistorias.com.mx\/index.php\/wp-json\/wp\/v2\/posts\/11019\/revisions\/12314"}],"wp:featuredmedia":[{"embeddable":true,"href":"https:\/\/www.lashistorias.com.mx\/index.php\/wp-json\/wp\/v2\/media\/11021"}],"wp:attachment":[{"href":"https:\/\/www.lashistorias.com.mx\/index.php\/wp-json\/wp\/v2\/media?parent=11019"}],"wp:term":[{"taxonomy":"category","embeddable":true,"href":"https:\/\/www.lashistorias.com.mx\/index.php\/wp-json\/wp\/v2\/categories?post=11019"},{"taxonomy":"post_tag","embeddable":true,"href":"https:\/\/www.lashistorias.com.mx\/index.php\/wp-json\/wp\/v2\/tags?post=11019"}],"curies":[{"name":"wp","href":"https:\/\/api.w.org\/{rel}","templated":true}]}}