{"id":10895,"date":"2014-02-09T11:31:37","date_gmt":"2014-02-09T17:31:37","guid":{"rendered":"http:\/\/www.lashistorias.com.mx\/?p=10895"},"modified":"2024-02-14T20:32:11","modified_gmt":"2024-02-15T02:32:11","slug":"manda-fuego-a-toluca-kustos-y-otras-noticias-y-constancias","status":"publish","type":"post","link":"https:\/\/www.lashistorias.com.mx\/index.php\/manda-fuego-a-toluca-kustos-y-otras-noticias-y-constancias\/","title":{"rendered":"Manda fuego, a Toluca; Kustos, y otras noticias y constancias"},"content":{"rendered":"\n<p><strong>[Aviso del 11 de febrero: la sede de la siguiente presentaci\u00f3n cambi\u00f3 y la nota fue corregida para dejar la nueva direcci\u00f3n.]<\/strong><\/p>\n\n\n\n<p>Este mi\u00e9rcoles 12 de febrero, la antolog\u00eda <a href=\"https:\/\/www.lashistorias.com.mx\/index.php\/archivo\/manda-fuego\/\"><em>Manda fuego<\/em><\/a> se presenta en la ciudad de Toluca. La cita es a las 18:00 horas en <del>el Museo Jos\u00e9 Mar\u00eda Velasco (Sebasti\u00e1n Lerdo de Tejada #400, esquina con Nicol\u00e1s Bravo, Centro)<\/del>&nbsp;la Subdirecci\u00f3n de Publicaciones del Instituto Mexiquense de Cultura (Pedro Ascensio 103, casi esquina con Hidalgo, Centro; a poca distancia de la Alameda, donde antes estaba la Casa de Cultura de la ciudad). Presentar\u00e1 el libro la escritora Elisena M\u00e9nez. La entrada ser\u00e1 libre y all\u00ed habr\u00e1, tambi\u00e9n, la posibilidad de adquirir el libro, que no se vende en librer\u00edas.<\/p>\n\n\n\n<p class=\"has-text-align-center\">* * *<\/p>\n\n\n\n<p>Ya est\u00e1 circulando, por fin, la primera parte de la novela gr\u00e1fica que hicimos el gran historietista mexicano Ricardo Garc\u00eda \u00abMicro\u00bb y yo, y sobre la que escrib\u00ed <a href=\"https:\/\/www.lashistorias.com.mx\/index.php\/archivo\/primer-vistazo-calle-destino\/\">el a\u00f1o pasado<\/a>. Iba a llamarse <em>Calle Destino<\/em> pero hubo un&nbsp;<span style=\"line-height: 1.5em;\">s\u00fabito&nbsp;<\/span><span style=\"line-height: 1.5em;\">cambio de planes (es una historia larga) y ahora se llama simplemente <\/span><em style=\"line-height: 1.5em;\">Kustos<\/em><span style=\"line-height: 1.5em;\">. La public\u00f3 Editorial Resistencia, que m\u00e1s adelante lanzar\u00e1 la conclusi\u00f3n. De momento, puedo invitarlos a que conozcan el libro: una nueva historia protagonizada por el explorador Horacio Kustos, la m\u00e1s cercana a un escenario cotidiano (todo sucede en la ciudad de M\u00e9xico) y probablemente, a la vez, la m\u00e1s aventurera de todas: la que m\u00e1s claramente tiene una trama en\u00e9rgica, peligros y dem\u00e1s. Aparte, \u00e9sta no es versi\u00f3n de las historias que se encuentran ya en <\/span><em style=\"line-height: 1.5em;\">El \u00faltimo explorador<\/em><span style=\"line-height: 1.5em;\">, <\/span><em style=\"line-height: 1.5em;\">La torre y el jard\u00edn,<\/em><span style=\"line-height: 1.5em;\">&nbsp;<\/span><em style=\"line-height: 1.5em;\"><a href=\"http:\/\/kustos.tumblr.com\">El cuaderno de Horacio Kustos<\/a><\/em><span style=\"line-height: 1.5em;\"> (su bit\u00e1cora en Tumblr, que en semanas recientes ha ganado muchos seguidores) o las ocasionales series de minificciones en Twitter. Est\u00e1 pensada expresamente para c\u00f3mic. Y a pesar de que su creaci\u00f3n fue un poco accidentada, creo que todos los involucrados nos divertimos mucho haci\u00e9ndola.<\/span><\/p>\n\n\n<div class=\"wp-block-image\">\n<figure class=\"aligncenter\"><a ref=\"magnificPopup\" href=\"https:\/\/www.lashistorias.com.mx\/wp-content\/uploads\/2014\/02\/KUSTOSlps1.jpg\"><img loading=\"lazy\" decoding=\"async\" width=\"325\" height=\"500\" data-attachment-id=\"10898\" data-permalink=\"https:\/\/www.lashistorias.com.mx\/index.php\/manda-fuego-a-toluca-kustos-y-otras-noticias-y-constancias\/kustoslps-2\/\" data-orig-file=\"https:\/\/www.lashistorias.com.mx\/wp-content\/uploads\/2014\/02\/KUSTOSlps1.jpg\" data-orig-size=\"325,500\" data-comments-opened=\"1\" data-image-meta=\"{&quot;aperture&quot;:&quot;0&quot;,&quot;credit&quot;:&quot;&quot;,&quot;camera&quot;:&quot;&quot;,&quot;caption&quot;:&quot;&quot;,&quot;created_timestamp&quot;:&quot;0&quot;,&quot;copyright&quot;:&quot;&quot;,&quot;focal_length&quot;:&quot;0&quot;,&quot;iso&quot;:&quot;0&quot;,&quot;shutter_speed&quot;:&quot;0&quot;,&quot;title&quot;:&quot;&quot;}\" data-image-title=\"Kustos &amp;#8211; 1. La puerta secreta\" data-image-description=\"\" data-image-caption=\"\" data-large-file=\"https:\/\/www.lashistorias.com.mx\/wp-content\/uploads\/2014\/02\/KUSTOSlps1.jpg\" src=\"https:\/\/www.lashistorias.com.mx\/wp-content\/uploads\/2014\/02\/KUSTOSlps1.jpg\" alt=\"Kustos - 1. La puerta secreta\" class=\"wp-image-10898\" srcset=\"https:\/\/www.lashistorias.com.mx\/wp-content\/uploads\/2014\/02\/KUSTOSlps1.jpg 325w, https:\/\/www.lashistorias.com.mx\/wp-content\/uploads\/2014\/02\/KUSTOSlps1-195x300.jpg 195w\" sizes=\"auto, (max-width: 325px) 100vw, 325px\" \/><\/a><\/figure>\n<\/div>\n\n\n<p>El libro se puede conseguir en librer\u00edas (sobre todo, de la cadena Educal) y directamente <a href=\"https:\/\/www.kichink.com\/buy\/97268\/editorialresistencia\/kustos-libro-1-la-puerta-secreta#.Uvbdv0J5N9E\">en la tienda virtual de Resistencia<\/a>. Pr\u00f3ximamente habr\u00e1 presentaciones en diversos lugares.<\/p>\n\n\n\n<p class=\"has-text-align-center\">* * *<\/p>\n\n\n\n<p>Qued\u00f3 lista una primera etapa del acopio de referencias sobre William Burroughs al que varias personas convocamos la semana pasada con la etiqueta de red #Burroughs100. El resultado se puede leer <a href=\"http:\/\/storify.com\/albertochimal\/burroughs100\/\">en esta p\u00e1gina de Storify<\/a> (hay que avanzar a lo largo de varias p\u00e1ginas para ver la totalidad de lo reunido, que incluye contribuciones de m\u00e1s de un centenar de personas). Aprovecho para enlazar tambi\u00e9n al acopio que se hizo el a\u00f1o pasado sobre Ray Bradbury: <a href=\"http:\/\/storify.com\/albertochimal\/queremos-tanto-a-ray\">#QueremosTantoARay<\/a>. Muchas gracias a las personas que se interesaron en estos dos proyectos colectivos.<\/p>\n\n\n\n<p class=\"has-text-align-center\">* * *<\/p>\n\n\n\n<p>Y tambi\u00e9n ya est\u00e1 en l\u00ednea la charla que tuvimos, hace pocos d\u00edas, Alejandra Flores, Daniel Barr\u00f3n (a quien agradezco enormemente la invitaci\u00f3n) y yo sobre el gran escritor uruguayo Mario Levrero, y que se transmiti\u00f3 por Canal 22.<\/p>\n\n\n\n<p><span class=\"embed-youtube\" style=\"text-align:center; display: block;\"><iframe loading=\"lazy\" class=\"youtube-player\" width=\"1140\" height=\"642\" src=\"https:\/\/www.youtube.com\/embed\/LOD2JUF6zwo?version=3&#038;rel=1&#038;showsearch=0&#038;showinfo=1&#038;iv_load_policy=1&#038;fs=1&#038;hl=es-ES&#038;autohide=2&#038;wmode=transparent\" allowfullscreen=\"true\" style=\"border:0;\" sandbox=\"allow-scripts allow-same-origin allow-popups allow-presentation allow-popups-to-escape-sandbox\"><\/iframe><\/span><\/p>\n\n\n\n<p class=\"has-text-align-center\">* * *<\/p>\n\n\n\n<p>Y finalmente&#8230;<\/p>\n\n\n<div class=\"wp-block-image\">\n<figure class=\"aligncenter\"><a ref=\"magnificPopup\" href=\"https:\/\/www.lashistorias.com.mx\/wp-content\/uploads\/2014\/02\/Shhh.jpg\"><img loading=\"lazy\" decoding=\"async\" width=\"896\" height=\"655\" data-attachment-id=\"10902\" data-permalink=\"https:\/\/www.lashistorias.com.mx\/index.php\/manda-fuego-a-toluca-kustos-y-otras-noticias-y-constancias\/shhh\/\" data-orig-file=\"https:\/\/www.lashistorias.com.mx\/wp-content\/uploads\/2014\/02\/Shhh.jpg\" data-orig-size=\"896,655\" data-comments-opened=\"1\" data-image-meta=\"{&quot;aperture&quot;:&quot;0&quot;,&quot;credit&quot;:&quot;&quot;,&quot;camera&quot;:&quot;&quot;,&quot;caption&quot;:&quot;&quot;,&quot;created_timestamp&quot;:&quot;0&quot;,&quot;copyright&quot;:&quot;&quot;,&quot;focal_length&quot;:&quot;0&quot;,&quot;iso&quot;:&quot;0&quot;,&quot;shutter_speed&quot;:&quot;0&quot;,&quot;title&quot;:&quot;&quot;}\" data-image-title=\"Shhh\" data-image-description=\"\" data-image-caption=\"&lt;p&gt;(imagen creada por Raquel Castro)&lt;\/p&gt;\n\" data-large-file=\"https:\/\/www.lashistorias.com.mx\/wp-content\/uploads\/2014\/02\/Shhh.jpg\" src=\"https:\/\/www.lashistorias.com.mx\/wp-content\/uploads\/2014\/02\/Shhh.jpg\" alt=\"(imagen creada por Raquel Castro)\" class=\"wp-image-10902\" srcset=\"https:\/\/www.lashistorias.com.mx\/wp-content\/uploads\/2014\/02\/Shhh.jpg 896w, https:\/\/www.lashistorias.com.mx\/wp-content\/uploads\/2014\/02\/Shhh-300x219.jpg 300w\" sizes=\"auto, (max-width: 896px) 100vw, 896px\" \/><\/a><figcaption class=\"wp-element-caption\">(imagen creada por Raquel Castro, sin relaci\u00f3n con la aparici\u00f3n de la novela gr\u00e1fica <em>Kustos<\/em>; pero no se diga m\u00e1s por ahora)<\/figcaption><\/figure>\n<\/div>\n\n\n<p><\/p>\n","protected":false},"excerpt":{"rendered":"<p>[Aviso del 11 de febrero: la sede de la siguiente presentaci\u00f3n cambi\u00f3 y la nota fue corregida para dejar la nueva direcci\u00f3n.] Este mi\u00e9rcoles 12 de febrero, la antolog\u00eda Manda fuego se presenta en la ciudad de Toluca. La cita es a las 18:00 horas en el Museo Jos\u00e9 Mar\u00eda Velasco (Sebasti\u00e1n Lerdo de Tejada&#8230;<\/p>\n","protected":false},"author":1,"featured_media":10898,"comment_status":"open","ping_status":"open","sticky":false,"template":"","format":"standard","meta":{"advanced_seo_description":"","jetpack_seo_html_title":"","jetpack_seo_noindex":false,"jetpack_post_was_ever_published":false,"_jetpack_newsletter_access":"","_jetpack_dont_email_post_to_subs":true,"_jetpack_newsletter_tier_id":0,"_jetpack_memberships_contains_paywalled_content":false,"_jetpack_memberships_contains_paid_content":false,"footnotes":"","jetpack_publicize_message":"Presentaci\u00f3n en Toluca este mi\u00e9rcoles, y m\u00e1s noticias y constancias. ;) http:\/\/wp.me\/pjEhq-2PJ","jetpack_publicize_feature_enabled":true,"jetpack_social_post_already_shared":true,"jetpack_social_options":{"image_generator_settings":{"template":"highway","default_image_id":0,"font":"","enabled":false},"version":2}},"categories":[3],"tags":[2738,2597,2741,2740,1273,2859,2866,2742,2685,2498,677,2739,2544,2855,2672,380,2511,12,463,2584,16,1186],"class_list":["post-10895","post","type-post","status-publish","format-standard","has-post-thumbnail","hentry","category-lo-nuevo","tag-burroughs100","tag-queremostantoaray","tag-alejandra-flores","tag-avances","tag-canal-22","tag-comic","tag-cuaderno","tag-daniel-r-barron","tag-editorial-resistencia","tag-el-ultimo-explorador","tag-gente-del-mundo","tag-kustos","tag-la-torre-y-el-jardin","tag-literatura","tag-manda-fuego","tag-mario-levrero","tag-noticias","tag-presentaciones","tag-ray-bradbury","tag-ricardo-garcia-micro","tag-video","tag-william-burroughs"],"jetpack_publicize_connections":[],"jetpack_featured_media_url":"https:\/\/www.lashistorias.com.mx\/wp-content\/uploads\/2014\/02\/KUSTOSlps1.jpg","jetpack_shortlink":"https:\/\/wp.me\/pjEhq-2PJ","jetpack_sharing_enabled":true,"_links":{"self":[{"href":"https:\/\/www.lashistorias.com.mx\/index.php\/wp-json\/wp\/v2\/posts\/10895","targetHints":{"allow":["GET"]}}],"collection":[{"href":"https:\/\/www.lashistorias.com.mx\/index.php\/wp-json\/wp\/v2\/posts"}],"about":[{"href":"https:\/\/www.lashistorias.com.mx\/index.php\/wp-json\/wp\/v2\/types\/post"}],"author":[{"embeddable":true,"href":"https:\/\/www.lashistorias.com.mx\/index.php\/wp-json\/wp\/v2\/users\/1"}],"replies":[{"embeddable":true,"href":"https:\/\/www.lashistorias.com.mx\/index.php\/wp-json\/wp\/v2\/comments?post=10895"}],"version-history":[{"count":12,"href":"https:\/\/www.lashistorias.com.mx\/index.php\/wp-json\/wp\/v2\/posts\/10895\/revisions"}],"predecessor-version":[{"id":16173,"href":"https:\/\/www.lashistorias.com.mx\/index.php\/wp-json\/wp\/v2\/posts\/10895\/revisions\/16173"}],"wp:featuredmedia":[{"embeddable":true,"href":"https:\/\/www.lashistorias.com.mx\/index.php\/wp-json\/wp\/v2\/media\/10898"}],"wp:attachment":[{"href":"https:\/\/www.lashistorias.com.mx\/index.php\/wp-json\/wp\/v2\/media?parent=10895"}],"wp:term":[{"taxonomy":"category","embeddable":true,"href":"https:\/\/www.lashistorias.com.mx\/index.php\/wp-json\/wp\/v2\/categories?post=10895"},{"taxonomy":"post_tag","embeddable":true,"href":"https:\/\/www.lashistorias.com.mx\/index.php\/wp-json\/wp\/v2\/tags?post=10895"}],"curies":[{"name":"wp","href":"https:\/\/api.w.org\/{rel}","templated":true}]}}