{"id":10796,"date":"2014-01-10T11:29:02","date_gmt":"2014-01-10T17:29:02","guid":{"rendered":"http:\/\/www.lashistorias.com.mx\/?p=10796"},"modified":"2016-10-26T10:19:36","modified_gmt":"2016-10-26T15:19:36","slug":"manda-fuego-a-bellas-artes-y-mas","status":"publish","type":"post","link":"https:\/\/www.lashistorias.com.mx\/index.php\/manda-fuego-a-bellas-artes-y-mas\/","title":{"rendered":"Manda fuego, a Bellas Artes (y m\u00e1s)"},"content":{"rendered":"<p>1. Los invito a una presentaci\u00f3n especial, al menos, porque ser\u00e1 de un libro que casi con seguridad no volver\u00e1n a ver.<br \/>\nEl martes 21 de enero, a las 19:00 horas, se presentar\u00e1 la antolog\u00eda <a href=\"https:\/\/www.lashistorias.com.mx\/index.php\/archivo\/manda-fuego\/\"><em>Manda fuego<\/em><\/a> en la Sala Manuel M. Ponce del Palacio de Bellas Artes (Ju\u00e1rez y Eje Central, Centro Hist\u00f3rico, ciudad de M\u00e9xico). Es una antolog\u00eda personal: el Fondo Editorial del Estado de M\u00e9xico me invit\u00f3 a seleccionar los textos, y public\u00f3 el libro resultante en su colecci\u00f3n Summa de D\u00edas. Adem\u00e1s de ser un libro muy bien hecho y en tapa dura (editado por F\u00e9lix Su\u00e1rez, excelente editor y poeta), cada ejemplar incluye un CD con seis de los cuentos del libro grabados. Este libro no se vender\u00e1 el librer\u00edas (larga historia que quiz\u00e1 se pueda contar luego), pero se podr\u00e1 conseguir el d\u00eda de la presentaci\u00f3n. En ella comentar\u00e1n el libro Ana Clavel y Erika Mergruen, y haremos lectura de un par de textos un querido amigo, Jorge Flavio Monroy, y yo.<\/p>\n<p>Hay una <a href=\"https:\/\/www.facebook.com\/events\/787858264563062\/\">p\u00e1gina del evento en Facebook<\/a>, por si les interesa, y a continuaci\u00f3n uno de los cuentos del libro en su versi\u00f3n de audio: \u00abSe ha perdido una ni\u00f1a\u00bb.<\/p>\n[fusion_builder_container hundred_percent=\u00bbyes\u00bb overflow=\u00bbvisible\u00bb][fusion_builder_row][fusion_builder_column type=\u00bb1_1&#8243; background_position=\u00bbleft top\u00bb background_color=\u00bb\u00bb border_size=\u00bb\u00bb border_color=\u00bb\u00bb border_style=\u00bbsolid\u00bb spacing=\u00bbyes\u00bb background_image=\u00bb\u00bb background_repeat=\u00bbno-repeat\u00bb padding=\u00bb\u00bb margin_top=\u00bb0px\u00bb margin_bottom=\u00bb0px\u00bb class=\u00bb\u00bb id=\u00bb\u00bb animation_type=\u00bb\u00bb animation_speed=\u00bb0.3&#8243; animation_direction=\u00bbleft\u00bb hide_on_mobile=\u00bbno\u00bb center_content=\u00bbno\u00bb min_height=\u00bbnone\u00bb][fusion_soundcloud url=\u00bbhttps:\/\/api.soundcloud.com\/tracks\/124188361&#8243; params=\u00bbcolor=ff6600&amp;auto_play=false&amp;show_artwork=true\u00bb width=\u00bb100%\u00bb height=\u00bb166&#8243; iframe=\u00bbtrue\u00bb \/]\n<p>&#8230;Y si pueden ir me alegrar\u00e1 saludarlos. \ud83d\ude09<\/p>\n<p>2. <a href=\"http:\/\/georgehenson.wordpress.com\/\">George Henson<\/a>, excelente traductor, ya ha puesto en ingl\u00e9s algunos textos m\u00edos (junto con otros de autores como Elena Poniatowska, Sergio Pitol, Andr\u00e9s Neuman y Luis Jorge Boone). Recientemente tradujo (y estoy muy contento por eso) mi cuento \u00abLa catarata\u00bb &#8211;como <a href=\"http:\/\/www.kenyonreview.org\/kr-online-issue\/2014-winter\/selections\/alberto-chimal-342846\/\">\u00abThe Waterfall\u00bb<\/a>&#8212; para el sitio de <em>The Kenyon Review<\/em>. All\u00ed se puede escuchar tambi\u00e9n la grabaci\u00f3n del texto en ingl\u00e9s, que copio a continuaci\u00f3n.<\/p>\n<p><iframe loading=\"lazy\" src=\"https:\/\/w.soundcloud.com\/player\/?url=https%3A\/\/api.soundcloud.com\/tracks\/128446437&amp;color=005295&amp;show_artwork=false\" height=\"166\" width=\"100%\" frameborder=\"no\" scrolling=\"no\"><\/iframe><\/p>\n<p>3. Dos noticias de Horacio Kustos, el viajero extra\u00f1o del que he escrito historias en <em><a href=\"https:\/\/www.lashistorias.com.mx\/index.php\/archivo\/el-ultimo-explorador\/\">El \u00faltimo explorador<\/a><\/em>, <a href=\"https:\/\/www.lashistorias.com.mx\/index.php\/archivo\/la-torre-y-el-jardin\/\"><em>La torre y el jard\u00edn<\/em><\/a> y varios otros lugares. Primera:\u00a0el sitio de sus aventuras en formato digital (<a href=\"http:\/\/kustos.tumblr.com\/\">\u00abEl cuaderno de Horacio Kustos\u00bb<\/a>) pas\u00f3 apenas de las 100 notas entre fotograf\u00edas de sus viajes extra\u00f1os y fragmentos de sus aventuras. Segunda: a\u00a0fines de 2013, apareci\u00f3 en la revista Resonancia Magazine un breve cuento con \u00e9l: su t\u00edtulo es <a href=\"http:\/\/resonanciamagazine.com\/encore-cuentos-inspirados-en-el-rock-hoy-escribe-alberto-chimal\/\">\u00abToma la ruta\u00bb<\/a> y en \u00e9l aparecen varios grandes del rock, un caso de posesi\u00f3n, una guitarra de Paracho que flota en el aire y una t\u00edpica familia mexicana que &#8211;t\u00edpico&#8211; no sabe qu\u00e9 hacer ante tanta conmoci\u00f3n. Muchas gracias a Pedro Escobar por la invitaci\u00f3n a escribir el cuento, que apareci\u00f3 en <a href=\"http:\/\/resonanciamagazine.com\/category\/encore-antologia-de-cuentos\/\"><em>Encore<\/em><\/a>, una antolog\u00eda digital de cuentos inspirados en el rock.<\/p>\n<p>4. Y para terminar, este a\u00f1o aparecer\u00e1 edici\u00f3n mexicana de <a href=\"http:\/\/1408tributostephenking.wordpress.com\/\"><em>No entren al 1408<\/em><\/a>, antolog\u00eda de Jorge Luis C\u00e1ceres con cuentos de varios autores latinoamericanos en homenaje a Stephen King. En el libro viene un cuento m\u00edo: \u00abLa gente buena\u00bb, y aqu\u00ed est\u00e1 <a href=\"http:\/\/1408tributostephenking.wordpress.com\/2013\/11\/28\/cuestionario-a-lo-annie-wilkes-10\/\">una breve entrevista que me hicieron<\/a> para el sitio de la antolog\u00eda, al estilo de Annie Wilkes (la \u00abfan from hell\u00bb de <em>Misery<\/em>, una de las mejores novelas de King). Y esta es la portada de la edici\u00f3n original, ecuatoriana, de la antolog\u00eda.<\/p>\n<p><a ref=\"magnificPopup\" href=\"https:\/\/www.lashistorias.com.mx\/wp-content\/uploads\/2014\/01\/copia-de-portada-version-3.jpg\"><img loading=\"lazy\" decoding=\"async\" data-attachment-id=\"10804\" data-permalink=\"https:\/\/www.lashistorias.com.mx\/index.php\/manda-fuego-a-bellas-artes-y-mas\/copia-de-portada-version-3\/\" data-orig-file=\"https:\/\/www.lashistorias.com.mx\/wp-content\/uploads\/2014\/01\/copia-de-portada-version-3.jpg\" data-orig-size=\"424,652\" data-comments-opened=\"1\" data-image-meta=\"{&quot;aperture&quot;:&quot;0&quot;,&quot;credit&quot;:&quot;&quot;,&quot;camera&quot;:&quot;&quot;,&quot;caption&quot;:&quot;&quot;,&quot;created_timestamp&quot;:&quot;0&quot;,&quot;copyright&quot;:&quot;&quot;,&quot;focal_length&quot;:&quot;0&quot;,&quot;iso&quot;:&quot;0&quot;,&quot;shutter_speed&quot;:&quot;0&quot;,&quot;title&quot;:&quot;&quot;}\" data-image-title=\"No entren al 1408\" data-image-description=\"\" data-image-caption=\"\" data-large-file=\"https:\/\/www.lashistorias.com.mx\/wp-content\/uploads\/2014\/01\/copia-de-portada-version-3.jpg\" class=\"aligncenter size-medium wp-image-10804\" alt=\"No entren al 1408\" src=\"https:\/\/www.lashistorias.com.mx\/wp-content\/uploads\/2014\/01\/copia-de-portada-version-3-195x300.jpg\" width=\"195\" height=\"300\" srcset=\"https:\/\/www.lashistorias.com.mx\/wp-content\/uploads\/2014\/01\/copia-de-portada-version-3-195x300.jpg 195w, https:\/\/www.lashistorias.com.mx\/wp-content\/uploads\/2014\/01\/copia-de-portada-version-3.jpg 424w\" sizes=\"auto, (max-width: 195px) 100vw, 195px\" \/><\/a>[\/fusion_builder_column][\/fusion_builder_row][\/fusion_builder_container]\n","protected":false},"excerpt":{"rendered":"<p>1. Los invito a una presentaci\u00f3n especial, al menos, porque ser\u00e1 de un libro que casi con seguridad no volver\u00e1n a ver. El martes 21 de enero, a las 19:00 horas, se presentar\u00e1 la antolog\u00eda Manda fuego en la Sala Manuel M. Ponce del Palacio de Bellas Artes (Ju\u00e1rez y Eje Central, Centro Hist\u00f3rico, ciudad&#8230;<\/p>\n","protected":false},"author":1,"featured_media":10506,"comment_status":"open","ping_status":"open","sticky":false,"template":"","format":"standard","meta":{"advanced_seo_description":"","jetpack_seo_html_title":"","jetpack_seo_noindex":false,"jetpack_post_was_ever_published":false,"_jetpack_newsletter_access":"","_jetpack_dont_email_post_to_subs":true,"_jetpack_newsletter_tier_id":0,"_jetpack_memberships_contains_paywalled_content":false,"_jetpack_memberships_contains_paid_content":false,"footnotes":"","jetpack_publicize_message":"","jetpack_publicize_feature_enabled":true,"jetpack_social_post_already_shared":true,"jetpack_social_options":{"image_generator_settings":{"template":"highway","default_image_id":0,"font":"","enabled":false},"version":2}},"categories":[3],"tags":[1545,54,2714,2716,182,2710,1997,2711,2672,2718,2511,939,12,2856,2715,2717,1767,779,2713,2712,530],"class_list":["post-10796","post","type-post","status-publish","format-standard","has-post-thumbnail","hentry","category-lo-nuevo","tag-ana-clavel","tag-antologias","tag-el-cuaderno-de-horacio-kustos","tag-encore","tag-erika-mergruen","tag-george-henson","tag-horacio-kustos","tag-la-catarata","tag-manda-fuego","tag-no-entren-al-1408","tag-noticias","tag-palacio-de-bellas-artes","tag-presentaciones","tag-publicaciones","tag-resonancia-magazine","tag-rock","tag-sala-manuel-m-ponce","tag-stephen-king","tag-the-kenyon-review","tag-the-waterfall","tag-traducciones"],"jetpack_publicize_connections":[],"jetpack_featured_media_url":"https:\/\/www.lashistorias.com.mx\/wp-content\/uploads\/2013\/10\/PortadaDeMandaFuego.jpg","jetpack_shortlink":"https:\/\/wp.me\/pjEhq-2O8","jetpack_sharing_enabled":true,"_links":{"self":[{"href":"https:\/\/www.lashistorias.com.mx\/index.php\/wp-json\/wp\/v2\/posts\/10796","targetHints":{"allow":["GET"]}}],"collection":[{"href":"https:\/\/www.lashistorias.com.mx\/index.php\/wp-json\/wp\/v2\/posts"}],"about":[{"href":"https:\/\/www.lashistorias.com.mx\/index.php\/wp-json\/wp\/v2\/types\/post"}],"author":[{"embeddable":true,"href":"https:\/\/www.lashistorias.com.mx\/index.php\/wp-json\/wp\/v2\/users\/1"}],"replies":[{"embeddable":true,"href":"https:\/\/www.lashistorias.com.mx\/index.php\/wp-json\/wp\/v2\/comments?post=10796"}],"version-history":[{"count":9,"href":"https:\/\/www.lashistorias.com.mx\/index.php\/wp-json\/wp\/v2\/posts\/10796\/revisions"}],"predecessor-version":[{"id":12559,"href":"https:\/\/www.lashistorias.com.mx\/index.php\/wp-json\/wp\/v2\/posts\/10796\/revisions\/12559"}],"wp:featuredmedia":[{"embeddable":true,"href":"https:\/\/www.lashistorias.com.mx\/index.php\/wp-json\/wp\/v2\/media\/10506"}],"wp:attachment":[{"href":"https:\/\/www.lashistorias.com.mx\/index.php\/wp-json\/wp\/v2\/media?parent=10796"}],"wp:term":[{"taxonomy":"category","embeddable":true,"href":"https:\/\/www.lashistorias.com.mx\/index.php\/wp-json\/wp\/v2\/categories?post=10796"},{"taxonomy":"post_tag","embeddable":true,"href":"https:\/\/www.lashistorias.com.mx\/index.php\/wp-json\/wp\/v2\/tags?post=10796"}],"curies":[{"name":"wp","href":"https:\/\/api.w.org\/{rel}","templated":true}]}}