{"id":1074,"date":"2008-09-09T19:30:02","date_gmt":"2008-09-10T00:30:02","guid":{"rendered":"http:\/\/www.lashistorias.com.mx\/?p=1074"},"modified":"2016-10-26T10:23:47","modified_gmt":"2016-10-26T15:23:47","slug":"noticias-septiembre-9","status":"publish","type":"post","link":"https:\/\/www.lashistorias.com.mx\/index.php\/noticias-septiembre-9\/","title":{"rendered":"<em>Gregge<\/em>, <em>La noche can\u00edbal<\/em> y <em>Mogo<\/em> (y otros)"},"content":{"rendered":"<p>Con un enorme agradecimiento para todos los visitantes de estos d\u00edas, dejo ahora dos noticias y una invitaci\u00f3n.<!--more--><\/p>\n<p><img loading=\"lazy\" decoding=\"async\" data-attachment-id=\"1076\" data-permalink=\"https:\/\/www.lashistorias.com.mx\/index.php\/noticias-septiembre-9\/copertina_grey\/\" data-orig-file=\"https:\/\/www.lashistorias.com.mx\/wp-content\/uploads\/2008\/09\/copertina_grey.gif\" data-orig-size=\"120,200\" data-comments-opened=\"1\" data-image-meta=\"{&quot;aperture&quot;:&quot;0&quot;,&quot;credit&quot;:&quot;&quot;,&quot;camera&quot;:&quot;&quot;,&quot;caption&quot;:&quot;&quot;,&quot;created_timestamp&quot;:&quot;0&quot;,&quot;copyright&quot;:&quot;&quot;,&quot;focal_length&quot;:&quot;0&quot;,&quot;iso&quot;:&quot;0&quot;,&quot;shutter_speed&quot;:&quot;0&quot;,&quot;title&quot;:&quot;&quot;}\" data-image-title=\"Cubierta de Gregge\" data-image-description=\"&lt;p&gt;Cubierta de Gregge&lt;\/p&gt;\n\" data-image-caption=\"\" data-large-file=\"https:\/\/www.lashistorias.com.mx\/wp-content\/uploads\/2008\/09\/copertina_grey.gif\" class=\"aligncenter size-full wp-image-1076\" title=\"Cubierta de Gregge\" src=\"https:\/\/www.lashistorias.com.mx\/wp-content\/uploads\/2008\/09\/copertina_grey.gif\" alt=\"\" width=\"120\" height=\"200\" \/><\/p>\n<p>1. Estoy feliz: ha aparecido ya la versi\u00f3n italiana de <em>Grey<\/em>, titulada <em>Gregge <\/em>y traducida bellamente por Caterina Camastra. Est\u00e1 en la colecci\u00f3n Croce del Sud (Cruz del Sur), dedicada a autores latinoamericanos y africanos, de la editorial <a href=\"http:\/\/bibliofabbrica.com\/libri.html\">BiblioFabbrica<\/a>. A ver qu\u00e9 piensan los posibles lectores italianos; entretanto yo celebro.<\/p>\n<p>2. El pr\u00f3ximo martes 23 de septiembre, a las 18:30 horas, presentaremos el libro <em>La noche can\u00edbal<\/em> de Luis Jorge Boone. Seremos <a href=\"http:\/\/sensacionald.blogspot.com\/\">Bernardo Esquinca<\/a>, Mart\u00edn Solares, el autor y yo, moderados por <a href=\"http:\/\/omegar.org\">Omegar Mart\u00ednez<\/a>. La cita es en la Librer\u00eda Rosario Castellanos (la ROCA, le dicen) del Fondo de Cultura Econ\u00f3mica, que se encuentra en Tamaulipas 202, esquina con Benjam\u00edn Hill, en la colonia Hip\u00f3dromo Condesa de la ciudad de M\u00e9xico. A ver si nos vemos all\u00e1: el libro est\u00e1 muy bueno.<\/p>\n<p>3. Siguiendo con la remodelaci\u00f3n de este sitio, ya est\u00e1n en l\u00ednea algunos de los archivos que estaban en el sitio \u00abcurricular\u00bb: por el momento puede verse ya la <a href=\"https:\/\/www.lashistorias.com.mx\/index.php\/alberto-chimal\/\">ficha<\/a> biogr\u00e1fica y (mucho m\u00e1s interesante) un pu\u00f1ado de cuentos, entre los que est\u00e1 uno <em>nuevo:<\/em> \u00ab<a href=\"https:\/\/www.lashistorias.com.mx\/index.php\/alberto-chimal\/mogo\/\">Mogo<\/a>\u00ab, que apareci\u00f3 en la antolog\u00eda <em>Nuevas voces de la narrativa mexicana<\/em> de 2003 pero que aqu\u00ed estar\u00e1 en una versi\u00f3n muy corregida, muy aumentada y (espero) mucho mejor.<\/p>\n<p>Gracias, como siempre, y saludos a todos.<\/p>\n<p style=\"text-align: center;\">* * *<\/p>\n<p><em>Posdata de las diez de la noche: una m\u00e1s; en el \u00faltimo n\u00famero de la revista <\/em><a href=\"http:\/\/www.elpurocuento.com\/\">El puro cuento<\/a><em> (el 5) acabo de ver publicada una entrevista que me hizo Guadalupe Galv\u00e1n. Desde ac\u00e1 le mando muchas gracias, as\u00ed como a Carlos L\u00f3pez, Daniela Camacho, Carlos Adampol, Oscar Rocha y el resto del equipo de la revista.<\/em><\/p>\n","protected":false},"excerpt":{"rendered":"<p>Con un enorme agradecimiento para todos los visitantes de estos d\u00edas, dejo ahora dos noticias y una invitaci\u00f3n.<\/p>\n","protected":false},"author":1,"featured_media":0,"comment_status":"open","ping_status":"open","sticky":false,"template":"","format":"standard","meta":{"advanced_seo_description":"","jetpack_seo_html_title":"","jetpack_seo_noindex":false,"jetpack_post_was_ever_published":false,"_jetpack_newsletter_access":"","_jetpack_dont_email_post_to_subs":true,"_jetpack_newsletter_tier_id":0,"_jetpack_memberships_contains_paywalled_content":false,"_jetpack_memberships_contains_paid_content":false,"footnotes":"","jetpack_publicize_message":"","jetpack_publicize_feature_enabled":true,"jetpack_social_post_already_shared":false,"jetpack_social_options":{"image_generator_settings":{"template":"highway","default_image_id":0,"font":"","enabled":false},"version":2}},"categories":[3],"tags":[840,878,18,879,22,887,25,886,6,877,876,881,2855,880,382,882,885,12,2856,884,2864,883,530],"class_list":["post-1074","post","type-post","status-publish","format-standard","hentry","category-lo-nuevo","tag-bernardo-esquinca","tag-bibliofabbrica","tag-blogosfera","tag-caterina-camastra","tag-cuento","tag-el-puro-cuento","tag-escritores","tag-fce","tag-general","tag-gregge","tag-grey","tag-la-noche-canibal","tag-literatura","tag-luis-jorge-boone","tag-martin-solares","tag-mogo","tag-omegar-martinez","tag-presentaciones","tag-publicaciones","tag-reediciones","tag-revistas","tag-textos-propios","tag-traducciones"],"jetpack_publicize_connections":[],"jetpack_featured_media_url":"","jetpack_shortlink":"https:\/\/wp.me\/pjEhq-hk","jetpack_sharing_enabled":true,"_links":{"self":[{"href":"https:\/\/www.lashistorias.com.mx\/index.php\/wp-json\/wp\/v2\/posts\/1074","targetHints":{"allow":["GET"]}}],"collection":[{"href":"https:\/\/www.lashistorias.com.mx\/index.php\/wp-json\/wp\/v2\/posts"}],"about":[{"href":"https:\/\/www.lashistorias.com.mx\/index.php\/wp-json\/wp\/v2\/types\/post"}],"author":[{"embeddable":true,"href":"https:\/\/www.lashistorias.com.mx\/index.php\/wp-json\/wp\/v2\/users\/1"}],"replies":[{"embeddable":true,"href":"https:\/\/www.lashistorias.com.mx\/index.php\/wp-json\/wp\/v2\/comments?post=1074"}],"version-history":[{"count":12,"href":"https:\/\/www.lashistorias.com.mx\/index.php\/wp-json\/wp\/v2\/posts\/1074\/revisions"}],"predecessor-version":[{"id":5759,"href":"https:\/\/www.lashistorias.com.mx\/index.php\/wp-json\/wp\/v2\/posts\/1074\/revisions\/5759"}],"wp:attachment":[{"href":"https:\/\/www.lashistorias.com.mx\/index.php\/wp-json\/wp\/v2\/media?parent=1074"}],"wp:term":[{"taxonomy":"category","embeddable":true,"href":"https:\/\/www.lashistorias.com.mx\/index.php\/wp-json\/wp\/v2\/categories?post=1074"},{"taxonomy":"post_tag","embeddable":true,"href":"https:\/\/www.lashistorias.com.mx\/index.php\/wp-json\/wp\/v2\/tags?post=1074"}],"curies":[{"name":"wp","href":"https:\/\/api.w.org\/{rel}","templated":true}]}}