{"id":105,"date":"2006-08-11T14:42:01","date_gmt":"2006-08-11T18:42:01","guid":{"rendered":"http:\/\/www.lashistorias.com.mx\/blog\/?p=118"},"modified":"2016-10-26T10:24:52","modified_gmt":"2016-10-26T15:24:52","slug":"el-boletin","status":"publish","type":"post","link":"https:\/\/www.lashistorias.com.mx\/index.php\/el-boletin\/","title":{"rendered":"El bolet\u00edn"},"content":{"rendered":"<p>Tres avisos r\u00e1pidos:<br \/>\n1. Hace un par de a\u00f1os, para la antolog\u00eda <em>Pulpo Comics<\/em> de Bernardo Fern\u00e1ndez, propuse el gui\u00f3n de <em>Horacio en las ciudades<\/em>, una peque\u00f1a aventura del expolorador Kustos, que ilustr\u00f3 bella y traviesamente Ricardo \u00abMicro\u00bb Garc\u00eda. Ahora descubro que \u00e9ste subi\u00f3 a su sitio <a href=\"http:\/\/homepage.mac.com\/otiliokid\/PhotoAlbum3.html\">la historieta entera<\/a>, reproducida a buena resoluci\u00f3n.<\/p>\n<p>2. Las primeras presentaciones de <em>Grey<\/em> ya est\u00e1n confirmadas: una ser\u00e1 el mi\u00e9rcoles 13 de septiembre en la ciudad de M\u00e9xico, y otra el s\u00e1bado 7 de octubre en Hermosillo, Sonora. Muy pronto habr\u00e1 m\u00e1s detalles aqu\u00ed o en el tablero de noticias de la izquierda, que mantiene Fatal Espejo.<\/p>\n<p>3. Dado que el colectivo mantiene no s\u00f3lo ese tablero, sino todo este sitio, no pod\u00eda sino tratar de corresponder: a partir de hoy, en el <a href=\"http:\/\/www.fatalespejo.com.mx\">sitio de Fatal Espejo<\/a> aparecer\u00e1, cada viernes, una especie de columna m\u00eda: \u00abCaja de sorpresas\u00bb, en la que ir\u00e9 proponiendo minificciones de todas partes y de diferentes autores. Por supuesto, los invito a leer: <a href=\"http:\/\/www.fatalespejo.com.mx\/?cat=10\">este enlace<\/a> lleva al \u00edndice de la columna, que se ir\u00e1 llenando con el tiempo.<\/p>\n<p>Muchos saludos a todos&#8230;<\/p>\n","protected":false},"excerpt":{"rendered":"<p>Tres avisos r\u00e1pidos: 1. Hace un par de a\u00f1os, para la antolog\u00eda Pulpo Comics de Bernardo Fern\u00e1ndez, propuse el gui\u00f3n de Horacio en las ciudades, una peque\u00f1a aventura del expolorador Kustos, que ilustr\u00f3 bella y traviesamente Ricardo \u00abMicro\u00bb Garc\u00eda. Ahora descubro que \u00e9ste subi\u00f3 a su sitio la historieta entera, reproducida a buena resoluci\u00f3n. 2&#8230;.<\/p>\n","protected":false},"author":1,"featured_media":0,"comment_status":"open","ping_status":"open","sticky":false,"template":"","format":"standard","meta":{"advanced_seo_description":"","jetpack_seo_html_title":"","jetpack_seo_noindex":false,"jetpack_post_was_ever_published":false,"_jetpack_newsletter_access":"","_jetpack_dont_email_post_to_subs":true,"_jetpack_newsletter_tier_id":0,"_jetpack_memberships_contains_paywalled_content":false,"_jetpack_memberships_contains_paid_content":false,"footnotes":"","jetpack_publicize_message":"","jetpack_publicize_feature_enabled":true,"jetpack_social_post_already_shared":false,"jetpack_social_options":{"image_generator_settings":{"template":"highway","default_image_id":0,"font":"","enabled":false},"version":2}},"categories":[14],"tags":[2857],"class_list":["post-105","post","type-post","status-publish","format-standard","hentry","category-sin-clasificar","tag-sin-clasificar"],"jetpack_publicize_connections":[],"jetpack_featured_media_url":"","jetpack_shortlink":"https:\/\/wp.me\/pjEhq-1H","jetpack_sharing_enabled":true,"_links":{"self":[{"href":"https:\/\/www.lashistorias.com.mx\/index.php\/wp-json\/wp\/v2\/posts\/105","targetHints":{"allow":["GET"]}}],"collection":[{"href":"https:\/\/www.lashistorias.com.mx\/index.php\/wp-json\/wp\/v2\/posts"}],"about":[{"href":"https:\/\/www.lashistorias.com.mx\/index.php\/wp-json\/wp\/v2\/types\/post"}],"author":[{"embeddable":true,"href":"https:\/\/www.lashistorias.com.mx\/index.php\/wp-json\/wp\/v2\/users\/1"}],"replies":[{"embeddable":true,"href":"https:\/\/www.lashistorias.com.mx\/index.php\/wp-json\/wp\/v2\/comments?post=105"}],"version-history":[{"count":1,"href":"https:\/\/www.lashistorias.com.mx\/index.php\/wp-json\/wp\/v2\/posts\/105\/revisions"}],"predecessor-version":[{"id":12983,"href":"https:\/\/www.lashistorias.com.mx\/index.php\/wp-json\/wp\/v2\/posts\/105\/revisions\/12983"}],"wp:attachment":[{"href":"https:\/\/www.lashistorias.com.mx\/index.php\/wp-json\/wp\/v2\/media?parent=105"}],"wp:term":[{"taxonomy":"category","embeddable":true,"href":"https:\/\/www.lashistorias.com.mx\/index.php\/wp-json\/wp\/v2\/categories?post=105"},{"taxonomy":"post_tag","embeddable":true,"href":"https:\/\/www.lashistorias.com.mx\/index.php\/wp-json\/wp\/v2\/tags?post=105"}],"curies":[{"name":"wp","href":"https:\/\/api.w.org\/{rel}","templated":true}]}}