{"id":10468,"date":"2013-09-29T17:54:43","date_gmt":"2013-09-29T22:54:43","guid":{"rendered":"http:\/\/www.lashistorias.com.mx\/?p=10468"},"modified":"2025-03-22T00:38:47","modified_gmt":"2025-03-22T06:38:47","slug":"escritores-por-ciudad-juarez","status":"publish","type":"post","link":"https:\/\/www.lashistorias.com.mx\/index.php\/escritores-por-ciudad-juarez\/","title":{"rendered":"Escritores por Ciudad Ju\u00e1rez"},"content":{"rendered":"<p>Estoy en el aeropuerto de Ciudad Ju\u00e1rez, Chihuahua, a punto de tomar un vuelo a la ciudad de M\u00e9xico. Estuve en d\u00edas pasados en el tercer Encuentro de Escritores por Ciudad Ju\u00e1rez.<br \/>\nEste encuentro reuni\u00f3 a escritores juarenses y de varias otras ciudades del pa\u00eds. Se hicieron mesas de lectura, conferencias y otras actividades (tambi\u00e9n se presentaron algunos libros, incluyendo <em>La torre y el jard\u00edn<\/em>, que fue comentada por Miguel \u00c1ngel Quem\u00e1in y Jos\u00e9 Juan Aboytia). La intenci\u00f3n del Encuentro es lo m\u00e1s importante: comenz\u00f3 en 2011 y fue impulsado, inicialmente, por el brutal <a href=\"http:\/\/mexico.cnn.com\/nacional\/2011\/01\/11\/la-activista-susana-chavez-es-asesinada-en-ciudad-juarez-chihuahua\">asesinato<\/a> de <a href=\"http:\/\/es.wikipedia.org\/wiki\/Susana_Ch%C3%A1vez\">Susana Ch\u00e1vez<\/a>, la <a href=\"http:\/\/primeratormenta.blogspot.mx\/\">poeta<\/a> y activista juarense que se hab\u00eda vuelto famosa por su labor entre los grupos de derechos humanos que intentaban esclarecer los los asesinatos de mujeres en la ciudad, que contin\u00faan hasta hoy y siguen impunes en muchas ocasiones. A Ch\u00e1vez se atribuye la frase \u00abNi Una M\u00e1s\u00bb como lema de la protesta; tras su muerte, un grupo encabezado por Antonio Flores Schroeder organiz\u00f3 el encuentro &#8211;seg\u00fan se dijo en varias ocasiones a lo largo de los d\u00edas pasados&#8211; para continuar la oposici\u00f3n contra la violencia y para intentar, tambi\u00e9n, una especie de exorcismo. Las lecturas y dem\u00e1s actividades se realizan en lugares de la ciudad que fueron escenario de hechos violentos: la intenci\u00f3n es reclamarlos.<\/p>\n<figure id=\"attachment_10473\" aria-describedby=\"caption-attachment-10473\" style=\"width: 640px\" class=\"wp-caption aligncenter\"><a ref=\"magnificPopup\" href=\"https:\/\/www.lashistorias.com.mx\/wp-content\/uploads\/2013\/09\/RubenRivera.jpg\"><img loading=\"lazy\" decoding=\"async\" data-attachment-id=\"10473\" data-permalink=\"https:\/\/www.lashistorias.com.mx\/index.php\/escritores-por-ciudad-juarez\/rubenrivera\/\" data-orig-file=\"https:\/\/www.lashistorias.com.mx\/wp-content\/uploads\/2013\/09\/RubenRivera.jpg\" data-orig-size=\"640,640\" data-comments-opened=\"1\" data-image-meta=\"{&quot;aperture&quot;:&quot;0&quot;,&quot;credit&quot;:&quot;&quot;,&quot;camera&quot;:&quot;&quot;,&quot;caption&quot;:&quot;&quot;,&quot;created_timestamp&quot;:&quot;0&quot;,&quot;copyright&quot;:&quot;&quot;,&quot;focal_length&quot;:&quot;0&quot;,&quot;iso&quot;:&quot;0&quot;,&quot;shutter_speed&quot;:&quot;0&quot;,&quot;title&quot;:&quot;&quot;}\" data-image-title=\"Rub\u00e9n Rivera\" data-image-description=\"\" data-image-caption=\"&lt;p&gt;El poeta Rub\u00e9n Rivera antes de una de las actividades del Encuentro&lt;\/p&gt;\n\" data-large-file=\"https:\/\/www.lashistorias.com.mx\/wp-content\/uploads\/2013\/09\/RubenRivera.jpg\" class=\"size-full wp-image-10473\" src=\"https:\/\/www.lashistorias.com.mx\/wp-content\/uploads\/2013\/09\/RubenRivera.jpg\" alt=\"El poeta Rub\u00e9n Rivera antes de una de las actividades del Encuentro\" width=\"640\" height=\"640\" srcset=\"https:\/\/www.lashistorias.com.mx\/wp-content\/uploads\/2013\/09\/RubenRivera.jpg 640w, https:\/\/www.lashistorias.com.mx\/wp-content\/uploads\/2013\/09\/RubenRivera-150x150.jpg 150w, https:\/\/www.lashistorias.com.mx\/wp-content\/uploads\/2013\/09\/RubenRivera-300x300.jpg 300w\" sizes=\"auto, (max-width: 640px) 100vw, 640px\" \/><\/a><figcaption id=\"caption-attachment-10473\" class=\"wp-caption-text\">El poeta Rub\u00e9n Rivera antes de una de las actividades del Encuentro<\/figcaption><\/figure>\n<p>Para m\u00ed, la necesidad de este acto que tiene mucho de ritual se vio durante una de las lecturas en las que particip\u00e9. Al terminar la ronda de textos, un hombre del p\u00fablico pidi\u00f3 la palabra para decir que nada de eso &#8211;de las lecturas, de la poes\u00eda, de la literatura&#8211; serv\u00eda para nada. Que nada de eso pod\u00eda nada contra la violencia. Que a \u00e9l le hab\u00edan matado un hijo y que todo aquello era una p\u00e9rdida de tiempo. Luego se fue. Todos nos quedamos callados. Lo primero que pensamos (lo s\u00e9 porque lo comentamos posteriormente) fue que no pod\u00eda responderse nada a semejantes palabras, que proven\u00edan de un horror y un sufrimientos reales, ineludibles. Que realmente no hab\u00eda nada m\u00e1s que decir.<br \/>\nSin embargo, inmediatamente despu\u00e9s una mujer dijo que no: que ella encontraba en las palabras, en la poes\u00eda, en la literatura, al menos la posibilidad de distracci\u00f3n; de consuelo. Esto puede parecer trivial pero, entendimos, no lo es. Lo comentamos all\u00ed mismo y yo llegu\u00e9 a esta idea: que el lenguaje &#8211;el medio que tenemos, el \u00fanico, para explicarnos y dar sentido a nuestra experiencia en el mundo&#8211; sirve para muchas cosas, y entre ellas para que una comunidad pueda reponerse de las cat\u00e1strofes: seguir adelante, reteniendo el recuerdo y la indignaci\u00f3n por lo que le sucede y a la vez sin renunciar a todo lo otro que es tambi\u00e9n humano m\u00e1s all\u00e1 de nuestra propensi\u00f3n por la violencia. Negarnos al lenguaje es reducirnos a un estado bestial, es destruirnos de otro modo. Encuentros como \u00e9ste realizan la labor de recordarnos este hecho y reabrir, al menos para algunas personas, esas otras posibilidades de lo humano. Es una labor dificil\u00edsima, de \u00e9xito incierto, pero tambi\u00e9n es una labor imprescindible.<br \/>\nEsta <a href=\"https:\/\/www.facebook.com\/events\/163132160544006\/?ref=ts&amp;fref=ts\">p\u00e1gina de Facebook<\/a> es una de las constancias del Encuentro. Y en <a href=\"http:\/\/escritoresporciudadjuarez.blogspot.mx\/\">este blog<\/a> se puede ver algo de la actividad del Encuentro m\u00e1s all\u00e1 de Ciudad Ju\u00e1rez: numerosas actividades paralelas en apoyo del mismo en varios pa\u00edses. Literalmente hubo miles de participantes en esos encuentros paralelos, virtuales, por Ciudad Ju\u00e1rez. Yo agradezco la oportunidad de haber participado en \u00e9ste.<\/p>\n<figure id=\"attachment_10469\" aria-describedby=\"caption-attachment-10469\" style=\"width: 1024px\" class=\"wp-caption aligncenter\"><a ref=\"magnificPopup\" href=\"https:\/\/www.lashistorias.com.mx\/wp-content\/uploads\/2013\/09\/3EECJ.jpg\"><img loading=\"lazy\" decoding=\"async\" data-attachment-id=\"10469\" data-permalink=\"https:\/\/www.lashistorias.com.mx\/index.php\/escritores-por-ciudad-juarez\/3eecj\/\" data-orig-file=\"https:\/\/www.lashistorias.com.mx\/wp-content\/uploads\/2013\/09\/3EECJ.jpg\" data-orig-size=\"3264,2448\" data-comments-opened=\"1\" data-image-meta=\"{&quot;aperture&quot;:&quot;0&quot;,&quot;credit&quot;:&quot;&quot;,&quot;camera&quot;:&quot;&quot;,&quot;caption&quot;:&quot;&quot;,&quot;created_timestamp&quot;:&quot;0&quot;,&quot;copyright&quot;:&quot;&quot;,&quot;focal_length&quot;:&quot;0&quot;,&quot;iso&quot;:&quot;0&quot;,&quot;shutter_speed&quot;:&quot;0&quot;,&quot;title&quot;:&quot;&quot;}\" data-image-title=\"3EECJ\" data-image-description=\"\" data-image-caption=\"&lt;p&gt;Algunos de los participantes en el Encuentro&lt;\/p&gt;\n\" data-large-file=\"https:\/\/www.lashistorias.com.mx\/wp-content\/uploads\/2013\/09\/3EECJ-1024x768.jpg\" class=\"size-large wp-image-10469\" src=\"https:\/\/www.lashistorias.com.mx\/wp-content\/uploads\/2013\/09\/3EECJ-1024x768.jpg\" alt=\"Algunos de los participantes en el Encuentro\" width=\"1024\" height=\"768\" srcset=\"https:\/\/www.lashistorias.com.mx\/wp-content\/uploads\/2013\/09\/3EECJ-1024x768.jpg 1024w, https:\/\/www.lashistorias.com.mx\/wp-content\/uploads\/2013\/09\/3EECJ-300x225.jpg 300w\" sizes=\"auto, (max-width: 1024px) 100vw, 1024px\" \/><\/a><figcaption id=\"caption-attachment-10469\" class=\"wp-caption-text\">Algunos de los participantes en el Encuentro<\/figcaption><\/figure>\n","protected":false},"excerpt":{"rendered":"<p>Un encuentro de escritores. Una b\u00fasqueda de espacios para la paz.<\/p>\n","protected":false},"author":1,"featured_media":10473,"comment_status":"open","ping_status":"open","sticky":false,"template":"","format":"standard","meta":{"advanced_seo_description":"","jetpack_seo_html_title":"","jetpack_seo_noindex":false,"jetpack_post_was_ever_published":false,"_jetpack_newsletter_access":"","_jetpack_dont_email_post_to_subs":true,"_jetpack_newsletter_tier_id":0,"_jetpack_memberships_contains_paywalled_content":false,"_jetpack_memberships_contains_paid_content":false,"footnotes":"","jetpack_publicize_message":"Tercer Encuentro de Escritores por Ciudad Ju\u00e1rez: http:\/\/wp.me\/pjEhq-2IQ","jetpack_publicize_feature_enabled":true,"jetpack_social_post_already_shared":true,"jetpack_social_options":{"image_generator_settings":{"template":"highway","default_image_id":0,"font":"","enabled":false},"version":2}},"categories":[1520],"tags":[2104,2667,2130,2866,2666,2855,2668,2670,2669],"class_list":["post-10468","post","type-post","status-publish","format-standard","has-post-thumbnail","hentry","category-cuaderno","tag-activismo","tag-antonio-flores-schroeder","tag-ciudad-juarez","tag-cuaderno","tag-encuentro-de-escritores-por-ciudad-juarez","tag-literatura","tag-ni-una-mas","tag-ruben-rivera","tag-susana-chavez"],"jetpack_publicize_connections":[],"jetpack_featured_media_url":"https:\/\/www.lashistorias.com.mx\/wp-content\/uploads\/2013\/09\/RubenRivera.jpg","jetpack_shortlink":"https:\/\/wp.me\/pjEhq-2IQ","jetpack_sharing_enabled":true,"_links":{"self":[{"href":"https:\/\/www.lashistorias.com.mx\/index.php\/wp-json\/wp\/v2\/posts\/10468","targetHints":{"allow":["GET"]}}],"collection":[{"href":"https:\/\/www.lashistorias.com.mx\/index.php\/wp-json\/wp\/v2\/posts"}],"about":[{"href":"https:\/\/www.lashistorias.com.mx\/index.php\/wp-json\/wp\/v2\/types\/post"}],"author":[{"embeddable":true,"href":"https:\/\/www.lashistorias.com.mx\/index.php\/wp-json\/wp\/v2\/users\/1"}],"replies":[{"embeddable":true,"href":"https:\/\/www.lashistorias.com.mx\/index.php\/wp-json\/wp\/v2\/comments?post=10468"}],"version-history":[{"count":9,"href":"https:\/\/www.lashistorias.com.mx\/index.php\/wp-json\/wp\/v2\/posts\/10468\/revisions"}],"predecessor-version":[{"id":16816,"href":"https:\/\/www.lashistorias.com.mx\/index.php\/wp-json\/wp\/v2\/posts\/10468\/revisions\/16816"}],"wp:featuredmedia":[{"embeddable":true,"href":"https:\/\/www.lashistorias.com.mx\/index.php\/wp-json\/wp\/v2\/media\/10473"}],"wp:attachment":[{"href":"https:\/\/www.lashistorias.com.mx\/index.php\/wp-json\/wp\/v2\/media?parent=10468"}],"wp:term":[{"taxonomy":"category","embeddable":true,"href":"https:\/\/www.lashistorias.com.mx\/index.php\/wp-json\/wp\/v2\/categories?post=10468"},{"taxonomy":"post_tag","embeddable":true,"href":"https:\/\/www.lashistorias.com.mx\/index.php\/wp-json\/wp\/v2\/tags?post=10468"}],"curies":[{"name":"wp","href":"https:\/\/api.w.org\/{rel}","templated":true}]}}