{"id":10447,"date":"2013-09-10T10:33:36","date_gmt":"2013-09-10T15:33:36","guid":{"rendered":"http:\/\/www.lashistorias.com.mx\/?p=10447"},"modified":"2019-08-26T12:15:20","modified_gmt":"2019-08-26T17:15:20","slug":"teoria-del-cangrejo","status":"publish","type":"post","link":"https:\/\/www.lashistorias.com.mx\/index.php\/teoria-del-cangrejo\/","title":{"rendered":"Teor\u00eda del cangrejo"},"content":{"rendered":"<p>He aqu\u00ed una rareza de Julio Cort\u00e1zar: un texto experimental que, como indica su t\u00edtulo, se aleja cada vez m\u00e1s de un posible final en vez de acercarse. Yo sab\u00eda que \u201cTeor\u00eda del cangrejo\u00bb fue citado en un art\u00edculo de Helena Berist\u00e1in (\u201cEnclaves, encastres\u2026\u201d, en <em>Acta Po\u00e9tica<\/em> n\u00fam. 14-15, 1993-1994. M\u00e9xico, UNAM, pp. 265-266) y recogido de all\u00ed por Lauro Zavala para el tomo IV de su antolog\u00eda <em>Teor\u00edas del cuento<\/em> (UNAM, 1998). A pocos minutos de publicada esta nota, desde Facebook escribi\u00f3 <a href=\"https:\/\/www.facebook.com\/sarroyom\">Sergio Arroyo<\/a> para decir que el cuento <a href=\"http:\/\/www.triunfodigital.com\/mostradorn.php?a%F1o=XXV&#038;num=418&#038;imagen=43&#038;fecha=1970-06-06\">fue publicado inicialmente en 1970<\/a> en la revista espa\u00f1ola <em><a href=\"http:\/\/www.triunfodigital.com\/\">Triunfo<\/a><\/em>.<br \/>\nGracias a <a href=\"https:\/\/www.facebook.com\/sarai.insomne\">Sarai Robledo<\/a> y a Omar por la transcripci\u00f3n.<\/p>\n<p><a ref=\"magnificPopup\" href=\"https:\/\/www.lashistorias.com.mx\/wp-content\/uploads\/2014\/08\/JCyelG.jpg\"><img loading=\"lazy\" decoding=\"async\" data-attachment-id=\"11254\" data-permalink=\"https:\/\/www.lashistorias.com.mx\/index.php\/la-risa-y-el-misterio\/jcyelg\/\" data-orig-file=\"https:\/\/www.lashistorias.com.mx\/wp-content\/uploads\/2014\/08\/JCyelG.jpg\" data-orig-size=\"1200,884\" data-comments-opened=\"1\" data-image-meta=\"{&quot;aperture&quot;:&quot;0&quot;,&quot;credit&quot;:&quot;&quot;,&quot;camera&quot;:&quot;&quot;,&quot;caption&quot;:&quot;&quot;,&quot;created_timestamp&quot;:&quot;0&quot;,&quot;copyright&quot;:&quot;&quot;,&quot;focal_length&quot;:&quot;0&quot;,&quot;iso&quot;:&quot;0&quot;,&quot;shutter_speed&quot;:&quot;0&quot;,&quot;title&quot;:&quot;&quot;}\" data-image-title=\"Julio Cort\u00e1zar y un gato\" data-image-description=\"\" data-image-caption=\"\" data-large-file=\"https:\/\/www.lashistorias.com.mx\/wp-content\/uploads\/2014\/08\/JCyelG-1024x754.jpg\" src=\"https:\/\/www.lashistorias.com.mx\/wp-content\/uploads\/2014\/08\/JCyelG.jpg\" alt=\"\" width=\"1200\" height=\"884\" class=\"alignnone size-full wp-image-11254\" srcset=\"https:\/\/www.lashistorias.com.mx\/wp-content\/uploads\/2014\/08\/JCyelG.jpg 1200w, https:\/\/www.lashistorias.com.mx\/wp-content\/uploads\/2014\/08\/JCyelG-300x221.jpg 300w, https:\/\/www.lashistorias.com.mx\/wp-content\/uploads\/2014\/08\/JCyelG-1024x754.jpg 1024w\" sizes=\"auto, (max-width: 1200px) 100vw, 1200px\" \/><\/a><\/p>\n<p><strong>TEOR\u00cdA DEL CANGREJO<br \/>\nJulio Cort\u00e1zar<\/strong><\/p>\n<p>Hab\u00edan levantado la casa en el l\u00edmite de la selva, orientada al sur para evitar que la humedad de los vientos de Marzo se sumara al calor que apenas mitigaba la sombra de los \u00e1rboles. Cuando Winnie llegaba<\/p>\n<p>Dej\u00f3 el p\u00e1rrafo en suspenso, apart\u00f3 la m\u00e1quina de escribir y encendi\u00f3 la pipa. Winnie. El problema, como siempre, era Winnie. Apenas se ocupaba de ella la fluidez se coagulaba en una especie de<\/p>\n<p>Suspirando, borr\u00f3 <em>en una especie de<\/em>, porque detestaba las facilidades del idioma, y pens\u00f3 que ya no podr\u00eda seguir trabajando hasta despu\u00e9s de cenar; pronto llegar\u00edan los ni\u00f1os de la escuela  y habr\u00eda que ocuparse de los ba\u00f1os, de prepararles la comida y ayudarlos en sus<\/p>\n<p>\u00bfPor qu\u00e9 en mitad de una enumeraci\u00f3n tan sencilla habr\u00eda como un agujero, una imposibilidad de seguir? Le resultaba incomprensible, puesto que habr\u00eda escrito pasajes mucho m\u00e1s arduos que se armaban sin ning\u00fan esfuerzo, como si de alguna manera estuvieran ya preparados para incidir en el lenguaje. Por supuesto, en casos as\u00ed lo mejor<\/p>\n<p>Tirando el l\u00e1piz, se dijo que  todo se volv\u00eda demasiado abstracto; los <em>por supuesto<\/em>, los <em>en esos casos<\/em>, la vieja tendencia a huir de situaciones definidas. Ten\u00eda la impresi\u00f3n de alejarse cada vez m\u00e1s de las fuentes, de organizar <em>puzzles<\/em> de palabras que a su vez<\/p>\n<p>Cerr\u00f3 bruscamente el cuaderno y sali\u00f3 a la veranda.<\/p>\n<p>Imposible dejar esa palabra, <em>veranda<\/em>.<\/p>\n<p><a ref=\"magnificPopup\" href=\"https:\/\/www.lashistorias.com.mx\/wp-content\/uploads\/2013\/09\/cangrejo.jpg\"><img loading=\"lazy\" decoding=\"async\" data-attachment-id=\"10449\" data-permalink=\"https:\/\/www.lashistorias.com.mx\/index.php\/teoria-del-cangrejo\/cangrejo\/\" data-orig-file=\"https:\/\/www.lashistorias.com.mx\/wp-content\/uploads\/2013\/09\/cangrejo.jpg\" data-orig-size=\"3752,1736\" data-comments-opened=\"1\" data-image-meta=\"{&quot;aperture&quot;:&quot;0&quot;,&quot;credit&quot;:&quot;&quot;,&quot;camera&quot;:&quot;&quot;,&quot;caption&quot;:&quot;&quot;,&quot;created_timestamp&quot;:&quot;0&quot;,&quot;copyright&quot;:&quot;&quot;,&quot;focal_length&quot;:&quot;0&quot;,&quot;iso&quot;:&quot;0&quot;,&quot;shutter_speed&quot;:&quot;0&quot;,&quot;title&quot;:&quot;&quot;}\" data-image-title=\"cangrejo\" data-image-description=\"\" data-image-caption=\"\" data-large-file=\"https:\/\/www.lashistorias.com.mx\/wp-content\/uploads\/2013\/09\/cangrejo-1024x473.jpg\" src=\"https:\/\/www.lashistorias.com.mx\/wp-content\/uploads\/2013\/09\/cangrejo-1024x473.jpg\" alt=\"cangrejo\" width=\"1024\" height=\"473\" class=\"aligncenter size-large wp-image-10449\" srcset=\"https:\/\/www.lashistorias.com.mx\/wp-content\/uploads\/2013\/09\/cangrejo-1024x473.jpg 1024w, https:\/\/www.lashistorias.com.mx\/wp-content\/uploads\/2013\/09\/cangrejo-300x138.jpg 300w\" sizes=\"auto, (max-width: 1024px) 100vw, 1024px\" \/><\/a><\/p>\n","protected":false},"excerpt":{"rendered":"<p>Un cuento experimental de Julio Cort\u00e1zar, que cada vez se aleja m\u00e1s de su posible final, en vez de acercarse.<\/p>\n","protected":false},"author":1,"featured_media":13282,"comment_status":"open","ping_status":"open","sticky":false,"template":"","format":"standard","meta":{"advanced_seo_description":"","jetpack_seo_html_title":"","jetpack_seo_noindex":false,"jetpack_post_was_ever_published":false,"_jetpack_newsletter_access":"","_jetpack_dont_email_post_to_subs":true,"_jetpack_newsletter_tier_id":0,"_jetpack_memberships_contains_paywalled_content":false,"_jetpack_memberships_contains_paid_content":false,"footnotes":"","jetpack_publicize_message":"Teor\u00eda del cangrejo. http:\/\/wp.me\/pjEhq-2Iv","jetpack_publicize_feature_enabled":true,"jetpack_social_post_already_shared":true,"jetpack_social_options":{"image_generator_settings":{"template":"highway","default_image_id":0,"font":"","enabled":false},"version":2}},"categories":[4],"tags":[22,2343,1065,2855,1131,521],"class_list":["post-10447","post","type-post","status-publish","format-standard","has-post-thumbnail","hentry","category-el-cuento","tag-cuento","tag-el-cuento-del-mes","tag-julio-cortazar","tag-literatura","tag-teoria-del-cangrejo","tag-textos-que-no-estaban-en-la-red"],"jetpack_publicize_connections":[],"jetpack_featured_media_url":"https:\/\/www.lashistorias.com.mx\/wp-content\/uploads\/2013\/09\/cangrejo-b.jpg","jetpack_shortlink":"https:\/\/wp.me\/pjEhq-2Iv","jetpack_sharing_enabled":true,"_links":{"self":[{"href":"https:\/\/www.lashistorias.com.mx\/index.php\/wp-json\/wp\/v2\/posts\/10447","targetHints":{"allow":["GET"]}}],"collection":[{"href":"https:\/\/www.lashistorias.com.mx\/index.php\/wp-json\/wp\/v2\/posts"}],"about":[{"href":"https:\/\/www.lashistorias.com.mx\/index.php\/wp-json\/wp\/v2\/types\/post"}],"author":[{"embeddable":true,"href":"https:\/\/www.lashistorias.com.mx\/index.php\/wp-json\/wp\/v2\/users\/1"}],"replies":[{"embeddable":true,"href":"https:\/\/www.lashistorias.com.mx\/index.php\/wp-json\/wp\/v2\/comments?post=10447"}],"version-history":[{"count":9,"href":"https:\/\/www.lashistorias.com.mx\/index.php\/wp-json\/wp\/v2\/posts\/10447\/revisions"}],"predecessor-version":[{"id":15047,"href":"https:\/\/www.lashistorias.com.mx\/index.php\/wp-json\/wp\/v2\/posts\/10447\/revisions\/15047"}],"wp:featuredmedia":[{"embeddable":true,"href":"https:\/\/www.lashistorias.com.mx\/index.php\/wp-json\/wp\/v2\/media\/13282"}],"wp:attachment":[{"href":"https:\/\/www.lashistorias.com.mx\/index.php\/wp-json\/wp\/v2\/media?parent=10447"}],"wp:term":[{"taxonomy":"category","embeddable":true,"href":"https:\/\/www.lashistorias.com.mx\/index.php\/wp-json\/wp\/v2\/categories?post=10447"},{"taxonomy":"post_tag","embeddable":true,"href":"https:\/\/www.lashistorias.com.mx\/index.php\/wp-json\/wp\/v2\/tags?post=10447"}],"curies":[{"name":"wp","href":"https:\/\/api.w.org\/{rel}","templated":true}]}}