{"id":10373,"date":"2013-07-30T18:30:33","date_gmt":"2013-07-30T23:30:33","guid":{"rendered":"http:\/\/www.lashistorias.com.mx\/?p=10373"},"modified":"2025-03-22T00:34:59","modified_gmt":"2025-03-22T06:34:59","slug":"vamonos-a-lima","status":"publish","type":"post","link":"https:\/\/www.lashistorias.com.mx\/index.php\/vamonos-a-lima\/","title":{"rendered":"V\u00e1monos a Lima: taller, conferencia y <em>La ciudad imaginada<\/em>"},"content":{"rendered":"<p>Ahora que va a aparecer en Lima, Per\u00fa, la nueva edici\u00f3n de <em>La ciudad imaginada<\/em>, he sido invitado a la <a href=\"https:\/\/www.facebook.com\/FilLimaPeru\">Feria Internacional del Libro de Lima<\/a>, que ya se encuentra en marcha. Este fin de semana estar\u00e9 por all\u00e1. Aqu\u00ed dejo constancia y los invito:<\/p>\n<ol>\n<li>Presentaremos <a href=\"https:\/\/www.lashistorias.com.mx\/index.php\/archivo\/la-ciudad-imaginada-nightmare-mix\/\"><em>La ciudad imaginada (Nightmare Mix)<\/em><\/a>, que publica la editorial Casatomada, en la Feria del Libro, con comentarios de Juan Manuel Ch\u00e1vez y Elton Honores. La cita es el s\u00e1bado 3 de agosto, de 7:00 a 8:00 PM, en la sala Ciro Alegr\u00eda del recinto de la Feria (Parque de los Pr\u00f3ceres, Jes\u00fas Mar\u00eda).<\/p>\n<\/li>\n<li>\n<p>El s\u00e1bado 3 y el domingo 4 dar\u00e9 un <a href=\"http:\/\/www.limagris.com\/?p=11998\">taller rel\u00e1mpago de escritura fant\u00e1stica<\/a> en el Instituto Ra\u00fal Porras Barrenechea (Colina 398, Miraflores), de 10:30 AM a 12:30 PM. (Las inscripciones est\u00e1n abiertas y hay cupo todav\u00eda, me dicen.)<\/p>\n<\/li>\n<li>\n<p>Inmediatamente despu\u00e9s de terminar la segunda sesi\u00f3n del taller, a la 1:15 PM, dar\u00e9 una conferencia en el mismo Instituto: \u00abEntre el horror, lo real y lo fant\u00e1stico\u00bb.<\/p>\n<\/li>\n<\/ol>\n<p>Se pueden obtener <a href=\"https:\/\/www.facebook.com\/photo.php?fbid=505002922903597&amp;set=a.340561252681099.72692.339770952760129&amp;type=1&amp;theater\">m\u00e1s detalles de estas actividades<\/a> escribiendo a las siguiente direcciones de correo electr\u00f3nico (hay que cambiar [fusion_builder_container hundred_percent=\u00bbyes\u00bb overflow=\u00bbvisible\u00bb][fusion_builder_row][fusion_builder_column type=\u00bb1_1&#8243; background_position=\u00bbleft top\u00bb background_color=\u00bb\u00bb border_size=\u00bb\u00bb border_color=\u00bb\u00bb border_style=\u00bbsolid\u00bb spacing=\u00bbyes\u00bb background_image=\u00bb\u00bb background_repeat=\u00bbno-repeat\u00bb padding=\u00bb\u00bb margin_top=\u00bb0px\u00bb margin_bottom=\u00bb0px\u00bb class=\u00bb\u00bb id=\u00bb\u00bb animation_type=\u00bb\u00bb animation_speed=\u00bb0.3&#8243; animation_direction=\u00bbleft\u00bb hide_on_mobile=\u00bbno\u00bb center_content=\u00bbno\u00bb min_height=\u00bbnone\u00bb][arroba] por el signo adecuado, desde luego): <strong>ecasatomada[arroba]gmail.com<\/strong> o <strong>ediciones.irpb[arroba]unmsm.edu.pe<\/strong>.<\/p>\n<p>Muchas gracias a Gabriel Rimachi en Per\u00fa y Rafael Ferragut en M\u00e9xico. <a href=\"http:\/\/www.buhoc.com.pe\/arte-y-cultura\/alberto-chimal-en-la-18-fil-lima-2013\/\">All\u00e1 nos vemos<\/a>&#8230;<\/p>\n<p><a ref=\"magnificPopup\" href=\"https:\/\/www.lashistorias.com.mx\/wp-content\/uploads\/2013\/07\/publicidad-CHIMAL-LIMA.jpg\"><img loading=\"lazy\" decoding=\"async\" data-attachment-id=\"10374\" data-permalink=\"https:\/\/www.lashistorias.com.mx\/index.php\/vamonos-a-lima\/publicidad-chimal-lima\/\" data-orig-file=\"https:\/\/www.lashistorias.com.mx\/wp-content\/uploads\/2013\/07\/publicidad-CHIMAL-LIMA.jpg\" data-orig-size=\"2450,3670\" data-comments-opened=\"1\" data-image-meta=\"{&quot;aperture&quot;:&quot;0&quot;,&quot;credit&quot;:&quot;&quot;,&quot;camera&quot;:&quot;&quot;,&quot;caption&quot;:&quot;&quot;,&quot;created_timestamp&quot;:&quot;0&quot;,&quot;copyright&quot;:&quot;&quot;,&quot;focal_length&quot;:&quot;0&quot;,&quot;iso&quot;:&quot;0&quot;,&quot;shutter_speed&quot;:&quot;0&quot;,&quot;title&quot;:&quot;&quot;}\" data-image-title=\"publicidad CHIMAL LIMA\" data-image-description=\"\" data-image-caption=\"\" data-large-file=\"https:\/\/www.lashistorias.com.mx\/wp-content\/uploads\/2013\/07\/publicidad-CHIMAL-LIMA-683x1024.jpg\" class=\"aligncenter size-large wp-image-10374\" alt=\"publicidad CHIMAL LIMA\" src=\"https:\/\/www.lashistorias.com.mx\/wp-content\/uploads\/2013\/07\/publicidad-CHIMAL-LIMA-683x1024.jpg\" width=\"683\" height=\"1024\" srcset=\"https:\/\/www.lashistorias.com.mx\/wp-content\/uploads\/2013\/07\/publicidad-CHIMAL-LIMA-683x1024.jpg 683w, https:\/\/www.lashistorias.com.mx\/wp-content\/uploads\/2013\/07\/publicidad-CHIMAL-LIMA-200x300.jpg 200w\" sizes=\"auto, (max-width: 683px) 100vw, 683px\" \/><\/a><\/p>\n<p>&nbsp;<\/p>\n<p><a ref=\"magnificPopup\" href=\"https:\/\/www.lashistorias.com.mx\/wp-content\/uploads\/2013\/07\/conferencia-CHIMAL.jpg\"><img loading=\"lazy\" decoding=\"async\" data-attachment-id=\"10375\" data-permalink=\"https:\/\/www.lashistorias.com.mx\/index.php\/vamonos-a-lima\/conferencia-chimal\/\" data-orig-file=\"https:\/\/www.lashistorias.com.mx\/wp-content\/uploads\/2013\/07\/conferencia-CHIMAL.jpg\" data-orig-size=\"2591,1233\" data-comments-opened=\"1\" data-image-meta=\"{&quot;aperture&quot;:&quot;0&quot;,&quot;credit&quot;:&quot;&quot;,&quot;camera&quot;:&quot;&quot;,&quot;caption&quot;:&quot;&quot;,&quot;created_timestamp&quot;:&quot;0&quot;,&quot;copyright&quot;:&quot;&quot;,&quot;focal_length&quot;:&quot;0&quot;,&quot;iso&quot;:&quot;0&quot;,&quot;shutter_speed&quot;:&quot;0&quot;,&quot;title&quot;:&quot;&quot;}\" data-image-title=\"conferencia CHIMAL\" data-image-description=\"\" data-image-caption=\"\" data-large-file=\"https:\/\/www.lashistorias.com.mx\/wp-content\/uploads\/2013\/07\/conferencia-CHIMAL-1024x487.jpg\" class=\"aligncenter size-large wp-image-10375\" alt=\"conferencia CHIMAL\" src=\"https:\/\/www.lashistorias.com.mx\/wp-content\/uploads\/2013\/07\/conferencia-CHIMAL-1024x487.jpg\" width=\"1024\" height=\"487\" srcset=\"https:\/\/www.lashistorias.com.mx\/wp-content\/uploads\/2013\/07\/conferencia-CHIMAL-1024x487.jpg 1024w, https:\/\/www.lashistorias.com.mx\/wp-content\/uploads\/2013\/07\/conferencia-CHIMAL-300x142.jpg 300w\" sizes=\"auto, (max-width: 1024px) 100vw, 1024px\" \/><\/a><\/p>\n<p>&nbsp;<\/p>\n<p><a ref=\"magnificPopup\" href=\"https:\/\/www.lashistorias.com.mx\/wp-content\/uploads\/2013\/07\/DESPLEGADO-Portada-CHIMAL-2013.jpg\"><img loading=\"lazy\" decoding=\"async\" data-attachment-id=\"10378\" data-permalink=\"https:\/\/www.lashistorias.com.mx\/index.php\/vamonos-a-lima\/desplegado-portada-chimal-2013\/\" data-orig-file=\"https:\/\/www.lashistorias.com.mx\/wp-content\/uploads\/2013\/07\/DESPLEGADO-Portada-CHIMAL-2013.jpg\" data-orig-size=\"3856,1739\" data-comments-opened=\"1\" data-image-meta=\"{&quot;aperture&quot;:&quot;0&quot;,&quot;credit&quot;:&quot;&quot;,&quot;camera&quot;:&quot;&quot;,&quot;caption&quot;:&quot;&quot;,&quot;created_timestamp&quot;:&quot;0&quot;,&quot;copyright&quot;:&quot;&quot;,&quot;focal_length&quot;:&quot;0&quot;,&quot;iso&quot;:&quot;0&quot;,&quot;shutter_speed&quot;:&quot;0&quot;,&quot;title&quot;:&quot;&quot;}\" data-image-title=\"DESPLEGADO Portada CHIMAL 2013\" data-image-description=\"\" data-image-caption=\"\" data-large-file=\"https:\/\/www.lashistorias.com.mx\/wp-content\/uploads\/2013\/07\/DESPLEGADO-Portada-CHIMAL-2013-1024x461.jpg\" class=\"aligncenter size-large wp-image-10378\" alt=\"DESPLEGADO Portada CHIMAL 2013\" src=\"https:\/\/www.lashistorias.com.mx\/wp-content\/uploads\/2013\/07\/DESPLEGADO-Portada-CHIMAL-2013-1024x461.jpg\" width=\"1024\" height=\"461\" srcset=\"https:\/\/www.lashistorias.com.mx\/wp-content\/uploads\/2013\/07\/DESPLEGADO-Portada-CHIMAL-2013-1024x461.jpg 1024w, https:\/\/www.lashistorias.com.mx\/wp-content\/uploads\/2013\/07\/DESPLEGADO-Portada-CHIMAL-2013-300x135.jpg 300w\" sizes=\"auto, (max-width: 1024px) 100vw, 1024px\" \/><\/a>[\/fusion_builder_column][\/fusion_builder_row][\/fusion_builder_container]\n","protected":false},"excerpt":{"rendered":"<p>Ahora que va a aparecer en Lima, Per\u00fa, la nueva edici\u00f3n de La ciudad imaginada, he sido invitado a la Feria Internacional del Libro de Lima, que ya se encuentra en marcha. Este fin de semana estar\u00e9 por all\u00e1. Aqu\u00ed dejo constancia y los invito: Presentaremos La ciudad imaginada (Nightmare Mix), que publica la editorial&#8230;<\/p>\n","protected":false},"author":1,"featured_media":10374,"comment_status":"open","ping_status":"open","sticky":false,"template":"","format":"standard","meta":{"advanced_seo_description":"","jetpack_seo_html_title":"","jetpack_seo_noindex":false,"jetpack_post_was_ever_published":false,"_jetpack_newsletter_access":"","_jetpack_dont_email_post_to_subs":true,"_jetpack_newsletter_tier_id":0,"_jetpack_memberships_contains_paywalled_content":false,"_jetpack_memberships_contains_paid_content":false,"footnotes":"","jetpack_publicize_message":"Nuevo libro, conferencia y taller de escritura fant\u00e1stica en la Feria del Libro de Lima, Per\u00fa (los invito): http:\/\/wp.me\/pjEhq-2Hj","jetpack_publicize_feature_enabled":true,"jetpack_social_post_already_shared":true,"jetpack_social_options":{"image_generator_settings":{"template":"highway","default_image_id":0,"font":"","enabled":false},"version":2}},"categories":[23,3],"tags":[2643,1218,2861,2650,2647,2645,2648,2649,1491,2644,433,2646],"class_list":["post-10373","post","type-post","status-publish","format-standard","has-post-thumbnail","hentry","category-cursos-y-talleres","category-lo-nuevo","tag-casatomada","tag-conferencias","tag-cursos-y-talleres","tag-elton-honores","tag-feria-internacional-del-libro-de-lima","tag-gabriel-rimachi","tag-instituto-raul-porras-barrenechea","tag-juan-manuel-chavez","tag-la-ciudad-imaginada","tag-lima","tag-peru","tag-rafael-ferragut"],"jetpack_publicize_connections":[],"jetpack_featured_media_url":"https:\/\/www.lashistorias.com.mx\/wp-content\/uploads\/2013\/07\/publicidad-CHIMAL-LIMA.jpg","jetpack_shortlink":"https:\/\/wp.me\/pjEhq-2Hj","jetpack_sharing_enabled":true,"_links":{"self":[{"href":"https:\/\/www.lashistorias.com.mx\/index.php\/wp-json\/wp\/v2\/posts\/10373","targetHints":{"allow":["GET"]}}],"collection":[{"href":"https:\/\/www.lashistorias.com.mx\/index.php\/wp-json\/wp\/v2\/posts"}],"about":[{"href":"https:\/\/www.lashistorias.com.mx\/index.php\/wp-json\/wp\/v2\/types\/post"}],"author":[{"embeddable":true,"href":"https:\/\/www.lashistorias.com.mx\/index.php\/wp-json\/wp\/v2\/users\/1"}],"replies":[{"embeddable":true,"href":"https:\/\/www.lashistorias.com.mx\/index.php\/wp-json\/wp\/v2\/comments?post=10373"}],"version-history":[{"count":15,"href":"https:\/\/www.lashistorias.com.mx\/index.php\/wp-json\/wp\/v2\/posts\/10373\/revisions"}],"predecessor-version":[{"id":16812,"href":"https:\/\/www.lashistorias.com.mx\/index.php\/wp-json\/wp\/v2\/posts\/10373\/revisions\/16812"}],"wp:featuredmedia":[{"embeddable":true,"href":"https:\/\/www.lashistorias.com.mx\/index.php\/wp-json\/wp\/v2\/media\/10374"}],"wp:attachment":[{"href":"https:\/\/www.lashistorias.com.mx\/index.php\/wp-json\/wp\/v2\/media?parent=10373"}],"wp:term":[{"taxonomy":"category","embeddable":true,"href":"https:\/\/www.lashistorias.com.mx\/index.php\/wp-json\/wp\/v2\/categories?post=10373"},{"taxonomy":"post_tag","embeddable":true,"href":"https:\/\/www.lashistorias.com.mx\/index.php\/wp-json\/wp\/v2\/tags?post=10373"}],"curies":[{"name":"wp","href":"https:\/\/api.w.org\/{rel}","templated":true}]}}