{"id":10303,"date":"2013-07-17T22:36:55","date_gmt":"2013-07-18T03:36:55","guid":{"rendered":"http:\/\/www.lashistorias.com.mx\/?p=10303"},"modified":"2016-10-26T10:19:45","modified_gmt":"2016-10-26T15:19:45","slug":"la-ciudad-imaginada-nightmare-mix","status":"publish","type":"post","link":"https:\/\/www.lashistorias.com.mx\/index.php\/la-ciudad-imaginada-nightmare-mix\/","title":{"rendered":"La ciudad imaginada (Nightmare Mix)"},"content":{"rendered":"<h4><strong>Cuentos. Lima, Casatomada, 2013<\/strong><\/h4>\n<p><a ref=\"magnificPopup\" href=\"https:\/\/www.lashistorias.com.mx\/wp-content\/uploads\/2013\/07\/La-ciudad-imaginada-PRENSA.jpg\"><img loading=\"lazy\" decoding=\"async\" data-attachment-id=\"10307\" data-permalink=\"https:\/\/www.lashistorias.com.mx\/index.php\/la-ciudad-imaginada-nightmare-mix\/la-ciudad-imaginada-prensa\/\" data-orig-file=\"https:\/\/www.lashistorias.com.mx\/wp-content\/uploads\/2013\/07\/La-ciudad-imaginada-PRENSA.jpg\" data-orig-size=\"1749,2483\" data-comments-opened=\"1\" data-image-meta=\"{&quot;aperture&quot;:&quot;0&quot;,&quot;credit&quot;:&quot;&quot;,&quot;camera&quot;:&quot;&quot;,&quot;caption&quot;:&quot;&quot;,&quot;created_timestamp&quot;:&quot;0&quot;,&quot;copyright&quot;:&quot;&quot;,&quot;focal_length&quot;:&quot;0&quot;,&quot;iso&quot;:&quot;0&quot;,&quot;shutter_speed&quot;:&quot;0&quot;,&quot;title&quot;:&quot;&quot;}\" data-image-title=\"La ciudad imaginada &amp;#8211; Nightmare Mix\" data-image-description=\"\" data-image-caption=\"\" data-large-file=\"https:\/\/www.lashistorias.com.mx\/wp-content\/uploads\/2013\/07\/La-ciudad-imaginada-PRENSA-721x1024.jpg\" class=\"alignright size-medium wp-image-10307\" src=\"https:\/\/www.lashistorias.com.mx\/wp-content\/uploads\/2013\/07\/La-ciudad-imaginada-PRENSA-211x300.jpg\" alt=\"La ciudad imaginada - Nightmare Mix\" width=\"211\" height=\"300\" srcset=\"https:\/\/www.lashistorias.com.mx\/wp-content\/uploads\/2013\/07\/La-ciudad-imaginada-PRENSA-211x300.jpg 211w, https:\/\/www.lashistorias.com.mx\/wp-content\/uploads\/2013\/07\/La-ciudad-imaginada-PRENSA-721x1024.jpg 721w, https:\/\/www.lashistorias.com.mx\/wp-content\/uploads\/2013\/07\/La-ciudad-imaginada-PRENSA.jpg 1749w\" sizes=\"auto, (max-width: 211px) 100vw, 211px\" \/><\/a>\u00c9sta es una nueva edici\u00f3n de <em>La ciudad imaginada<\/em>, una colecci\u00f3n de cuentos inicialmente publicada en M\u00e9xico en 2009. Algunos textos se agregan o se modifican, y otros (pocos) se eliminan: el conjunto es m\u00e1s extenso que en su primera aparici\u00f3n y m\u00e1s cercano a la aspiraci\u00f3n de crear no tanto una imagen o una historia de la Ciudad \u2013como abstracci\u00f3n o ideal\u2013 sino m\u00e1s bien una ciudad de historias, en la que los espacios cotidianos se abren a lo extraordinario y las vidas diarias se vuelven incre\u00edbles o siniestras. El lector encontrar\u00e1, as\u00ed, una urbe que se revela como la carne de quienes la habitan; un tel\u00e9fono celular que comunica a un hombre consigo mismo o con su otro yo; una mesa con mar; un ni\u00f1o que descubre el mundo que s\u00f3lo se ve con los ojos cerrados; veinte historias de robots y siete de sirenas; el apocalipsis zombi de Roberto Bola\u00f1o; un par de conjurados que utilizan la red con fines perversos; una vieja leyenda urbana que cobra vida en la noche m\u00e1s negra de una pareja. Y mucho m\u00e1s.<\/p>\n<blockquote><p>Digamos que es probable que alguien \u2013un amigo previsor\u2013 le haya hablado antes acerca de Alberto Chimal, e incluso que usted lo haya le\u00eddo, o que, en un gesto de arrebato fant\u00e1stico, Alberto Chimal \u2013ese viajero en el tiempo, ese mago virtuoso\u2013 haya sido su anfitri\u00f3n en una tierra paralela.<br \/>\nEste libro \u2013<em>La ciudad imaginada<\/em>\u2013 es su oportunidad para comprobar si se ha topado o no con \u00e9l, si lo ha le\u00eddo, o si, en definitiva, Alberto Chimal ha sido su anfitri\u00f3n en otro tiempo y otro espacio. Yo que usted no dejar\u00eda pasar una ocasi\u00f3n tan importante. Despu\u00e9s de todo, \u00bfcu\u00e1ntas veces ha estado usted ante La ciudad imaginada? (Salvador Luis \/ <em>Specimens Mag<\/em>)<\/p>\n<p>Cada uno de estos cuentos esconde algo siniestro y esta suerte de elegante maldici\u00f3n convierte a su autor en un notable heredero del cuento moderno tal como Chejov lo inaugura. No exagero al afirmar que, con <em>La ciudad imaginada<\/em> (&#8230;) Alberto Chimal agrega una pieza fundamental a su obra cuent\u00edstica que, reunida, pertenece ya a una estirpe incomparable en la que se encuentran libros unidos por el extra\u00f1amiento y por la belleza como <em>Las ciudades invisibles<\/em> de Italo Calvino, <em>Historias de Cronopios y de Famas<\/em> de Julio Cort\u00e1zar, o <em>Confabulario<\/em> de Juan Jos\u00e9 Arreola. As\u00ed de entra\u00f1able y perturbador. Lo que Alberto Chimal est\u00e1 construyendo es una ciudad que despu\u00e9s de haberla visitado nos acompa\u00f1ar\u00e1 siempre en donde quiera que estemos. (Fernando de Le\u00f3n \/ <em>Cr\u00edtica<\/em>)<\/p>\n<p>Varios de los cuentos reci\u00e9n llegados a esta colecci\u00f3n tal vez le dar\u00e1n al menos un aire de estaci\u00f3n de autobuses en un d\u00eda muy atareado: de enclave de viajeros que se re\u00fanen por un momento y luego se internan por las calles locales (por las vidas secretas de los lectores) o bien se van, siempre m\u00e1s lejos, qui\u00e9n sabe a d\u00f3nde. (Alberto Chimal \/ de su nota final al <em>Nightmare Mix<\/em>)<\/p><\/blockquote>\n<h4>Muestras disponibles en l\u00ednea<\/h4>\n<ul>\n<li><a href=\"https:\/\/www.lashistorias.com.mx\/index.php\/textos\/mogo\/\">\u00abMogo\u00bb<\/a> y <a href=\"https:\/\/www.lashistorias.com.mx\/index.php\/textos\/mesa-con-mar\/\">\u00abMesa con mar\u00bb<\/a>, cuentos alojados en Las Historias.<\/li>\n<li><a href=\"http:\/\/muno.mx\/content\/view\/72\/51\/lang,es\/\">\u00ab20 de robots\u00bb<\/a>, minificciones en el sitio del No-Museo de Arte Contempor\u00e1neo<\/li>\n<\/ul>\n<p><a name=\"notas\"><\/a><\/p>\n<h4>Notas sobre <em>La ciudad imaginada &#8211; Nightmare Mix<\/em><\/h4>\n<ul>\n<li><a href=\"http:\/\/specimens-mag.com\/2013\/07\/lo-nuevo-es-inflamable-4\/\">Primer aviso<\/a> en Specimens Mag.<\/li>\n<li><a href=\"http:\/\/eltonhonores.blogspot.mx\/2013\/07\/alberto-chimal-la-ciudad-imaginada.html\">Rese\u00f1a<\/a> de Elton Honores.<\/li>\n<li><a href=\"http:\/\/buensalvaje.com\/2013\/09\/13\/la-ciudad-imaginada-nightmaremix\/\">Rese\u00f1a<\/a> de Alexis Iparaguirre en la revista <em>Buensalvaje<\/em>.<\/li>\n<\/ul>\n","protected":false},"excerpt":{"rendered":"<p>Cuentos. Lima, Casatomada, 2013<\/p>\n","protected":false},"author":2,"featured_media":10307,"comment_status":"open","ping_status":"open","sticky":false,"template":"","format":"standard","meta":{"advanced_seo_description":"","jetpack_seo_html_title":"","jetpack_seo_noindex":false,"jetpack_post_was_ever_published":false,"_jetpack_newsletter_access":"","_jetpack_dont_email_post_to_subs":true,"_jetpack_newsletter_tier_id":0,"_jetpack_memberships_contains_paywalled_content":false,"_jetpack_memberships_contains_paid_content":false,"footnotes":"","jetpack_publicize_message":"Primer aviso: ya est\u00e1 llegando \"La ciudad imaginada (Nightmare Mix)\". http:\/\/wp.me\/pjEhq-2Gb","jetpack_publicize_feature_enabled":true,"jetpack_social_post_already_shared":true,"jetpack_social_options":{"image_generator_settings":{"template":"highway","default_image_id":0,"font":"","enabled":false},"version":2}},"categories":[13],"tags":[],"class_list":["post-10303","post","type-post","status-publish","format-standard","has-post-thumbnail","hentry","category-publicaciones"],"jetpack_publicize_connections":[],"jetpack_featured_media_url":"https:\/\/www.lashistorias.com.mx\/wp-content\/uploads\/2013\/07\/La-ciudad-imaginada-PRENSA.jpg","jetpack_shortlink":"https:\/\/wp.me\/pjEhq-2Gb","jetpack_sharing_enabled":true,"_links":{"self":[{"href":"https:\/\/www.lashistorias.com.mx\/index.php\/wp-json\/wp\/v2\/posts\/10303","targetHints":{"allow":["GET"]}}],"collection":[{"href":"https:\/\/www.lashistorias.com.mx\/index.php\/wp-json\/wp\/v2\/posts"}],"about":[{"href":"https:\/\/www.lashistorias.com.mx\/index.php\/wp-json\/wp\/v2\/types\/post"}],"author":[{"embeddable":true,"href":"https:\/\/www.lashistorias.com.mx\/index.php\/wp-json\/wp\/v2\/users\/2"}],"replies":[{"embeddable":true,"href":"https:\/\/www.lashistorias.com.mx\/index.php\/wp-json\/wp\/v2\/comments?post=10303"}],"version-history":[{"count":21,"href":"https:\/\/www.lashistorias.com.mx\/index.php\/wp-json\/wp\/v2\/posts\/10303\/revisions"}],"predecessor-version":[{"id":11418,"href":"https:\/\/www.lashistorias.com.mx\/index.php\/wp-json\/wp\/v2\/posts\/10303\/revisions\/11418"}],"wp:featuredmedia":[{"embeddable":true,"href":"https:\/\/www.lashistorias.com.mx\/index.php\/wp-json\/wp\/v2\/media\/10307"}],"wp:attachment":[{"href":"https:\/\/www.lashistorias.com.mx\/index.php\/wp-json\/wp\/v2\/media?parent=10303"}],"wp:term":[{"taxonomy":"category","embeddable":true,"href":"https:\/\/www.lashistorias.com.mx\/index.php\/wp-json\/wp\/v2\/categories?post=10303"},{"taxonomy":"post_tag","embeddable":true,"href":"https:\/\/www.lashistorias.com.mx\/index.php\/wp-json\/wp\/v2\/tags?post=10303"}],"curies":[{"name":"wp","href":"https:\/\/api.w.org\/{rel}","templated":true}]}}