{"id":10147,"date":"2013-05-08T15:06:58","date_gmt":"2013-05-08T20:06:58","guid":{"rendered":"http:\/\/www.lashistorias.com.mx\/?p=10147"},"modified":"2016-10-26T10:19:51","modified_gmt":"2016-10-26T15:19:51","slug":"pregunte-usted-la-torre-y-el-jardin-en-ebook-y-podcast","status":"publish","type":"post","link":"https:\/\/www.lashistorias.com.mx\/index.php\/pregunte-usted-la-torre-y-el-jardin-en-ebook-y-podcast\/","title":{"rendered":"Pregunte usted: <em>La torre y el jard\u00edn<\/em> en ebook y podcast"},"content":{"rendered":"<p>Por fin, despu\u00e9s de alg\u00fan tiempo de espera, est\u00e1 por lanzarse la versi\u00f3n en <em>ebook<\/em> de mi novela <em><a href=\"https:\/\/www.lashistorias.com.mx\/index.php\/archivo\/la-torre-y-el-jardin\/\">La torre y el jard\u00edn<\/a><\/em>. No puedo contar todav\u00eda todo lo que suceder\u00e1 alrededor del lanzamiento, pero s\u00ed puedo invitarlos: haremos un podcast sobre el libro y necesitamos que sus lectores, o quienes pudieran estar interesados en serlo, participen.<br \/>\n&nbsp;&nbsp;&nbsp;&nbsp;&nbsp;&nbsp;\u00bfC\u00f3mo participar? Enviando preguntas, comentarios, cualquier cuesti\u00f3n acerca de la novela que les parezca pertinente. Pueden escribirlas aqu\u00ed mismo, como comentarios de esta nota, o bien en Twitter (con la etiqueta <a href=\"https:\/\/twitter.com\/search\/realtime?q=%23LaTorreYElJard%C3%ADn&#038;src=hash\">#LaTorreYElJard\u00edn<\/a>) o en <a href=\"http:\/\/www.facebook.com\/photo.php?fbid=611446745533945&#038;set=a.282041355141154.81623.281860881825868&#038;type=1&#038;theater\">Facebook<\/a>.<br \/>\n&nbsp;&nbsp;&nbsp;&nbsp;&nbsp;&nbsp;Se har\u00e1 una selecci\u00f3n de las preguntas y yo las responder\u00e9 en una grabaci\u00f3n que estar\u00e1 en l\u00ednea en los d\u00edas por venir, precisamente para acompa\u00f1ar la aparici\u00f3n del libro electr\u00f3nico.<br \/>\n&nbsp;&nbsp;&nbsp;&nbsp;&nbsp;&nbsp;De antemano agradezco su participaci\u00f3n y les aviso: adem\u00e1s del podcast habr\u00e1 m\u00e1s sorpresas. Hasta muy pronto&#8230;<\/p>\n<p><a ref=\"magnificPopup\" href=\"https:\/\/www.lashistorias.com.mx\/wp-content\/uploads\/2013\/05\/ebook-LTYEJ.jpg\"><img loading=\"lazy\" decoding=\"async\" data-attachment-id=\"10148\" data-permalink=\"https:\/\/www.lashistorias.com.mx\/index.php\/pregunte-usted-la-torre-y-el-jardin-en-ebook-y-podcast\/ebook-ltyej\/\" data-orig-file=\"https:\/\/www.lashistorias.com.mx\/wp-content\/uploads\/2013\/05\/ebook-LTYEJ.jpg\" data-orig-size=\"1150,1027\" data-comments-opened=\"1\" data-image-meta=\"{&quot;aperture&quot;:&quot;0&quot;,&quot;credit&quot;:&quot;&quot;,&quot;camera&quot;:&quot;&quot;,&quot;caption&quot;:&quot;&quot;,&quot;created_timestamp&quot;:&quot;0&quot;,&quot;copyright&quot;:&quot;&quot;,&quot;focal_length&quot;:&quot;0&quot;,&quot;iso&quot;:&quot;0&quot;,&quot;shutter_speed&quot;:&quot;0&quot;,&quot;title&quot;:&quot;&quot;}\" data-image-title=\"La Torre y el Jard\u00edn\" data-image-description=\"\" data-image-caption=\"\" data-large-file=\"https:\/\/www.lashistorias.com.mx\/wp-content\/uploads\/2013\/05\/ebook-LTYEJ-1024x914.jpg\" src=\"https:\/\/www.lashistorias.com.mx\/wp-content\/uploads\/2013\/05\/ebook-LTYEJ-300x267.jpg\" alt=\"La Torre y el Jard\u00edn\" width=\"300\" height=\"267\" class=\"aligncenter size-medium wp-image-10148\" srcset=\"https:\/\/www.lashistorias.com.mx\/wp-content\/uploads\/2013\/05\/ebook-LTYEJ-300x267.jpg 300w, https:\/\/www.lashistorias.com.mx\/wp-content\/uploads\/2013\/05\/ebook-LTYEJ-1024x914.jpg 1024w, https:\/\/www.lashistorias.com.mx\/wp-content\/uploads\/2013\/05\/ebook-LTYEJ.jpg 1150w\" sizes=\"auto, (max-width: 300px) 100vw, 300px\" \/><\/a><\/p>\n","protected":false},"excerpt":{"rendered":"<p>Por fin, despu\u00e9s de alg\u00fan tiempo de espera, est\u00e1 por lanzarse la versi\u00f3n en ebook de mi novela La torre y el jard\u00edn. No puedo contar todav\u00eda todo lo que suceder\u00e1 alrededor del lanzamiento, pero s\u00ed puedo invitarlos: haremos un podcast sobre el libro y necesitamos que sus lectores, o quienes pudieran estar interesados en&#8230;<\/p>\n","protected":false},"author":1,"featured_media":10148,"comment_status":"open","ping_status":"open","sticky":false,"template":"","format":"standard","meta":{"advanced_seo_description":"","jetpack_seo_html_title":"","jetpack_seo_noindex":false,"jetpack_post_was_ever_published":false,"_jetpack_newsletter_access":"","_jetpack_dont_email_post_to_subs":true,"_jetpack_newsletter_tier_id":0,"_jetpack_memberships_contains_paywalled_content":false,"_jetpack_memberships_contains_paid_content":false,"footnotes":"","jetpack_publicize_message":"Los invito: ya viene la versi\u00f3n en ebook de \"La torre y el jard\u00edn\" y haremos un podcast sobre la novela, con la participaci\u00f3n de quien desee participar. Los detalles, aqu\u00ed.","jetpack_publicize_feature_enabled":true,"jetpack_social_post_already_shared":true,"jetpack_social_options":{"image_generator_settings":{"template":"highway","default_image_id":0,"font":"","enabled":false},"version":2}},"categories":[3],"tags":[21,2207,2544,2051,2855,10,1281],"class_list":["post-10147","post","type-post","status-publish","format-standard","has-post-thumbnail","hentry","category-lo-nuevo","tag-convocatorias","tag-ebook","tag-la-torre-y-el-jardin","tag-libros-electronicos","tag-literatura","tag-novela","tag-podcast"],"jetpack_publicize_connections":[],"jetpack_featured_media_url":"https:\/\/www.lashistorias.com.mx\/wp-content\/uploads\/2013\/05\/ebook-LTYEJ.jpg","jetpack_shortlink":"https:\/\/wp.me\/pjEhq-2DF","jetpack_sharing_enabled":true,"_links":{"self":[{"href":"https:\/\/www.lashistorias.com.mx\/index.php\/wp-json\/wp\/v2\/posts\/10147","targetHints":{"allow":["GET"]}}],"collection":[{"href":"https:\/\/www.lashistorias.com.mx\/index.php\/wp-json\/wp\/v2\/posts"}],"about":[{"href":"https:\/\/www.lashistorias.com.mx\/index.php\/wp-json\/wp\/v2\/types\/post"}],"author":[{"embeddable":true,"href":"https:\/\/www.lashistorias.com.mx\/index.php\/wp-json\/wp\/v2\/users\/1"}],"replies":[{"embeddable":true,"href":"https:\/\/www.lashistorias.com.mx\/index.php\/wp-json\/wp\/v2\/comments?post=10147"}],"version-history":[{"count":3,"href":"https:\/\/www.lashistorias.com.mx\/index.php\/wp-json\/wp\/v2\/posts\/10147\/revisions"}],"predecessor-version":[{"id":10151,"href":"https:\/\/www.lashistorias.com.mx\/index.php\/wp-json\/wp\/v2\/posts\/10147\/revisions\/10151"}],"wp:featuredmedia":[{"embeddable":true,"href":"https:\/\/www.lashistorias.com.mx\/index.php\/wp-json\/wp\/v2\/media\/10148"}],"wp:attachment":[{"href":"https:\/\/www.lashistorias.com.mx\/index.php\/wp-json\/wp\/v2\/media?parent=10147"}],"wp:term":[{"taxonomy":"category","embeddable":true,"href":"https:\/\/www.lashistorias.com.mx\/index.php\/wp-json\/wp\/v2\/categories?post=10147"},{"taxonomy":"post_tag","embeddable":true,"href":"https:\/\/www.lashistorias.com.mx\/index.php\/wp-json\/wp\/v2\/tags?post=10147"}],"curies":[{"name":"wp","href":"https:\/\/api.w.org\/{rel}","templated":true}]}}