{"id":10115,"date":"2013-04-12T18:30:59","date_gmt":"2013-04-12T23:30:59","guid":{"rendered":"http:\/\/www.lashistorias.com.mx\/?p=10115"},"modified":"2016-10-26T10:19:54","modified_gmt":"2016-10-26T15:19:54","slug":"varias-invitaciones","status":"publish","type":"post","link":"https:\/\/www.lashistorias.com.mx\/index.php\/varias-invitaciones\/","title":{"rendered":"Varias invitaciones"},"content":{"rendered":"<p>&#8230;a <a href=\"#curso\">cursos en Le\u00f3n y en la ciudad de M\u00e9xico<\/a>, <a href=\"#presentaciones\">presentaciones<\/a> de <em>La torre y el jard\u00edn<\/em> en San Luis Potos\u00ed, Quer\u00e9taro, Toluca y Xalapa, y a un par de <a href=\"#sitiosweb\">sitios web<\/a>:<\/p>\n<p><a name=\"curso\"><\/a><strong>1. Los cursos.<\/strong> De hecho, son cursos-taller, uno en Le\u00f3n el 4 y 5 de mayo y otro en la ciudad de M\u00e9xico del 22 al 25 de abril.<br \/>\na) En la <a href=\"http:\/\/www.fenal.mx\/\">Feria Nacional del Libro de Le\u00f3n<\/a> (FeNal) dar\u00e9 un curso de escritura en red: \u00abTaller de escritura m\u00ednima\u00bb. Ser\u00e1 el s\u00e1bado 4 de mayo, de 16:00 a 18:00 horas, y el domingo 5 de mayo, de 11:00 a 13:00 horas. Se pueden obtener todos los informes desde el sitio de la Feria.<\/p>\n<p>b) Como el a\u00f1o pasado, este 2013 dar\u00e9 un curso-taller gratuito de Literatura de Imaginaci\u00f3n en la Librer\u00eda Octavio Paz del Fondo de Cultura Econ\u00f3mica, en la ciudad de M\u00e9xico. Las inscripciones est\u00e1n abiertas desde ahora y las sesiones ser\u00e1n del lunes 22 al jueves 25 de abril, de 18:00 a 20:00 horas. M\u00e1s detalles:<\/p>\n<blockquote><p><em>Sede:<\/em> Librer\u00eda Octavio Paz del Fondo de Cultura Econ\u00f3mica (Miguel \u00c1ngel de Quevedo 115, Col. Chimalistac; muy cerca del metro Miguel \u00c1ngel de Quevedo)<\/p>\n<p><em>Mec\u00e1nica de trabajo:<\/em> durante las sesiones se alternar\u00e1 entre porciones te\u00f3ricas, en las que se expondr\u00e1n los fundamentos de la literatura fant\u00e1stica a partir de textos escogidos de grandes autores, y porciones pr\u00e1cticas, donde se llevar\u00e1n a cabo ejercicios creativos orientados a la creaci\u00f3n fant\u00e1stica.<\/p>\n<p><em>Contenido tem\u00e1tico:<\/em><\/p>\n<p>1. \u00bfQu\u00e9 es la literatura fant\u00e1stica? Su origen y sus (muchas) definiciones.<\/p>\n<p>2. \u00bfQu\u00e9 sentido tiene escribir semejantes historias? La imaginaci\u00f3n y el discurso fant\u00e1stico.<\/p>\n<p>3. De lo cl\u00e1sico a lo contempor\u00e1neo: c\u00f3mo se transforma la literatura de imaginaci\u00f3n.\u00e7<\/p>\n<p>4. Corrientes populares:horror sobrenatural, fantas\u00eda \u00e9pica, ciencia ficci\u00f3n y otras.<\/p>\n<p>5. La literatura de imaginaci\u00f3n en M\u00e9xico.<\/p><\/blockquote>\n<p>Para inscribirse es necesario solicitar un formulario de inscripci\u00f3n a la direcci\u00f3n de correo <a href=\"mailto:depto.relacionespublicas@fondodeculturaeconomica.com\">depto.relacionespublicas@fondodeculturaeconomica.com<\/a>. Hay m\u00e1s datos todav\u00eda en el cartel que se ve a continuaci\u00f3n:<\/p>\n[fusion_builder_container hundred_percent=\u00bbyes\u00bb overflow=\u00bbvisible\u00bb][fusion_builder_row][fusion_builder_column type=\u00bb1_1&#8243; background_position=\u00bbleft top\u00bb background_color=\u00bb\u00bb border_size=\u00bb\u00bb border_color=\u00bb\u00bb border_style=\u00bbsolid\u00bb spacing=\u00bbyes\u00bb background_image=\u00bb\u00bb background_repeat=\u00bbno-repeat\u00bb padding=\u00bb\u00bb margin_top=\u00bb0px\u00bb margin_bottom=\u00bb0px\u00bb class=\u00bb\u00bb id=\u00bb\u00bb animation_type=\u00bb\u00bb animation_speed=\u00bb0.3&#8243; animation_direction=\u00bbleft\u00bb hide_on_mobile=\u00bbno\u00bb center_content=\u00bbno\u00bb min_height=\u00bbnone\u00bb]<figure id=\"attachment_10117\" aria-describedby=\"caption-attachment-10117\" style=\"width: 194px\" class=\"wp-caption aligncenter\"><a ref=\"magnificPopup\" href=\"https:\/\/www.lashistorias.com.mx\/wp-content\/uploads\/2013\/04\/TallerFantas\u00eda.jpg\"><img loading=\"lazy\" decoding=\"async\" data-attachment-id=\"10117\" data-permalink=\"https:\/\/www.lashistorias.com.mx\/index.php\/varias-invitaciones\/tallerfantasia\/\" data-orig-file=\"https:\/\/www.lashistorias.com.mx\/wp-content\/uploads\/2013\/04\/TallerFantas\u00eda.jpg\" data-orig-size=\"1012,1564\" data-comments-opened=\"1\" data-image-meta=\"{&quot;aperture&quot;:&quot;0&quot;,&quot;credit&quot;:&quot;&quot;,&quot;camera&quot;:&quot;&quot;,&quot;caption&quot;:&quot;&quot;,&quot;created_timestamp&quot;:&quot;0&quot;,&quot;copyright&quot;:&quot;&quot;,&quot;focal_length&quot;:&quot;0&quot;,&quot;iso&quot;:&quot;0&quot;,&quot;shutter_speed&quot;:&quot;0&quot;,&quot;title&quot;:&quot;&quot;}\" data-image-title=\"Programa del curso-taller\" data-image-description=\"\" data-image-caption=\"&lt;p&gt;(clic para ampliar)&lt;\/p&gt;\n\" data-large-file=\"https:\/\/www.lashistorias.com.mx\/wp-content\/uploads\/2013\/04\/TallerFantas\u00eda-662x1024.jpg\" src=\"https:\/\/www.lashistorias.com.mx\/wp-content\/uploads\/2013\/04\/TallerFantas\u00eda-194x300.jpg\" alt=\"(clic para ampliar)\" width=\"194\" height=\"300\" class=\"size-medium wp-image-10117\" srcset=\"https:\/\/www.lashistorias.com.mx\/wp-content\/uploads\/2013\/04\/TallerFantas\u00eda-194x300.jpg 194w, https:\/\/www.lashistorias.com.mx\/wp-content\/uploads\/2013\/04\/TallerFantas\u00eda-662x1024.jpg 662w, https:\/\/www.lashistorias.com.mx\/wp-content\/uploads\/2013\/04\/TallerFantas\u00eda.jpg 1012w\" sizes=\"auto, (max-width: 194px) 100vw, 194px\" \/><\/a><figcaption id=\"caption-attachment-10117\" class=\"wp-caption-text\">(clic para ampliar)<\/figcaption><\/figure>\n<div align=center>* * *<\/div>\n<p><a name=\"presentaciones\"><\/a><strong>2. Las presentaciones<\/strong>. <em><a href=\"https:\/\/www.lashistorias.com.mx\/index.php\/archivo\/la-torre-y-el-jardin\/\">La torre y el jard\u00edn<\/a><\/em> sigue todav\u00eda promovi\u00e9ndose por el pa\u00eds, y lo que resta de abril habr\u00e1 cuatro presentaciones en otras tantas ciudades: <\/p>\n<p>a) El domingo 21 de abril, en San Luis Potos\u00ed, en la <a href=\"http:\/\/www.uaslp.mx\/Spanish\/Institucional\/FeriaNacionalLibro\/Paginas\/default.aspx\">Feria Nacional del Libro<\/a> de esa ciudad. La cita es a las 12:00 horas en el Patio de la Autonom\u00eda del Edificio Central de la Universidad Aut\u00f3noma de San Luis Potos\u00ed (\u00c1lvaro Obreg\u00f3n 64, Centro).<\/p>\n<p>b) El martes 23 de abril, en Toluca, en la <a href=\"http:\/\/diariodetoluca.mx\/index.php\/socialite-articulos\/19061-con-grandes-expectativas--%20%20%20%20%20%20%20%20%20espera-publico-mexiquense-la----feria-estatal-del-libro\">Feria Estatal del Libro<\/a>. La cita es a las 12:00 del d\u00eda en el Centro Cultural Mexiquense, situado en Bulevar Jes\u00fas Reyes Heroles No. 302, San Buenaventura, al lado del Tecnol\u00f3gico de Monterrey.<\/p>\n<p>c) El s\u00e1bado 27 de abril, en Quer\u00e9taro, dentro del encuentro \u00ab<a href=\"https:\/\/www.lashistorias.com.mx\/index.php\/archivo\/invitacion-libros-conferencias-y-tuiteratura-en-queretaro\/\">Twitteratura en tonos barrocos<\/a>\u00ab.<\/p>\n<p>d) Y, por \u00faltimo, el lunes 29 de abril, en Xalapa, en la <a href=\"http:\/\/www.uv.mx\/filu\/\">Feria Internacional del Libro Universitario<\/a>. (Hac\u00eda a\u00f1os que ten\u00eda intenciones de ir y por fin suceder\u00e1.) La cita es a las 19:30 en la Galer\u00eda de Artes Pl\u00e1sticas, Unidad de Artes. <a href=\"http:\/\/www.uv.mx\/filu\/como-llegar\/\">Aqu\u00ed se ve c\u00f3mo llegar<\/a>.<\/p>\n<div align=center>* * *<\/div>\n<p><a name=\"sitiosweb\"><\/a><strong>3. Los sitios web<\/strong>.<\/p>\n<p>a) La revista <em>El Asombrario<\/em> me incluy\u00f3 en <a href=\"http:\/\/elasombrario.com\/2013\/04\/12\/cuatro-autores-marcados-por-poderosas-lecturas-adolescentes\/\">un perfil de cuatro escritores hispanoamericanos<\/a> marcados por sus lecturas de adolescencia; Germ\u00e1n Sierra, Jenn D\u00edaz, Liliana Colanzi y yo respondimos a <a href=\"https:\/\/twitter.com\/arenqliterario\">Sardiflor<\/a> sobre nuestros libros favoritos, y ella complet\u00f3 los perfiles con una investigaci\u00f3n acuciosa. Creo que es un art\u00edculo excelente, muy ameno e informado.<\/p>\n<p><img loading=\"lazy\" decoding=\"async\" data-attachment-id=\"10119\" data-permalink=\"https:\/\/www.lashistorias.com.mx\/index.php\/varias-invitaciones\/portada-arqueologia\/\" data-orig-file=\"https:\/\/www.lashistorias.com.mx\/wp-content\/uploads\/2013\/04\/portada-arqueologia.jpg\" data-orig-size=\"590,230\" data-comments-opened=\"1\" data-image-meta=\"{&quot;aperture&quot;:&quot;0&quot;,&quot;credit&quot;:&quot;&quot;,&quot;camera&quot;:&quot;&quot;,&quot;caption&quot;:&quot;&quot;,&quot;created_timestamp&quot;:&quot;0&quot;,&quot;copyright&quot;:&quot;&quot;,&quot;focal_length&quot;:&quot;0&quot;,&quot;iso&quot;:&quot;0&quot;,&quot;shutter_speed&quot;:&quot;0&quot;,&quot;title&quot;:&quot;&quot;}\" data-image-title=\"Portada del reportaje de El Asombrario\" data-image-description=\"\" data-image-caption=\"\" data-large-file=\"https:\/\/www.lashistorias.com.mx\/wp-content\/uploads\/2013\/04\/portada-arqueologia.jpg\" src=\"https:\/\/www.lashistorias.com.mx\/wp-content\/uploads\/2013\/04\/portada-arqueologia.jpg\" alt=\"Portada del reportaje de El Asombrario\" width=\"590\" height=\"230\" class=\"aligncenter size-full wp-image-10119\" srcset=\"https:\/\/www.lashistorias.com.mx\/wp-content\/uploads\/2013\/04\/portada-arqueologia.jpg 590w, https:\/\/www.lashistorias.com.mx\/wp-content\/uploads\/2013\/04\/portada-arqueologia-300x116.jpg 300w\" sizes=\"auto, (max-width: 590px) 100vw, 590px\" \/><\/p>\n<p>b) El blog del Proyecto Escritorio, de Jes\u00fas Ortega, est\u00e1 reuniendo notas de diversos escritores sobre sus espacios y h\u00e1bitos de trabajo, y ahora presenta <a href=\"http:\/\/proyectoescritoriojesusortega.blogspot.mx\/2013\/04\/alberto-chimal.html\">una nota m\u00eda sobre mi propio espacio<\/a>: las figuras a cada lado de la pantalla son efectivamente Jorge Luis Borges y un Dalek. Recientemente, <a href=\"http:\/\/cristinariveragarza.blogspot.mx\/2013_04_01_archive.html#7600722272747351892\">Cristina Rivera Garza<\/a> y <a href=\"http:\/\/www.letraslibres.com\/blogs\/el-grafolego\/el-cuerpo-y-la-palabra\">Jorge T\u00e9llez<\/a> han escrito sobre este proyecto, de los m\u00e1s interesantes de la red literaria en espa\u00f1ol.<\/p>\n<p><a ref=\"magnificPopup\" href=\"https:\/\/www.lashistorias.com.mx\/wp-content\/uploads\/2013\/04\/escritorioac.jpg\"><img loading=\"lazy\" decoding=\"async\" data-attachment-id=\"10121\" data-permalink=\"https:\/\/www.lashistorias.com.mx\/index.php\/varias-invitaciones\/escritorioac\/\" data-orig-file=\"https:\/\/www.lashistorias.com.mx\/wp-content\/uploads\/2013\/04\/escritorioac.jpg\" data-orig-size=\"1600,1200\" data-comments-opened=\"1\" data-image-meta=\"{&quot;aperture&quot;:&quot;0&quot;,&quot;credit&quot;:&quot;&quot;,&quot;camera&quot;:&quot;&quot;,&quot;caption&quot;:&quot;&quot;,&quot;created_timestamp&quot;:&quot;0&quot;,&quot;copyright&quot;:&quot;&quot;,&quot;focal_length&quot;:&quot;0&quot;,&quot;iso&quot;:&quot;0&quot;,&quot;shutter_speed&quot;:&quot;0&quot;,&quot;title&quot;:&quot;&quot;}\" data-image-title=\"Escritorio\" data-image-description=\"\" data-image-caption=\"\" data-large-file=\"https:\/\/www.lashistorias.com.mx\/wp-content\/uploads\/2013\/04\/escritorioac-1024x768.jpg\" src=\"https:\/\/www.lashistorias.com.mx\/wp-content\/uploads\/2013\/04\/escritorioac-300x225.jpg\" alt=\"Escritorio\" width=\"300\" height=\"225\" class=\"aligncenter size-medium wp-image-10121\" srcset=\"https:\/\/www.lashistorias.com.mx\/wp-content\/uploads\/2013\/04\/escritorioac-300x225.jpg 300w, https:\/\/www.lashistorias.com.mx\/wp-content\/uploads\/2013\/04\/escritorioac-1024x768.jpg 1024w, https:\/\/www.lashistorias.com.mx\/wp-content\/uploads\/2013\/04\/escritorioac.jpg 1600w\" sizes=\"auto, (max-width: 300px) 100vw, 300px\" \/><\/a>[\/fusion_builder_column][\/fusion_builder_row][\/fusion_builder_container]\n","protected":false},"excerpt":{"rendered":"<p>&#8230;a cursos en Le\u00f3n y en la ciudad de M\u00e9xico, presentaciones de La torre y el jard\u00edn en San Luis Potos\u00ed, Quer\u00e9taro, Toluca y Xalapa, y a un par de sitios web: 1. Los cursos. De hecho, son cursos-taller, uno en Le\u00f3n el 4 y 5 de mayo y otro en la ciudad de M\u00e9xico&#8230;<\/p>\n","protected":false},"author":1,"featured_media":10117,"comment_status":"open","ping_status":"open","sticky":false,"template":"","format":"standard","meta":{"advanced_seo_description":"","jetpack_seo_html_title":"","jetpack_seo_noindex":false,"jetpack_post_was_ever_published":false,"_jetpack_newsletter_access":"","_jetpack_dont_email_post_to_subs":true,"_jetpack_newsletter_tier_id":0,"_jetpack_memberships_contains_paywalled_content":false,"_jetpack_memberships_contains_paid_content":false,"footnotes":"","jetpack_publicize_message":"Invitaciones a cursos en DF y Le\u00f3n, presentaciones en Xalapa, Toluca, SLP y Quer\u00e9taro, y dos sitios web: http:\/\/wp.me\/pjEhq-2D9","jetpack_publicize_feature_enabled":true,"jetpack_social_post_already_shared":true,"jetpack_social_options":{"image_generator_settings":{"template":"highway","default_image_id":0,"font":"","enabled":false},"version":2}},"categories":[3],"tags":[1293,2861,2624,2621,2620,2544,2625,2464,2291,360,12,2619,2610,1406,2622,2612,2623],"class_list":["post-10115","post","type-post","status-publish","format-standard","has-post-thumbnail","hentry","category-lo-nuevo","tag-cristina-rivera-garza","tag-cursos-y-talleres","tag-feria-internacional-del-libro-universitario","tag-feria-nacional-del-libro","tag-jorge-tellez","tag-la-torre-y-el-jardin","tag-leon","tag-libreria-octavio-paz","tag-literatura-de-imaginacion","tag-literatura-fantastica","tag-presentaciones","tag-proyecto-escritorio","tag-queretaro","tag-san-luis-potosi","tag-toluca","tag-twitteratura-en-tonos-barrocos","tag-xalapa"],"jetpack_publicize_connections":[],"jetpack_featured_media_url":"https:\/\/www.lashistorias.com.mx\/wp-content\/uploads\/2013\/04\/TallerFantas\u00eda.jpg","jetpack_shortlink":"https:\/\/wp.me\/pjEhq-2D9","jetpack_sharing_enabled":true,"_links":{"self":[{"href":"https:\/\/www.lashistorias.com.mx\/index.php\/wp-json\/wp\/v2\/posts\/10115","targetHints":{"allow":["GET"]}}],"collection":[{"href":"https:\/\/www.lashistorias.com.mx\/index.php\/wp-json\/wp\/v2\/posts"}],"about":[{"href":"https:\/\/www.lashistorias.com.mx\/index.php\/wp-json\/wp\/v2\/types\/post"}],"author":[{"embeddable":true,"href":"https:\/\/www.lashistorias.com.mx\/index.php\/wp-json\/wp\/v2\/users\/1"}],"replies":[{"embeddable":true,"href":"https:\/\/www.lashistorias.com.mx\/index.php\/wp-json\/wp\/v2\/comments?post=10115"}],"version-history":[{"count":18,"href":"https:\/\/www.lashistorias.com.mx\/index.php\/wp-json\/wp\/v2\/posts\/10115\/revisions"}],"predecessor-version":[{"id":12580,"href":"https:\/\/www.lashistorias.com.mx\/index.php\/wp-json\/wp\/v2\/posts\/10115\/revisions\/12580"}],"wp:featuredmedia":[{"embeddable":true,"href":"https:\/\/www.lashistorias.com.mx\/index.php\/wp-json\/wp\/v2\/media\/10117"}],"wp:attachment":[{"href":"https:\/\/www.lashistorias.com.mx\/index.php\/wp-json\/wp\/v2\/media?parent=10115"}],"wp:term":[{"taxonomy":"category","embeddable":true,"href":"https:\/\/www.lashistorias.com.mx\/index.php\/wp-json\/wp\/v2\/categories?post=10115"},{"taxonomy":"post_tag","embeddable":true,"href":"https:\/\/www.lashistorias.com.mx\/index.php\/wp-json\/wp\/v2\/tags?post=10115"}],"curies":[{"name":"wp","href":"https:\/\/api.w.org\/{rel}","templated":true}]}}