{"id":557,"count":272,"description":"De 2005 a 2019, Las Historias organiz\u00f3 un concurso mensual de minificci\u00f3n (o microrrelato). Aqu\u00ed se pueden ver las convocatorias y los trabajos ganadores. El concurso dio origen a una antolog\u00eda, <em>Historias de Las Historias<\/em>, publicada en 2011 por Ediciones del Ermita\u00f1o.","link":"https:\/\/www.lashistorias.com.mx\/index.php\/temas\/concurso\/","name":"Concurso","slug":"concurso","taxonomy":"category","parent":0,"meta":[],"_links":{"self":[{"href":"https:\/\/www.lashistorias.com.mx\/index.php\/wp-json\/wp\/v2\/categories\/557","targetHints":{"allow":["GET"]}}],"collection":[{"href":"https:\/\/www.lashistorias.com.mx\/index.php\/wp-json\/wp\/v2\/categories"}],"about":[{"href":"https:\/\/www.lashistorias.com.mx\/index.php\/wp-json\/wp\/v2\/taxonomies\/category"}],"wp:post_type":[{"href":"https:\/\/www.lashistorias.com.mx\/index.php\/wp-json\/wp\/v2\/posts?categories=557"}],"curies":[{"name":"wp","href":"https:\/\/api.w.org\/{rel}","templated":true}]}}